{"id":6796,"date":"2026-09-04T10:30:50","date_gmt":"2026-09-04T13:30:50","guid":{"rendered":"https:\/\/colmedicosantafe1.org.ar\/?p=6796"},"modified":"2026-09-04T10:30:50","modified_gmt":"2026-09-04T13:30:50","slug":"%f0%9f%93%9c-webinario-imperdible-ley-nicolas-n-27-797-de-calidad-y-seguridad-sanitaria-implicancias-y-desafios-para-el-sistema-de-salud-argentino-%f0%9f%87%a6","status":"publish","type":"post","link":"https:\/\/colmedicosantafe1.org.ar\/?p=6796","title":{"rendered":"\ud83d\udcdc Webinario imperdible: \u201cLey Nicol\u00e1s N\u00b0 27.797 de Calidad y Seguridad Sanitaria \u2013 Implicancias y desaf\u00edos para el sistema de salud argentino\u201d \ud83c\udde6\ud83c\uddf7 | Lunes 21 de septiembre &#8211; 20hs"},"content":{"rendered":"\n<figure class=\"wp-block-image aligncenter size-full is-resized\" style=\"margin-top:0;margin-bottom:var(--wp--preset--spacing--20)\"><img loading=\"lazy\" decoding=\"async\" width=\"900\" height=\"600\" src=\"https:\/\/colmedicosantafe1.org.ar\/wp-content\/uploads\/2026\/09\/Ley-Nicolas.webp\" alt=\"\" class=\"wp-image-6797\" style=\"width:602px;height:auto\" srcset=\"https:\/\/colmedicosantafe1.org.ar\/wp-content\/uploads\/2026\/09\/Ley-Nicolas.webp 900w, https:\/\/colmedicosantafe1.org.ar\/wp-content\/uploads\/2026\/09\/Ley-Nicolas-300x200.webp 300w, https:\/\/colmedicosantafe1.org.ar\/wp-content\/uploads\/2026\/09\/Ley-Nicolas-768x512.webp 768w\" sizes=\"auto, (max-width: 900px) 100vw, 900px\" \/><\/figure>\n\n\n\n<div style=\"height:16px\" aria-hidden=\"true\" class=\"wp-block-spacer\"><\/div>\n\n\n\n<p class=\"wp-block-paragraph\">El Colegio de M\u00e9dicos invita a participar de un nuevo webinar titulado: <strong>\u201cLey Nicol\u00e1s: de Calidad y Seguridad Sanitaria\u201d<\/strong>. Ser\u00e1 un espacio de reflexi\u00f3n y aprendizaje sobre el impacto de esta normativa tanto para pacientes como para profesionales de la salud.<\/p>\n\n\n\n<div style=\"height:20px\" aria-hidden=\"true\" class=\"wp-block-spacer\"><\/div>\n\n\n\n<p class=\"wp-block-paragraph\">El Dr. <strong>Fabi\u00e1n V\u00edtolo<\/strong> es m\u00e9dico especialista en gesti\u00f3n de riesgos y seguridad del paciente y abordar\u00e1 el proceso de gestaci\u00f3n de la ley, sus principales implicancias y los aspectos clave que deben conocer los equipos de salud.&nbsp;<\/p>\n\n\n\n<div style=\"height:20px\" aria-hidden=\"true\" class=\"wp-block-spacer\"><\/div>\n\n\n\n<p class=\"wp-block-paragraph\"><strong>Detalles del evento:<\/strong> <\/p>\n\n\n\n<div style=\"height:10px\" aria-hidden=\"true\" class=\"wp-block-spacer\"><\/div>\n\n\n\n<p class=\"wp-block-paragraph\">\ud83d\uddd3 <strong>Fecha: Lunes 21 de septiembre<br>\u23f0 Hora: 20:00 hs<\/strong><br>\ud83d\udcbb Modalidad: Virtual (webinar)<\/p>\n\n\n\n<p class=\"wp-block-paragraph\">\ud83c\udd93 Actividad gratuita \u2013 Inscripci\u00f3n previa a trav\u00e9s del siguiente formulario:<\/p>\n\n\n\n<div style=\"height:25px\" aria-hidden=\"true\" class=\"wp-block-spacer\"><\/div>\n\n\n\n<div class=\"wp-block-buttons is-content-justification-center is-layout-flex wp-container-core-buttons-is-layout-0aa01211 wp-block-buttons-is-layout-flex\">\n<div class=\"wp-block-button is-style-fill\"><a class=\"wp-block-button__link has-background has-text-align-center wp-element-button\" href=\"https:\/\/us06web.zoom.us\/webinar\/register\/WN_hlVOHGouScSFp0p75NEA3Q\" style=\"background:linear-gradient(135deg,rgb(2,120,80) 0%,rgb(2,120,80) 100%)\" target=\"_blank\" rel=\"noopener\">Formulario de Inscripci\u00f3n<\/a><\/div>\n<\/div>\n\n\n\n<div style=\"height:25px\" aria-hidden=\"true\" class=\"wp-block-spacer\"><\/div>\n\n\n\n<p class=\"wp-block-paragraph\">\ud83c\udfaf <strong>O<\/strong><strong>bjetivos<\/strong><\/p>\n\n\n\n<div style=\"height:5px\" aria-hidden=\"true\" class=\"wp-block-spacer\"><\/div>\n\n\n\n<ul class=\"wp-block-list\">\n<li><strong>El origen y alcance de la Ley Nicol\u00e1s:<\/strong> recorrido hist\u00f3rico y pol\u00edtico, objetivos y principales innovaciones.<\/li>\n\n\n\n<li><strong>Los ejes estructurales de la normativa:<\/strong> obligaciones y responsabilidades para profesionales, instituciones y autoridades sanitarias.<\/li>\n\n\n\n<li><strong>Hacia la certificaci\u00f3n obligatoria:<\/strong> implicancias de la verificaci\u00f3n peri\u00f3dica de la aptitud profesional y de la capacitaci\u00f3n obligatoria en calidad y seguridad.<\/li>\n\n\n\n<li><strong>Impacto en las organizaciones de salud:<\/strong> principales barreras y facilitadores para su implementaci\u00f3n.<\/li>\n\n\n\n<li><strong>Los desaf\u00edos de la reglamentaci\u00f3n:<\/strong> qu\u00e9 aspectos deber\u00e1n definirse y cu\u00e1les son los escenarios posible<\/li>\n\n\n\n<li><strong>Preparaci\u00f3n ante los cambios:<\/strong> estrategias concretas para que instituciones y profesionales puedan avanzar de manera proactiva antes de la aprobaci\u00f3n del decreto reglamentario.<\/li>\n<\/ul>\n\n\n\n<div style=\"height:5px\" aria-hidden=\"true\" class=\"wp-block-spacer\"><\/div>\n\n\n\n<div style=\"height:20px\" aria-hidden=\"true\" class=\"wp-block-spacer\"><\/div>\n\n\n\n<p class=\"wp-block-paragraph\"><strong>\ud83d\udc65 \u00bfA qui\u00e9n est\u00e1 dirigido?<\/strong><\/p>\n\n\n\n<div style=\"height:5px\" aria-hidden=\"true\" class=\"wp-block-spacer\"><\/div>\n\n\n\n<p class=\"wp-block-paragraph\">La propuesta est\u00e1 dirigida a m\u00e9dicos y equipos de salud.<\/p>\n\n\n\n<div style=\"height:29px\" aria-hidden=\"true\" class=\"wp-block-spacer\"><\/div>\n\n\n\n<!--more-->\n\n\n\n<div style=\"height:24px\" aria-hidden=\"true\" class=\"wp-block-spacer\"><\/div>\n\n\n\n<div class=\"wp-block-media-text is-stacked-on-mobile is-vertically-aligned-top\" style=\"grid-template-columns:20% auto\"><figure class=\"wp-block-media-text__media\"><img loading=\"lazy\" decoding=\"async\" width=\"200\" height=\"265\" src=\"https:\/\/colmedicosantafe1.org.ar\/wp-content\/uploads\/2026\/06\/Dr_Vitolo.webp\" alt=\"\" class=\"wp-image-6469 size-full\"\/><\/figure><div class=\"wp-block-media-text__content\">\n<p class=\"wp-block-paragraph\"><strong>Disertante: \ud83d\udc68\u200d\u2695\ufe0f Dr. Fabi\u00e1n Vitolo<\/strong><\/p>\n\n\n\n<ul class=\"wp-block-list\">\n<li>M\u00e9dico especialista en <strong>gesti\u00f3n de riesgos y seguridad del paciente.<\/strong><\/li>\n\n\n\n<li>Director M\u00e9dico de <strong>NOBLE Seguros.<\/strong><\/li>\n\n\n\n<li>Director de la <strong>Diplomatura en Seguridad del Paciente y Atenci\u00f3n Centrada en la Persona<\/strong> (Universidad ISALUD).<\/li>\n\n\n\n<li>Profesor invitado en la Carrera de <strong>Especialista en Medicina Legal de la Universidad Cat\u00f3lica Argentina<\/strong> (UCA).<\/li>\n<\/ul>\n<\/div><\/div>\n\n\n\n<div style=\"height:30px\" aria-hidden=\"true\" class=\"wp-block-spacer\"><\/div>\n\n\n\n<p class=\"wp-block-paragraph\"><strong>Importante:<\/strong> <\/p>\n\n\n\n<div style=\"height:5px\" aria-hidden=\"true\" class=\"wp-block-spacer\"><\/div>\n\n\n\n<ul class=\"wp-block-list\">\n<li>La participaci\u00f3n en el evento es<strong> libre y gratuita.<\/strong><\/li>\n\n\n\n<li><strong>La emisi\u00f3n del diploma de asistencia es opcional, tiene un valor simb\u00f3lico equivalente a un estampillado y se entrega en hasta 10 d\u00edas h\u00e1biles.<\/strong><\/li>\n\n\n\n<li>Para solicitarlo, debe acreditar al menos el <strong>70%<\/strong> de la duraci\u00f3n total en l\u00ednea y enviar un WhatsApp al 342 528-9747, detallando su nombre, apellido y el evento espec\u00edfico al que asisti\u00f3.<\/li>\n<\/ul>\n","protected":false},"excerpt":{"rendered":"<p>El Colegio de M\u00e9dicos invita a participar de un nuevo webinar titulado: \u201cLey Nicol\u00e1s: de Calidad y Seguridad Sanitaria\u201d. Ser\u00e1 un espacio de reflexi\u00f3n y aprendizaje sobre el impacto de esta normativa tanto para pacientes como para profesionales de la salud. El Dr. Fabi\u00e1n V\u00edtolo es m\u00e9dico especialista en gesti\u00f3n de riesgos y seguridad del [&hellip;]<\/p>\n","protected":false},"author":1,"featured_media":6797,"comment_status":"open","ping_status":"open","sticky":false,"template":"wp-custom-template-webinarios","format":"standard","meta":{"_uag_custom_page_level_css":"","_jetpack_memberships_contains_paid_content":false,"footnotes":""},"categories":[12,29],"tags":[],"class_list":["post-6796","post","type-post","status-publish","format-standard","has-post-thumbnail","hentry","category-slider","category-webinarios"],"jetpack_sharing_enabled":true,"jetpack_featured_media_url":"https:\/\/colmedicosantafe1.org.ar\/wp-content\/uploads\/2026\/09\/Ley-Nicolas.webp","uagb_featured_image_src":{"full":["https:\/\/colmedicosantafe1.org.ar\/wp-content\/uploads\/2026\/09\/Ley-Nicolas.webp",900,600,false],"thumbnail":["https:\/\/colmedicosantafe1.org.ar\/wp-content\/uploads\/2026\/09\/Ley-Nicolas-150x150.webp",150,150,true],"medium":["https:\/\/colmedicosantafe1.org.ar\/wp-content\/uploads\/2026\/09\/Ley-Nicolas-300x200.webp",300,200,true],"medium_large":["https:\/\/colmedicosantafe1.org.ar\/wp-content\/uploads\/2026\/09\/Ley-Nicolas-768x512.webp",768,512,true],"large":["https:\/\/colmedicosantafe1.org.ar\/wp-content\/uploads\/2026\/09\/Ley-Nicolas.webp",900,600,false],"1536x1536":["https:\/\/colmedicosantafe1.org.ar\/wp-content\/uploads\/2026\/09\/Ley-Nicolas.webp",900,600,false],"2048x2048":["https:\/\/colmedicosantafe1.org.ar\/wp-content\/uploads\/2026\/09\/Ley-Nicolas.webp",900,600,false]},"uagb_author_info":{"display_name":"admin","author_link":"https:\/\/colmedicosantafe1.org.ar\/?author=1"},"uagb_comment_info":0,"uagb_excerpt":"El Colegio de M\u00e9dicos invita a participar de un nuevo webinar titulado: \u201cLey Nicol\u00e1s: de Calidad y Seguridad Sanitaria\u201d. Ser\u00e1 un espacio de reflexi\u00f3n y aprendizaje sobre el impacto de esta normativa tanto para pacientes como para profesionales de la salud. El Dr. Fabi\u00e1n V\u00edtolo es m\u00e9dico especialista en gesti\u00f3n de riesgos y seguridad del&hellip;","_links":{"self":[{"href":"https:\/\/colmedicosantafe1.org.ar\/index.php?rest_route=\/wp\/v2\/posts\/6796","targetHints":{"allow":["GET"]}}],"collection":[{"href":"https:\/\/colmedicosantafe1.org.ar\/index.php?rest_route=\/wp\/v2\/posts"}],"about":[{"href":"https:\/\/colmedicosantafe1.org.ar\/index.php?rest_route=\/wp\/v2\/types\/post"}],"author":[{"embeddable":true,"href":"https:\/\/colmedicosantafe1.org.ar\/index.php?rest_route=\/wp\/v2\/users\/1"}],"replies":[{"embeddable":true,"href":"https:\/\/colmedicosantafe1.org.ar\/index.php?rest_route=%2Fwp%2Fv2%2Fcomments&post=6796"}],"version-history":[{"count":2,"href":"https:\/\/colmedicosantafe1.org.ar\/index.php?rest_route=\/wp\/v2\/posts\/6796\/revisions"}],"predecessor-version":[{"id":6799,"href":"https:\/\/colmedicosantafe1.org.ar\/index.php?rest_route=\/wp\/v2\/posts\/6796\/revisions\/6799"}],"wp:featuredmedia":[{"embeddable":true,"href":"https:\/\/colmedicosantafe1.org.ar\/index.php?rest_route=\/wp\/v2\/media\/6797"}],"wp:attachment":[{"href":"https:\/\/colmedicosantafe1.org.ar\/index.php?rest_route=%2Fwp%2Fv2%2Fmedia&parent=6796"}],"wp:term":[{"taxonomy":"category","embeddable":true,"href":"https:\/\/colmedicosantafe1.org.ar\/index.php?rest_route=%2Fwp%2Fv2%2Fcategories&post=6796"},{"taxonomy":"post_tag","embeddable":true,"href":"https:\/\/colmedicosantafe1.org.ar\/index.php?rest_route=%2Fwp%2Fv2%2Ftags&post=6796"}],"curies":[{"name":"wp","href":"https:\/\/api.w.org\/{rel}","templated":true}]}}