{"id":6791,"date":"2026-09-03T09:37:06","date_gmt":"2026-09-03T12:37:06","guid":{"rendered":"https:\/\/colmedicosantafe1.org.ar\/?p=6791"},"modified":"2026-09-03T09:37:38","modified_gmt":"2026-09-03T12:37:38","slug":"%f0%9f%a4%96-manos-a-la-obra-el-abc-de-la-inteligencia-artificial-para-medicos-inicio-miercoles-7-de-octubre","status":"publish","type":"post","link":"https:\/\/colmedicosantafe1.org.ar\/?p=6791","title":{"rendered":"\ud83e\udd16 \u201cManos a la Obra: el ABC de la Inteligencia Artificial para M\u00e9dicos\u201d | Inicio: mi\u00e9rcoles 7 de octubre"},"content":{"rendered":"\n<figure class=\"wp-block-image aligncenter size-full is-resized\" style=\"margin-top:0;margin-bottom:var(--wp--preset--spacing--20)\"><img loading=\"lazy\" decoding=\"async\" width=\"900\" height=\"600\" src=\"https:\/\/colmedicosantafe1.org.ar\/wp-content\/uploads\/2026\/08\/webinario_-Guillermo_IA.webp\" alt=\"\" class=\"wp-image-6741\" style=\"width:602px;height:auto\" srcset=\"https:\/\/colmedicosantafe1.org.ar\/wp-content\/uploads\/2026\/08\/webinario_-Guillermo_IA.webp 900w, https:\/\/colmedicosantafe1.org.ar\/wp-content\/uploads\/2026\/08\/webinario_-Guillermo_IA-300x200.webp 300w, https:\/\/colmedicosantafe1.org.ar\/wp-content\/uploads\/2026\/08\/webinario_-Guillermo_IA-768x512.webp 768w\" sizes=\"auto, (max-width: 900px) 100vw, 900px\" \/><\/figure>\n\n\n\n<div style=\"height:16px\" aria-hidden=\"true\" class=\"wp-block-spacer\"><\/div>\n\n\n\n<h4 class=\"wp-block-heading\"><strong>Una propuesta pr\u00e1ctica para incorporar la Inteligencia Artificial a la actividad profesional<\/strong><\/h4>\n\n\n\n<div style=\"height:16px\" aria-hidden=\"true\" class=\"wp-block-spacer\"><\/div>\n\n\n\n<p class=\"wp-block-paragraph\">La Inteligencia Artificial ya forma parte de la pr\u00e1ctica cotidiana y ofrece nuevas posibilidades para acceder al conocimiento, analizar informaci\u00f3n cient\u00edfica, optimizar tareas y acompa\u00f1ar distintos procesos vinculados con la atenci\u00f3n y la formaci\u00f3n m\u00e9dica.<\/p>\n\n\n\n<div style=\"height:16px\" aria-hidden=\"true\" class=\"wp-block-spacer\"><\/div>\n\n\n\n<p class=\"wp-block-paragraph\">En este contexto, <strong>el Colegio de M\u00e9dicos invita a sus matriculados a participar del curso \u201cManos a la Obra: ABC de la Inteligencia Artificial para M\u00e9dicos\u201d<\/strong>, una propuesta de formaci\u00f3n pr\u00e1ctica pensada para acercar herramientas concretas y aplicables al ejercicio profesional.<\/p>\n\n\n\n<div style=\"height:16px\" aria-hidden=\"true\" class=\"wp-block-spacer\"><\/div>\n\n\n\n<p class=\"wp-block-paragraph\">El objetivo es que los participantes puedan comprender <strong>el potencial de la IA, aprender a utilizarla de manera cr\u00edtica y aprovechar sus posibilidades<\/strong> sin perder de vista la \u00e9tica profesional, la validaci\u00f3n de la informaci\u00f3n y el criterio m\u00e9dico.<\/p>\n\n\n\n<div style=\"height:20px\" aria-hidden=\"true\" class=\"wp-block-spacer\"><\/div>\n\n\n\n<h5 class=\"wp-block-heading\"><strong>Detalles de la capacitaci\u00f3n:<\/strong><\/h5>\n\n\n\n<div style=\"height:10px\" aria-hidden=\"true\" class=\"wp-block-spacer\"><\/div>\n\n\n\n<p class=\"wp-block-paragraph\">\ud83d\uddd3 Mi\u00e9rcoles 7 y 21 de Octubre<br>\ud83d\uddd3 Mi\u00e9rcoles 4 y 18 de Noviembre<br>\ud83d\uddd3 Mi\u00e9rcoles 2 de Diciembre<\/p>\n\n\n\n<div style=\"height:5px\" aria-hidden=\"true\" class=\"wp-block-spacer\"><\/div>\n\n\n\n<p class=\"wp-block-paragraph\">\ud83d\udd57 Horario: de <strong>20:00<\/strong> a <strong>22:00<\/strong> hs.<br>\ud83d\udccd Modalidad: <strong>Presencial<\/strong> (con cupos limitados), y <strong>Virtual<\/strong> (por Zoom)<br>\ud83c\udfdb\ufe0f Lugar: Anexo 3 del Colegio de M\u00e9dicos \u2013 Av. Freyre 2448, ciudad de Santa Fe.<br>\ud83d\udcbb Requisito: concurrir con notebook o netbook propia<br>\ud83d\udcb0 Actividad gratuita<\/p>\n\n\n\n<div style=\"height:30px\" aria-hidden=\"true\" class=\"wp-block-spacer\"><\/div>\n\n\n\n<div class=\"wp-block-buttons is-content-justification-center is-layout-flex wp-container-core-buttons-is-layout-0aa01211 wp-block-buttons-is-layout-flex\">\n<div class=\"wp-block-button is-style-fill\"><a class=\"wp-block-button__link has-background has-text-align-center wp-element-button\" href=\"https:\/\/forms.gle\/bPAJkonjiSHPfTEx6\" style=\"background:linear-gradient(135deg,rgb(2,120,80) 0%,rgb(2,120,80) 100%)\" target=\"_blank\" rel=\"noopener\">Formulario de Inscripci\u00f3n Modalidad Presencial<\/a><\/div>\n\n\n\n<div class=\"wp-block-button is-style-fill\"><a class=\"wp-block-button__link has-background has-text-align-center wp-element-button\" href=\"https:\/\/forms.gle\/YuBwiDuixxrtDkSG6\" style=\"background:linear-gradient(135deg,rgb(2,120,80) 0%,rgb(2,120,80) 100%)\" target=\"_blank\" rel=\"noopener\">Formulario de Inscripci\u00f3n Modalidad Virtual<\/a><\/div>\n<\/div>\n\n\n\n<div style=\"height:30px\" aria-hidden=\"true\" class=\"wp-block-spacer\"><\/div>\n\n\n\n<h4 class=\"wp-block-heading\">\ud83d\udca1<strong>\u00bfQu\u00e9 vas a aprender?<\/strong><\/h4>\n\n\n\n<div style=\"height:10px\" aria-hidden=\"true\" class=\"wp-block-spacer\"><\/div>\n\n\n\n<p class=\"wp-block-paragraph\">A diferencia de otras capacitaciones que presentan numerosas herramientas sin profundizar en su aplicaci\u00f3n concreta, esta propuesta se concentra en <strong>el ecosistema de Inteligencia Artificial de Google<\/strong>, con una metodolog\u00eda centrada en la pr\u00e1ctica.<\/p>\n\n\n\n<div style=\"height:15px\" aria-hidden=\"true\" class=\"wp-block-spacer\"><\/div>\n\n\n\n<p class=\"wp-block-paragraph\">Durante el curso, los participantes aprender\u00e1n&nbsp; a:<\/p>\n\n\n\n<div style=\"height:5px\" aria-hidden=\"true\" class=\"wp-block-spacer\"><\/div>\n\n\n\n<p class=\"wp-block-paragraph\">\ud83e\udd16 Configurar y utilizar eficientemente <strong>Gemini<\/strong>, la herramienta de Inteligencia Artificial de Google.<\/p>\n\n\n\n<div style=\"height:5px\" aria-hidden=\"true\" class=\"wp-block-spacer\"><\/div>\n\n\n\n<p class=\"wp-block-paragraph\">\ud83e\udde9 Dise\u00f1ar y personalizar <strong>Gems<\/strong>, asistentes especializados para tareas espec\u00edficas.<\/p>\n\n\n\n<div style=\"height:5px\" aria-hidden=\"true\" class=\"wp-block-spacer\"><\/div>\n\n\n\n<p class=\"wp-block-paragraph\">\ud83d\udcda Explorar Google <strong>NotebookLM<\/strong> para organizar, analizar y sintetizar informaci\u00f3n cient\u00edfica.<\/p>\n\n\n\n<div style=\"height:5px\" aria-hidden=\"true\" class=\"wp-block-spacer\"><\/div>\n\n\n\n<p class=\"wp-block-paragraph\">\u270d\ufe0f Crear <strong>prompts efectivos<\/strong> mediante la estrategia ROCKET, desarrollando habilidades para comunicarse con la IA de manera clara, precisa y orientada a resultados.<\/p>\n\n\n\n<div style=\"height:5px\" aria-hidden=\"true\" class=\"wp-block-spacer\"><\/div>\n\n\n\n<p class=\"wp-block-paragraph\">\ud83d\udd0e Incorporar herramientas de IA al proceso de b\u00fasqueda, an\u00e1lisis y aplicaci\u00f3n de evidencia cient\u00edfica.<\/p>\n\n\n\n<div style=\"height:5px\" aria-hidden=\"true\" class=\"wp-block-spacer\"><\/div>\n\n\n\n<p class=\"wp-block-paragraph\">\ud83e\ude7a Aplicar la Inteligencia Artificial a distintos componentes de la <strong>Medicina Basada en la Evidencia<\/strong> (MBE): etiolog\u00eda, da\u00f1o, diagn\u00f3stico, tratamiento y pron\u00f3stico.<\/p>\n\n\n\n<div style=\"height:5px\" aria-hidden=\"true\" class=\"wp-block-spacer\"><\/div>\n\n\n\n<p class=\"wp-block-paragraph\">\u2696\ufe0f Comprender los principios \u00e9ticos, las limitaciones y los posibles sesgos de estas herramientas.<\/p>\n\n\n\n<div style=\"height:5px\" aria-hidden=\"true\" class=\"wp-block-spacer\"><\/div>\n\n\n\n<p class=\"wp-block-paragraph\">\ud83e\udde0 Desarrollar una actitud de <strong>pensamiento cr\u00edtico, honestidad intelectual y validaci\u00f3n permanente<\/strong> de la informaci\u00f3n generada por IA antes de utilizarla en el \u00e1mbito profesional.<\/p>\n\n\n\n<div style=\"height:20px\" aria-hidden=\"true\" class=\"wp-block-spacer\"><\/div>\n\n\n\n<p class=\"wp-block-paragraph\">El prop\u00f3sito final es que cada participante pueda <strong>adquirir competencias<\/strong> para crear sus propios asistentes, formular consultas de calidad y <strong>utilizar la Inteligencia Artificial de manera efectiva<\/strong> en la pr\u00e1ctica profesional, la educaci\u00f3n m\u00e9dica, la investigaci\u00f3n y la toma de decisiones fundamentadas en evidencia.<\/p>\n\n\n\n<div style=\"height:25px\" aria-hidden=\"true\" class=\"wp-block-spacer\"><\/div>\n\n\n\n<h4 class=\"wp-block-heading\">\ud83d\udee0\ufe0f <strong>Una propuesta basada en \u201caprender haciendo\u201d<\/strong><\/h4>\n\n\n\n<div style=\"height:5px\" aria-hidden=\"true\" class=\"wp-block-spacer\"><\/div>\n\n\n\n<p class=\"wp-block-paragraph\">El curso propone una metodolog\u00eda eminentemente pr\u00e1ctica. Durante los encuentros, los participantes trabajar\u00e1n directamente con las herramientas abordadas, desarrollando actividades, resolviendo situaciones concretas y explorando sus posibilidades de aplicaci\u00f3n en el \u00e1mbito m\u00e9dico.<\/p>\n\n\n\n<div style=\"height:10px\" aria-hidden=\"true\" class=\"wp-block-spacer\"><\/div>\n\n\n\n<p class=\"wp-block-paragraph\">Para favorecer una experiencia personalizada y un acompa\u00f1amiento cercano, el cupo ser\u00e1 limitado&nbsp;<\/p>\n\n\n\n<div style=\"height:10px\" aria-hidden=\"true\" class=\"wp-block-spacer\"><\/div>\n\n\n\n<p class=\"wp-block-paragraph\"><strong>La propuesta contempla:<\/strong><\/p>\n\n\n\n<ul class=\"wp-block-list\">\n<li>Encuentros presenciales: <strong>mi\u00e9rcoles de 20:00 a 22:00 hs., cada 15 d\u00edas,<\/strong> destinados a la capacitaci\u00f3n pr\u00e1ctica, demostraciones y resoluci\u00f3n de casos.<\/li>\n\n\n\n<li>Actividades asincr\u00f3nicas: entre los encuentros presenciales, para consolidar los conocimientos y profundizar los contenidos.<\/li>\n\n\n\n<li>Tutor\u00edas en l\u00ednea: acompa\u00f1amiento permanente para implementar las herramientas, resolver dudas y favorecer un aprendizaje continuo.<\/li>\n<\/ul>\n\n\n\n<div style=\"height:15px\" aria-hidden=\"true\" class=\"wp-block-spacer\"><\/div>\n\n\n\n<p class=\"wp-block-paragraph\">Adem\u00e1s, los participantes contar\u00e1n con un <strong>espacio virtual de aprendizaje en la plataforma Moodle del Colegio<\/strong> de M\u00e9dicos, donde encontrar\u00e1n materiales de estudio, recursos bibliogr\u00e1ficos y audiovisuales, foros de intercambio acad\u00e9mico, novedades y un espacio de consultas.<\/p>\n\n\n\n<div style=\"height:15px\" aria-hidden=\"true\" class=\"wp-block-spacer\"><\/div>\n\n\n\n<p class=\"wp-block-paragraph\">Tambi\u00e9n se dispondr\u00e1 de una <strong>cafeter\u00eda virtual<\/strong>, pensada como un espacio informal para compartir experiencias, intercambiar aprendizajes y favorecer la construcci\u00f3n de una comunidad de pr\u00e1ctica.<\/p>\n\n\n\n<!--more-->\n\n\n\n<div style=\"height:24px\" aria-hidden=\"true\" class=\"wp-block-spacer\"><\/div>\n\n\n\n<p class=\"wp-block-paragraph\"><strong>\ud83d\udc65 D<strong>isertante<\/strong><\/strong><\/p>\n\n\n\n<div style=\"height:24px\" aria-hidden=\"true\" class=\"wp-block-spacer\"><\/div>\n\n\n\n<div class=\"wp-block-media-text is-stacked-on-mobile\" style=\"grid-template-columns:33% auto\"><figure class=\"wp-block-media-text__media\"><img loading=\"lazy\" decoding=\"async\" width=\"600\" height=\"600\" src=\"https:\/\/colmedicosantafe1.org.ar\/wp-content\/uploads\/2025\/04\/Dr_Guillermo_Kerz.png\" alt=\"\" class=\"wp-image-4595 size-full\" srcset=\"https:\/\/colmedicosantafe1.org.ar\/wp-content\/uploads\/2025\/04\/Dr_Guillermo_Kerz.png 600w, https:\/\/colmedicosantafe1.org.ar\/wp-content\/uploads\/2025\/04\/Dr_Guillermo_Kerz-300x300.png 300w, https:\/\/colmedicosantafe1.org.ar\/wp-content\/uploads\/2025\/04\/Dr_Guillermo_Kerz-150x150.png 150w\" sizes=\"auto, (max-width: 600px) 100vw, 600px\" \/><\/figure><div class=\"wp-block-media-text__content\">\n<ul class=\"wp-block-list\">\n<li><strong><strong>Dr. Guillermo Kerz<\/strong><\/strong><\/li>\n<\/ul>\n\n\n\n<p class=\"wp-block-paragraph\"><strong>\u2013 <\/strong>Doctor en Medicina por la Facultad de Medicina de la Universidad Nacional de Rosario.<\/p>\n\n\n\n<p class=\"wp-block-paragraph\"><strong>\u2013 <\/strong>Vicerrector Acad\u00e9mico de la Universidad Cat\u00f3lica de Santa Fe (UCSF).<\/p>\n\n\n\n<p class=\"wp-block-paragraph\"><strong>\u2013 <\/strong>Coordinador del curso precongreso de la Federaci\u00f3n Argentina de Ginecolog\u00eda y Obstetricia (FASGO) sobre IA para ginec\u00f3logos y obstetras.<\/p>\n\n\n\n<p class=\"wp-block-paragraph\"><strong>\u2013 <\/strong>Autor de publicaciones sobre inteligencia artificial y \u00e9tica algor\u00edtmica (<em>algor\u00e9tica<\/em>).<\/p>\n\n\n\n<p class=\"wp-block-paragraph\"><strong>\u2013 <\/strong>Especialista en innovaci\u00f3n pedag\u00f3gica con inteligencia artificial en la Licenciatura en Obstetricia.<\/p>\n\n\n\n<p class=\"wp-block-paragraph\"><strong>\u2013 <\/strong>Especialista en Ginecolog\u00eda y Obstetricia por el Colegio de M\u00e9dicos de Santa Fe.<\/p>\n\n\n\n<p class=\"wp-block-paragraph\"><strong>\u2013<\/strong> Formaci\u00f3n en la Universidad de Kiel (<em>Christian-Albrechts-Universit\u00e4t<\/em>), Alemania.<\/p>\n\n\n\n<p class=\"wp-block-paragraph\"><strong>\u2013 <\/strong>Miembro de la Escuela de la Federaci\u00f3n Argentina de Ginecolog\u00eda y Obstetricia \u2013 Santa Fe.<\/p>\n<\/div><\/div>\n","protected":false},"excerpt":{"rendered":"<p>Una propuesta pr\u00e1ctica para incorporar la Inteligencia Artificial a la actividad profesional La Inteligencia Artificial ya forma parte de la pr\u00e1ctica cotidiana y ofrece nuevas posibilidades para acceder al conocimiento, analizar informaci\u00f3n cient\u00edfica, optimizar tareas y acompa\u00f1ar distintos procesos vinculados con la atenci\u00f3n y la formaci\u00f3n m\u00e9dica. En este contexto, el Colegio de M\u00e9dicos invita [&hellip;]<\/p>\n","protected":false},"author":1,"featured_media":6741,"comment_status":"open","ping_status":"open","sticky":false,"template":"wp-custom-template-webinarios","format":"standard","meta":{"_uag_custom_page_level_css":"","_jetpack_memberships_contains_paid_content":false,"footnotes":""},"categories":[30,12],"tags":[],"class_list":["post-6791","post","type-post","status-publish","format-standard","has-post-thumbnail","hentry","category-cursos","category-slider"],"jetpack_sharing_enabled":true,"jetpack_featured_media_url":"https:\/\/colmedicosantafe1.org.ar\/wp-content\/uploads\/2026\/08\/webinario_-Guillermo_IA.webp","uagb_featured_image_src":{"full":["https:\/\/colmedicosantafe1.org.ar\/wp-content\/uploads\/2026\/08\/webinario_-Guillermo_IA.webp",900,600,false],"thumbnail":["https:\/\/colmedicosantafe1.org.ar\/wp-content\/uploads\/2026\/08\/webinario_-Guillermo_IA-150x150.webp",150,150,true],"medium":["https:\/\/colmedicosantafe1.org.ar\/wp-content\/uploads\/2026\/08\/webinario_-Guillermo_IA-300x200.webp",300,200,true],"medium_large":["https:\/\/colmedicosantafe1.org.ar\/wp-content\/uploads\/2026\/08\/webinario_-Guillermo_IA-768x512.webp",768,512,true],"large":["https:\/\/colmedicosantafe1.org.ar\/wp-content\/uploads\/2026\/08\/webinario_-Guillermo_IA.webp",900,600,false],"1536x1536":["https:\/\/colmedicosantafe1.org.ar\/wp-content\/uploads\/2026\/08\/webinario_-Guillermo_IA.webp",900,600,false],"2048x2048":["https:\/\/colmedicosantafe1.org.ar\/wp-content\/uploads\/2026\/08\/webinario_-Guillermo_IA.webp",900,600,false]},"uagb_author_info":{"display_name":"admin","author_link":"https:\/\/colmedicosantafe1.org.ar\/?author=1"},"uagb_comment_info":0,"uagb_excerpt":"Una propuesta pr\u00e1ctica para incorporar la Inteligencia Artificial a la actividad profesional La Inteligencia Artificial ya forma parte de la pr\u00e1ctica cotidiana y ofrece nuevas posibilidades para acceder al conocimiento, analizar informaci\u00f3n cient\u00edfica, optimizar tareas y acompa\u00f1ar distintos procesos vinculados con la atenci\u00f3n y la formaci\u00f3n m\u00e9dica. En este contexto, el Colegio de M\u00e9dicos invita&hellip;","_links":{"self":[{"href":"https:\/\/colmedicosantafe1.org.ar\/index.php?rest_route=\/wp\/v2\/posts\/6791","targetHints":{"allow":["GET"]}}],"collection":[{"href":"https:\/\/colmedicosantafe1.org.ar\/index.php?rest_route=\/wp\/v2\/posts"}],"about":[{"href":"https:\/\/colmedicosantafe1.org.ar\/index.php?rest_route=\/wp\/v2\/types\/post"}],"author":[{"embeddable":true,"href":"https:\/\/colmedicosantafe1.org.ar\/index.php?rest_route=\/wp\/v2\/users\/1"}],"replies":[{"embeddable":true,"href":"https:\/\/colmedicosantafe1.org.ar\/index.php?rest_route=%2Fwp%2Fv2%2Fcomments&post=6791"}],"version-history":[{"count":3,"href":"https:\/\/colmedicosantafe1.org.ar\/index.php?rest_route=\/wp\/v2\/posts\/6791\/revisions"}],"predecessor-version":[{"id":6794,"href":"https:\/\/colmedicosantafe1.org.ar\/index.php?rest_route=\/wp\/v2\/posts\/6791\/revisions\/6794"}],"wp:featuredmedia":[{"embeddable":true,"href":"https:\/\/colmedicosantafe1.org.ar\/index.php?rest_route=\/wp\/v2\/media\/6741"}],"wp:attachment":[{"href":"https:\/\/colmedicosantafe1.org.ar\/index.php?rest_route=%2Fwp%2Fv2%2Fmedia&parent=6791"}],"wp:term":[{"taxonomy":"category","embeddable":true,"href":"https:\/\/colmedicosantafe1.org.ar\/index.php?rest_route=%2Fwp%2Fv2%2Fcategories&post=6791"},{"taxonomy":"post_tag","embeddable":true,"href":"https:\/\/colmedicosantafe1.org.ar\/index.php?rest_route=%2Fwp%2Fv2%2Ftags&post=6791"}],"curies":[{"name":"wp","href":"https:\/\/api.w.org\/{rel}","templated":true}]}}