{"id":6783,"date":"2026-09-01T12:22:06","date_gmt":"2026-09-01T15:22:06","guid":{"rendered":"https:\/\/colmedicosantafe1.org.ar\/?p=6783"},"modified":"2026-09-01T12:22:53","modified_gmt":"2026-09-01T15:22:53","slug":"%f0%9f%a9%ba-webinar-manejo-percutaneo-de-colecciones-complejas-una-propuesta-de-capacitacion-sobre-abordajes-minimamente-invasivos-y-tecnicas-guiadas-por-imagenes-lunes-7-de-sep","status":"publish","type":"post","link":"https:\/\/colmedicosantafe1.org.ar\/?p=6783","title":{"rendered":"\ud83e\ude7a Webinar: \u201cManejo percut\u00e1neo de colecciones complejas\u201d | Una propuesta de capacitaci\u00f3n sobre abordajes m\u00ednimamente invasivos y t\u00e9cnicas guiadas por im\u00e1genes | Lunes 7 de septiembre"},"content":{"rendered":"\n<figure class=\"wp-block-image aligncenter size-full is-resized\" style=\"margin-top:0;margin-bottom:var(--wp--preset--spacing--20)\"><img loading=\"lazy\" decoding=\"async\" width=\"900\" height=\"600\" src=\"https:\/\/colmedicosantafe1.org.ar\/wp-content\/uploads\/2026\/09\/web_manejo_percutaneo.webp\" alt=\"\" class=\"wp-image-6784\" style=\"width:602px;height:auto\" srcset=\"https:\/\/colmedicosantafe1.org.ar\/wp-content\/uploads\/2026\/09\/web_manejo_percutaneo.webp 900w, https:\/\/colmedicosantafe1.org.ar\/wp-content\/uploads\/2026\/09\/web_manejo_percutaneo-300x200.webp 300w, https:\/\/colmedicosantafe1.org.ar\/wp-content\/uploads\/2026\/09\/web_manejo_percutaneo-768x512.webp 768w\" sizes=\"auto, (max-width: 900px) 100vw, 900px\" \/><\/figure>\n\n\n\n<div style=\"height:20px\" aria-hidden=\"true\" class=\"wp-block-spacer\"><\/div>\n\n\n\n<p class=\"wp-block-paragraph\">El Colegio de M\u00e9dicos invita a profesionales de la salud a participar del webinar \u201cManejo percut\u00e1neo de colecciones complejas\u201d, una propuesta de capacitaci\u00f3n destinada a profundizar conocimientos y actualizar herramientas para el abordaje de esta compleja situaci\u00f3n cl\u00ednica y quir\u00fargica.<\/p>\n\n\n\n<div style=\"height:20px\" aria-hidden=\"true\" class=\"wp-block-spacer\"><\/div>\n\n\n\n<p class=\"wp-block-paragraph\">La capacitaci\u00f3n estar\u00e1 a cargo de <strong>Gabriel Eduardo Ruiz, m\u00e9dico especialista en Cirug\u00eda General y Cirug\u00eda M\u00ednimamente Invasiva.<\/strong><\/p>\n\n\n\n<div style=\"height:20px\" aria-hidden=\"true\" class=\"wp-block-spacer\"><\/div>\n\n\n\n<p class=\"wp-block-paragraph\"><strong>Detalles del evento<br><\/strong>\ud83d\uddd3\ufe0f <strong>Fecha:<\/strong> lunes 7 de septiembre<br>\ud83d\udd62 <strong>Hora:<\/strong> 20:00h<br>\ud83d\udcbb <strong>Modalidad:<\/strong> virtual (plataforma Zoom)<\/p>\n\n\n\n<div style=\"height:15px\" aria-hidden=\"true\" class=\"wp-block-spacer\"><\/div>\n\n\n\n<p class=\"wp-block-paragraph\">La actividad es gratuita y requiere inscripci\u00f3n previa a trav\u00e9s del siguiente formulario:<\/p>\n\n\n\n<div style=\"height:25px\" aria-hidden=\"true\" class=\"wp-block-spacer\"><\/div>\n\n\n\n<div class=\"wp-block-buttons is-content-justification-center is-layout-flex wp-container-core-buttons-is-layout-0aa01211 wp-block-buttons-is-layout-flex\">\n<div class=\"wp-block-button is-style-fill\"><a class=\"wp-block-button__link has-background has-text-align-center wp-element-button\" href=\"https:\/\/us06web.zoom.us\/webinar\/register\/WN_UCboIS-fS-Cri8un10E4cw\" style=\"background:linear-gradient(135deg,rgb(2,120,80) 0%,rgb(2,120,80) 100%)\" target=\"_blank\" rel=\"noopener\">Formulario de Inscripci\u00f3n<\/a><\/div>\n<\/div>\n\n\n\n<div style=\"height:25px\" aria-hidden=\"true\" class=\"wp-block-spacer\"><\/div>\n\n\n\n<p class=\"wp-block-paragraph\">Durante el encuentro se ofrecer\u00e1 una mirada pr\u00e1ctica y actualizada sobre el diagn\u00f3stico y tratamiento de las colecciones complejas, con especial \u00e9nfasis en las alternativas de cirug\u00eda m\u00ednimamente invasiva percut\u00e1nea y en las principales t\u00e9cnicas de abordaje guiadas por im\u00e1genes.<\/p>\n\n\n\n<div style=\"height:20px\" aria-hidden=\"true\" class=\"wp-block-spacer\"><\/div>\n\n\n\n<p class=\"wp-block-paragraph\">\ud83c\udfaf<strong> \u00bfQu\u00e9 se abordar\u00e1?<\/strong><\/p>\n\n\n\n<ul class=\"wp-block-list\">\n<li>Definici\u00f3n y caracter\u00edsticas de las colecciones complejas. <\/li>\n\n\n\n<li>Situaciones y escenarios cl\u00ednicos en los que suelen presentarse. <\/li>\n\n\n\n<li>Lineamientos generales para su tratamiento y abordaje mediante cirug\u00eda m\u00ednimamente invasiva percut\u00e1nea.<\/li>\n\n\n\n<li>Principales t\u00e9cnicas de abordaje. <\/li>\n\n\n\n<li>Utilizaci\u00f3n de gu\u00edas de imagen para la realizaci\u00f3n de los procedimientos.<\/li>\n<\/ul>\n\n\n\n<div style=\"height:20px\" aria-hidden=\"true\" class=\"wp-block-spacer\"><\/div>\n\n\n\n<p class=\"wp-block-paragraph\">\ud83d\udcda <strong>Una oportunidad para actualizar conocimientos<\/strong><\/p>\n\n\n\n<div style=\"height:5px\" aria-hidden=\"true\" class=\"wp-block-spacer\"><\/div>\n\n\n\n<p class=\"wp-block-paragraph\">La propuesta busca generar un espacio de formaci\u00f3n e intercambio para profesionales interesados en conocer las posibilidades que ofrecen los abordajes percut\u00e1neos y las t\u00e9cnicas m\u00ednimamente invasivas en el manejo de colecciones complejas.<\/p>\n\n\n\n<div style=\"height:10px\" aria-hidden=\"true\" class=\"wp-block-spacer\"><\/div>\n\n\n\n<p class=\"wp-block-paragraph\">Una oportunidad para incorporar herramientas y actualizar conocimientos de la mano de un profesional con experiencia en el \u00e1rea. \ud83d\udc68\u200d\u2695\ufe0f<\/p>\n\n\n\n<div style=\"height:5px\" aria-hidden=\"true\" class=\"wp-block-spacer\"><\/div>\n\n\n\n<div style=\"height:24px\" aria-hidden=\"true\" class=\"wp-block-spacer\"><\/div>\n\n\n\n<!--more-->\n\n\n\n<div style=\"height:24px\" aria-hidden=\"true\" class=\"wp-block-spacer\"><\/div>\n\n\n\n<div class=\"wp-block-media-text is-stacked-on-mobile is-vertically-aligned-top\" style=\"grid-template-columns:25% auto\"><figure class=\"wp-block-media-text__media\"><img loading=\"lazy\" decoding=\"async\" width=\"528\" height=\"558\" src=\"https:\/\/colmedicosantafe1.org.ar\/wp-content\/uploads\/2026\/09\/Dr_Gabriel_Ruiz.png\" alt=\"\" class=\"wp-image-6787 size-full\" srcset=\"https:\/\/colmedicosantafe1.org.ar\/wp-content\/uploads\/2026\/09\/Dr_Gabriel_Ruiz.png 528w, https:\/\/colmedicosantafe1.org.ar\/wp-content\/uploads\/2026\/09\/Dr_Gabriel_Ruiz-284x300.png 284w\" sizes=\"auto, (max-width: 528px) 100vw, 528px\" \/><\/figure><div class=\"wp-block-media-text__content\">\n<p class=\"wp-block-paragraph\">\ud83d\udc68\u200d\u2695\ufe0f<strong> Disertante: Gabriel Eduardo Ruiz<\/strong><\/p>\n\n\n\n<p class=\"wp-block-paragraph\">\u2013 M\u00e9dico especialista en Cirug\u00eda General y Cirug\u00eda M\u00ednimamente Invasiva, con amplia experiencia en el \u00e1mbito hospitalario y privado.<\/p>\n\n\n\n<p class=\"wp-block-paragraph\">\u2013 Se desempe\u00f1a como m\u00e9dico de guardia en el Hospital Jos\u00e9 Mar\u00eda Cullen, m\u00e9dico staff de Cirug\u00eda General en Sanatorio Mayo y Sanatorio Servicios M\u00e9dicos de Santo Tom\u00e9, y forma parte del sector de Cirug\u00eda M\u00ednimamente Invasiva y Percut\u00e1nea del Sanatorio Mayo. Tambi\u00e9n realiza cirug\u00edas programadas en el Sanatorio Garay.<\/p>\n\n\n\n<p class=\"wp-block-paragraph\">\u2013 Formaci\u00f3n de posgrado en Cirug\u00eda M\u00ednimamente Invasiva, es miembro titular de la Asociaci\u00f3n Argentina de Cirug\u00eda y posee certificaciones como especialista por la Asociaci\u00f3n Argentina de Cirug\u00eda, el Ministerio de Salud de la Naci\u00f3n y el Colegio de M\u00e9dicos de la Provincia de Santa Fe.<\/p>\n\n\n\n<p class=\"wp-block-paragraph\">\u2013 Cuenta con experiencia como instructor y docente de residentes de Cirug\u00eda General, as\u00ed como trayectoria en investigaci\u00f3n cl\u00ednica, presentaci\u00f3n de trabajos cient\u00edficos y publicaciones especializadas.<\/p>\n<\/div><\/div>\n\n\n\n<div style=\"height:25px\" aria-hidden=\"true\" class=\"wp-block-spacer\"><\/div>\n\n\n\n<p class=\"wp-block-paragraph\"><strong>Importante:<\/strong><\/p>\n\n\n\n<ul class=\"wp-block-list\">\n<li>La participaci\u00f3n en el evento es <strong>libre y gratuita.<\/strong><\/li>\n\n\n\n<li><strong>La emisi\u00f3n del diploma de asistencia es opcional, tiene un valor simb\u00f3lico equivalente a un estampillado y se entrega en hasta 10 d\u00edas h\u00e1biles.<\/strong><\/li>\n\n\n\n<li>Para solicitarlo, debe acreditar al menos el <strong>70%<\/strong> de la duraci\u00f3n total en l\u00ednea y enviar un WhatsApp al 342 528-9747, detallando su nombre, apellido y el evento espec\u00edfico al que asisti\u00f3.<\/li>\n<\/ul>\n","protected":false},"excerpt":{"rendered":"<p>El Colegio de M\u00e9dicos invita a profesionales de la salud a participar del webinar \u201cManejo percut\u00e1neo de colecciones complejas\u201d, una propuesta de capacitaci\u00f3n destinada a profundizar conocimientos y actualizar herramientas para el abordaje de esta compleja situaci\u00f3n cl\u00ednica y quir\u00fargica. La capacitaci\u00f3n estar\u00e1 a cargo de Gabriel Eduardo Ruiz, m\u00e9dico especialista en Cirug\u00eda General y [&hellip;]<\/p>\n","protected":false},"author":1,"featured_media":6784,"comment_status":"open","ping_status":"open","sticky":false,"template":"wp-custom-template-webinarios","format":"standard","meta":{"_uag_custom_page_level_css":"","_jetpack_memberships_contains_paid_content":false,"footnotes":""},"categories":[12,29],"tags":[],"class_list":["post-6783","post","type-post","status-publish","format-standard","has-post-thumbnail","hentry","category-slider","category-webinarios"],"jetpack_sharing_enabled":true,"jetpack_featured_media_url":"https:\/\/colmedicosantafe1.org.ar\/wp-content\/uploads\/2026\/09\/web_manejo_percutaneo.webp","uagb_featured_image_src":{"full":["https:\/\/colmedicosantafe1.org.ar\/wp-content\/uploads\/2026\/09\/web_manejo_percutaneo.webp",900,600,false],"thumbnail":["https:\/\/colmedicosantafe1.org.ar\/wp-content\/uploads\/2026\/09\/web_manejo_percutaneo-150x150.webp",150,150,true],"medium":["https:\/\/colmedicosantafe1.org.ar\/wp-content\/uploads\/2026\/09\/web_manejo_percutaneo-300x200.webp",300,200,true],"medium_large":["https:\/\/colmedicosantafe1.org.ar\/wp-content\/uploads\/2026\/09\/web_manejo_percutaneo-768x512.webp",768,512,true],"large":["https:\/\/colmedicosantafe1.org.ar\/wp-content\/uploads\/2026\/09\/web_manejo_percutaneo.webp",900,600,false],"1536x1536":["https:\/\/colmedicosantafe1.org.ar\/wp-content\/uploads\/2026\/09\/web_manejo_percutaneo.webp",900,600,false],"2048x2048":["https:\/\/colmedicosantafe1.org.ar\/wp-content\/uploads\/2026\/09\/web_manejo_percutaneo.webp",900,600,false]},"uagb_author_info":{"display_name":"admin","author_link":"https:\/\/colmedicosantafe1.org.ar\/?author=1"},"uagb_comment_info":0,"uagb_excerpt":"El Colegio de M\u00e9dicos invita a profesionales de la salud a participar del webinar \u201cManejo percut\u00e1neo de colecciones complejas\u201d, una propuesta de capacitaci\u00f3n destinada a profundizar conocimientos y actualizar herramientas para el abordaje de esta compleja situaci\u00f3n cl\u00ednica y quir\u00fargica. La capacitaci\u00f3n estar\u00e1 a cargo de Gabriel Eduardo Ruiz, m\u00e9dico especialista en Cirug\u00eda General y&hellip;","_links":{"self":[{"href":"https:\/\/colmedicosantafe1.org.ar\/index.php?rest_route=\/wp\/v2\/posts\/6783","targetHints":{"allow":["GET"]}}],"collection":[{"href":"https:\/\/colmedicosantafe1.org.ar\/index.php?rest_route=\/wp\/v2\/posts"}],"about":[{"href":"https:\/\/colmedicosantafe1.org.ar\/index.php?rest_route=\/wp\/v2\/types\/post"}],"author":[{"embeddable":true,"href":"https:\/\/colmedicosantafe1.org.ar\/index.php?rest_route=\/wp\/v2\/users\/1"}],"replies":[{"embeddable":true,"href":"https:\/\/colmedicosantafe1.org.ar\/index.php?rest_route=%2Fwp%2Fv2%2Fcomments&post=6783"}],"version-history":[{"count":5,"href":"https:\/\/colmedicosantafe1.org.ar\/index.php?rest_route=\/wp\/v2\/posts\/6783\/revisions"}],"predecessor-version":[{"id":6789,"href":"https:\/\/colmedicosantafe1.org.ar\/index.php?rest_route=\/wp\/v2\/posts\/6783\/revisions\/6789"}],"wp:featuredmedia":[{"embeddable":true,"href":"https:\/\/colmedicosantafe1.org.ar\/index.php?rest_route=\/wp\/v2\/media\/6784"}],"wp:attachment":[{"href":"https:\/\/colmedicosantafe1.org.ar\/index.php?rest_route=%2Fwp%2Fv2%2Fmedia&parent=6783"}],"wp:term":[{"taxonomy":"category","embeddable":true,"href":"https:\/\/colmedicosantafe1.org.ar\/index.php?rest_route=%2Fwp%2Fv2%2Fcategories&post=6783"},{"taxonomy":"post_tag","embeddable":true,"href":"https:\/\/colmedicosantafe1.org.ar\/index.php?rest_route=%2Fwp%2Fv2%2Ftags&post=6783"}],"curies":[{"name":"wp","href":"https:\/\/api.w.org\/{rel}","templated":true}]}}