{"id":6779,"date":"2026-09-01T08:55:24","date_gmt":"2026-09-01T11:55:24","guid":{"rendered":"https:\/\/colmedicosantafe1.org.ar\/?p=6779"},"modified":"2026-09-01T08:56:20","modified_gmt":"2026-09-01T11:56:20","slug":"%f0%9f%8e%93-vas-a-rendir-el-examen-de-especialidad-conoce-como-inscribirte-online","status":"publish","type":"post","link":"https:\/\/colmedicosantafe1.org.ar\/?p=6779","title":{"rendered":"\ud83c\udf93 \u00bfVas a rendir el Examen de Especialidad? Conoc\u00e9 c\u00f3mo inscribirte online"},"content":{"rendered":"\n<div style=\"height:20px\" aria-hidden=\"true\" class=\"wp-block-spacer\"><\/div>\n\n\n\n<figure class=\"wp-block-image aligncenter size-full is-resized\"><img loading=\"lazy\" decoding=\"async\" width=\"612\" height=\"408\" src=\"https:\/\/colmedicosantafe1.org.ar\/wp-content\/uploads\/2026\/02\/examen-especilidad.jpg\" alt=\"examen-especilidad\" class=\"wp-image-5896\" style=\"width:611px;height:auto\" srcset=\"https:\/\/colmedicosantafe1.org.ar\/wp-content\/uploads\/2026\/02\/examen-especilidad.jpg 612w, https:\/\/colmedicosantafe1.org.ar\/wp-content\/uploads\/2026\/02\/examen-especilidad-300x200.jpg 300w\" sizes=\"auto, (max-width: 612px) 100vw, 612px\" \/><\/figure>\n\n\n\n<div style=\"height:25px\" aria-hidden=\"true\" class=\"wp-block-spacer\"><\/div>\n\n\n\n<p class=\"wp-block-paragraph\">El Colegio de M\u00e9dicos informa que, <strong>desde el 1 hasta el 14 de septiembre de 2026<\/strong>, estar\u00e1 abierto el per\u00edodo de inscripci\u00f3n para quienes deseen rendir los Ex\u00e1menes de Especialidad 2026.<\/p>\n\n\n\n<div style=\"height:20px\" aria-hidden=\"true\" class=\"wp-block-spacer\"><\/div>\n\n\n\n<p class=\"wp-block-paragraph\">Los profesionales que cumplan con los requisitos establecidos en el Reglamento de Especialidades podr\u00e1n realizar su inscripci\u00f3n a trav\u00e9s del portal web:<\/p>\n\n\n\n<div style=\"height:25px\" aria-hidden=\"true\" class=\"wp-block-spacer\"><\/div>\n\n\n\n<h4 class=\"wp-block-heading has-text-align-center\"><a href=\"https:\/\/integra.ar:3129\/integra8\/solution\/simed_desktop\/index.html?a=6532328465\" data-type=\"link\" data-id=\"https:\/\/integra.ar:3129\/integra8\/solution\/simed_desktop\/index.html?a=6532328465\" target=\"_blank\" rel=\"noopener\"><strong>PORTAL WEB<\/strong><\/a><\/h4>\n\n\n\n<div style=\"height:25px\" aria-hidden=\"true\" class=\"wp-block-spacer\"><\/div>\n\n\n\n<h4 class=\"wp-block-heading\">\ud83d\udcf2 <strong>\u00bfC\u00f3mo realizar la inscripci\u00f3n?<\/strong><\/h4>\n\n\n\n<div style=\"height:10px\" aria-hidden=\"true\" class=\"wp-block-spacer\"><\/div>\n\n\n\n<p class=\"wp-block-paragraph\">La inscripci\u00f3n se realizar\u00e1 exclusivamente a trav\u00e9s del portal disponible en nuestra p\u00e1gina web, ingresando a la secci\u00f3n Especialidades.<\/p>\n\n\n\n<div style=\"height:10px\" aria-hidden=\"true\" class=\"wp-block-spacer\"><\/div>\n\n\n\n<p class=\"wp-block-paragraph\">Para completar el tr\u00e1mite correctamente, es importante:<\/p>\n\n\n\n<div style=\"height:10px\" aria-hidden=\"true\" class=\"wp-block-spacer\"><\/div>\n\n\n\n<ol class=\"wp-block-list\">\n<li>\ud83d\udcbb Ingresar al portal de Especialidades desde nuestra p\u00e1gina web.<\/li>\n\n\n\n<li>\ud83d\udcdd Completar los datos solicitados en el formulario de inscripci\u00f3n.<\/li>\n\n\n\n<li>\ud83d\udcce Cargar toda la documentaci\u00f3n requerida en los formatos indicados.<\/li>\n\n\n\n<li>\ud83d\udd0e Revisar cuidadosamente la informaci\u00f3n ingresada antes de finalizar el tr\u00e1mite.<\/li>\n\n\n\n<li>\ud83d\udcb3 Abonar el Derecho de Examen y los gastos administrativos al momento de realizar la inscripci\u00f3n.<\/li>\n<\/ol>\n\n\n\n<div style=\"height:25px\" aria-hidden=\"true\" class=\"wp-block-spacer\"><\/div>\n\n\n\n<p class=\"has-text-align-center wp-block-paragraph\">\ud83d\udc49 <a href=\"https:\/\/colmedicosantafe1.org.ar\/wp-content\/uploads\/2026\/09\/Instructivo_Inscripcion_Examen_Especialidad-1.pdf\" data-type=\"link\" data-id=\"https:\/\/colmedicosantafe1.org.ar\/wp-content\/uploads\/2026\/09\/Instructivo_Inscripcion_Examen_Especialidad-1.pdf\" target=\"_blank\" rel=\"noopener\"><strong>VER INSTRUCTIVO PARA REALIZAR LA INSCRIPCI\u00d3N<\/strong><\/a><\/p>\n\n\n\n<div style=\"height:25px\" aria-hidden=\"true\" class=\"wp-block-spacer\"><\/div>\n\n\n\n<h4 class=\"wp-block-heading\">\u26a0\ufe0f <strong>Antes de comenzar, ten\u00e9 en cuenta<\/strong><\/h4>\n\n\n\n<div style=\"height:10px\" aria-hidden=\"true\" class=\"wp-block-spacer\"><\/div>\n\n\n\n<p class=\"wp-block-paragraph\">Para evitar inconvenientes y asegurarte de completar correctamente el tr\u00e1mite, te recomendamos reunir previamente toda la documentaci\u00f3n solicitada y leer el instructivo donde se explica c\u00f3mo realizar la inscripci\u00f3n.&nbsp;<\/p>\n\n\n\n<div style=\"height:10px\" aria-hidden=\"true\" class=\"wp-block-spacer\"><\/div>\n\n\n\n<p class=\"wp-block-paragraph\">\ud83d\udccc <strong>La inscripci\u00f3n estar\u00e1 disponible hasta el 14 de septiembre inclusive.<\/strong><\/p>\n\n\n\n<div style=\"height:10px\" aria-hidden=\"true\" class=\"wp-block-spacer\"><\/div>\n\n\n\n<p class=\"wp-block-paragraph\">No esperes hasta \u00faltimo momento: realizar el tr\u00e1mite con anticipaci\u00f3n te permitir\u00e1 revisar la informaci\u00f3n cargada y verificar que toda la documentaci\u00f3n haya sido presentada correctamente.<\/p>\n\n\n\n<div style=\"height:20px\" aria-hidden=\"true\" class=\"wp-block-spacer\"><\/div>\n\n\n\n<h4 class=\"wp-block-heading\">\ud83d\udcc5 <strong>\u00bfCu\u00e1ndo ser\u00e1n los ex\u00e1menes?<\/strong><\/h4>\n\n\n\n<div style=\"height:10px\" aria-hidden=\"true\" class=\"wp-block-spacer\"><\/div>\n\n\n\n<p class=\"wp-block-paragraph\">Las fechas exactas ser\u00e1n comunicadas oportunamente.<\/p>\n\n\n\n<div style=\"height:10px\" aria-hidden=\"true\" class=\"wp-block-spacer\"><\/div>\n\n\n\n<p class=\"wp-block-paragraph\">Se prev\u00e9 que los Ex\u00e1menes de Especialidad 2026 se desarrollen durante los meses de <strong>octubre, noviembre y\/o diciembre de 2026.<\/strong><\/p>\n\n\n\n<div style=\"height:20px\" aria-hidden=\"true\" class=\"wp-block-spacer\"><\/div>\n\n\n\n<h4 class=\"wp-block-heading\">\ud83d\udcac <strong>\u00bfTen\u00e9s dudas sobre la inscripci\u00f3n?<\/strong><\/h4>\n\n\n\n<div style=\"height:10px\" aria-hidden=\"true\" class=\"wp-block-spacer\"><\/div>\n\n\n\n<p class=\"wp-block-paragraph\">Si necesit\u00e1s orientaci\u00f3n o ten\u00e9s consultas sobre el proceso, pod\u00e9s comunicarte con la Comisi\u00f3n de Especialidades y Evaluaci\u00f3n de Servicios.<\/p>\n\n\n\n<div style=\"height:10px\" aria-hidden=\"true\" class=\"wp-block-spacer\"><\/div>\n\n\n\n<p class=\"wp-block-paragraph\">\ud83d\udcf2 WhatsApp: <strong>342 446-3666<\/strong> \ud83d\udc49 \u00a1No lo dejes para \u00faltimo momento!\u00a0<\/p>\n","protected":false},"excerpt":{"rendered":"<p>El Colegio de M\u00e9dicos informa que, desde el 1 hasta el 14 de septiembre de 2026, estar\u00e1 abierto el per\u00edodo de inscripci\u00f3n para quienes deseen rendir los Ex\u00e1menes de Especialidad 2026. Los profesionales que cumplan con los requisitos establecidos en el Reglamento de Especialidades podr\u00e1n realizar su inscripci\u00f3n a trav\u00e9s del portal web: PORTAL WEB [&hellip;]<\/p>\n","protected":false},"author":1,"featured_media":5896,"comment_status":"open","ping_status":"open","sticky":false,"template":"noticias_novedades","format":"standard","meta":{"_uag_custom_page_level_css":"","_jetpack_memberships_contains_paid_content":false,"footnotes":""},"categories":[28,12],"tags":[],"class_list":["post-6779","post","type-post","status-publish","format-standard","has-post-thumbnail","hentry","category-novedades","category-slider"],"jetpack_sharing_enabled":true,"jetpack_featured_media_url":"https:\/\/colmedicosantafe1.org.ar\/wp-content\/uploads\/2026\/02\/examen-especilidad.jpg","uagb_featured_image_src":{"full":["https:\/\/colmedicosantafe1.org.ar\/wp-content\/uploads\/2026\/02\/examen-especilidad.jpg",612,408,false],"thumbnail":["https:\/\/colmedicosantafe1.org.ar\/wp-content\/uploads\/2026\/02\/examen-especilidad-150x150.jpg",150,150,true],"medium":["https:\/\/colmedicosantafe1.org.ar\/wp-content\/uploads\/2026\/02\/examen-especilidad-300x200.jpg",300,200,true],"medium_large":["https:\/\/colmedicosantafe1.org.ar\/wp-content\/uploads\/2026\/02\/examen-especilidad.jpg",612,408,false],"large":["https:\/\/colmedicosantafe1.org.ar\/wp-content\/uploads\/2026\/02\/examen-especilidad.jpg",612,408,false],"1536x1536":["https:\/\/colmedicosantafe1.org.ar\/wp-content\/uploads\/2026\/02\/examen-especilidad.jpg",612,408,false],"2048x2048":["https:\/\/colmedicosantafe1.org.ar\/wp-content\/uploads\/2026\/02\/examen-especilidad.jpg",612,408,false]},"uagb_author_info":{"display_name":"admin","author_link":"https:\/\/colmedicosantafe1.org.ar\/?author=1"},"uagb_comment_info":0,"uagb_excerpt":"El Colegio de M\u00e9dicos informa que, desde el 1 hasta el 14 de septiembre de 2026, estar\u00e1 abierto el per\u00edodo de inscripci\u00f3n para quienes deseen rendir los Ex\u00e1menes de Especialidad 2026. Los profesionales que cumplan con los requisitos establecidos en el Reglamento de Especialidades podr\u00e1n realizar su inscripci\u00f3n a trav\u00e9s del portal web: PORTAL WEB&hellip;","_links":{"self":[{"href":"https:\/\/colmedicosantafe1.org.ar\/index.php?rest_route=\/wp\/v2\/posts\/6779","targetHints":{"allow":["GET"]}}],"collection":[{"href":"https:\/\/colmedicosantafe1.org.ar\/index.php?rest_route=\/wp\/v2\/posts"}],"about":[{"href":"https:\/\/colmedicosantafe1.org.ar\/index.php?rest_route=\/wp\/v2\/types\/post"}],"author":[{"embeddable":true,"href":"https:\/\/colmedicosantafe1.org.ar\/index.php?rest_route=\/wp\/v2\/users\/1"}],"replies":[{"embeddable":true,"href":"https:\/\/colmedicosantafe1.org.ar\/index.php?rest_route=%2Fwp%2Fv2%2Fcomments&post=6779"}],"version-history":[{"count":2,"href":"https:\/\/colmedicosantafe1.org.ar\/index.php?rest_route=\/wp\/v2\/posts\/6779\/revisions"}],"predecessor-version":[{"id":6782,"href":"https:\/\/colmedicosantafe1.org.ar\/index.php?rest_route=\/wp\/v2\/posts\/6779\/revisions\/6782"}],"wp:featuredmedia":[{"embeddable":true,"href":"https:\/\/colmedicosantafe1.org.ar\/index.php?rest_route=\/wp\/v2\/media\/5896"}],"wp:attachment":[{"href":"https:\/\/colmedicosantafe1.org.ar\/index.php?rest_route=%2Fwp%2Fv2%2Fmedia&parent=6779"}],"wp:term":[{"taxonomy":"category","embeddable":true,"href":"https:\/\/colmedicosantafe1.org.ar\/index.php?rest_route=%2Fwp%2Fv2%2Fcategories&post=6779"},{"taxonomy":"post_tag","embeddable":true,"href":"https:\/\/colmedicosantafe1.org.ar\/index.php?rest_route=%2Fwp%2Fv2%2Ftags&post=6779"}],"curies":[{"name":"wp","href":"https:\/\/api.w.org\/{rel}","templated":true}]}}