{"id":6219,"date":"2026-04-29T10:05:57","date_gmt":"2026-04-29T13:05:57","guid":{"rendered":"https:\/\/colmedicosantafe1.org.ar\/?p=6219"},"modified":"2026-04-29T10:07:53","modified_gmt":"2026-04-29T13:07:53","slug":"%f0%9f%8c%8d-%f0%9f%ab%81-martes-5-de-mayo-dia-mundial-del-asma-claves-cientificas-para-mejorar-la-prevencion-el-control-y-la-calidad-de-vida-de-los-pacientes","status":"publish","type":"post","link":"https:\/\/colmedicosantafe1.org.ar\/?p=6219","title":{"rendered":"\ud83c\udf0d \ud83e\udec1 Martes 5 de mayo | D\u00eda Mundial del Asma: claves cient\u00edficas para mejorar la prevenci\u00f3n, el control y la calidad de vida de los pacientes"},"content":{"rendered":"\n<div style=\"height:20px\" aria-hidden=\"true\" class=\"wp-block-spacer\"><\/div>\n\n\n\n<figure class=\"wp-block-image aligncenter size-full is-resized\"><img loading=\"lazy\" decoding=\"async\" width=\"1105\" height=\"600\" src=\"https:\/\/colmedicosantafe1.org.ar\/wp-content\/uploads\/2026\/04\/dia_mundial_asma.webp\" alt=\"D\u00eda Mundial del Asma\" class=\"wp-image-6220\" style=\"width:611px;height:auto\" srcset=\"https:\/\/colmedicosantafe1.org.ar\/wp-content\/uploads\/2026\/04\/dia_mundial_asma.webp 1105w, https:\/\/colmedicosantafe1.org.ar\/wp-content\/uploads\/2026\/04\/dia_mundial_asma-300x163.webp 300w, https:\/\/colmedicosantafe1.org.ar\/wp-content\/uploads\/2026\/04\/dia_mundial_asma-1024x556.webp 1024w, https:\/\/colmedicosantafe1.org.ar\/wp-content\/uploads\/2026\/04\/dia_mundial_asma-768x417.webp 768w\" sizes=\"auto, (max-width: 1105px) 100vw, 1105px\" \/><\/figure>\n\n\n\n<div style=\"height:20px\" aria-hidden=\"true\" class=\"wp-block-spacer\"><\/div>\n\n\n\n<p>En el marco del D\u00eda Mundial del Asma, el Colegio de M\u00e9dicos invita a participar de una reuni\u00f3n organizada por la Sociedad Cient\u00edfica de Alergia e Inmunolog\u00eda de Santa Fe, con el objetivo de aumentar la conciencia global sobre la enfermedad, mejorar su abordaje educativo y promover un control adecuado que contribuya a mejorar la calidad de vida de los pacientes.<\/p>\n\n\n\n<div style=\"height:20px\" aria-hidden=\"true\" class=\"wp-block-spacer\"><\/div>\n\n\n\n<p>Bajo el lema <strong>\u201cAcceso a inhaladores antiinflamatorios para todas las personas con asma \u2013 GINA 2026\u201d<\/strong>, el encuentro se propone como un espacio de actualizaci\u00f3n y reflexi\u00f3n sobre las estrategias actuales en el manejo del asma, tanto a nivel cl\u00ednico como comunitario.<\/p>\n\n\n\n<div style=\"height:20px\" aria-hidden=\"true\" class=\"wp-block-spacer\"><\/div>\n\n\n\n<p>La actividad ser\u00e1 coordinada por los Dres. <strong>Alejandro Gonz\u00e1lez Vara, Bel\u00e9n Vergara y Mart\u00edn Gonz\u00e1lez Vara<\/strong>, y contar\u00e1 con las disertaciones de los Dres. <strong>Hugo E. Neff\u00e9n y Mart\u00edn Maillo<\/strong>, reconocidos referentes en el campo de la alergia e inmunolog\u00eda.<\/p>\n\n\n\n<div style=\"height:20px\" aria-hidden=\"true\" class=\"wp-block-spacer\"><\/div>\n\n\n\n<p>\ud83d\udccd El encuentro se realizar\u00e1 el <strong>martes 5 de mayo,<\/strong> de manera presencial en la sede del Colegio de M\u00e9dicos, ubicada en <strong>Av. Freyre 2448<\/strong>, a las <strong>20:00 horas<\/strong>.<\/p>\n\n\n\n<div style=\"height:20px\" aria-hidden=\"true\" class=\"wp-block-spacer\"><\/div>\n\n\n\n<p>\ud83d\udccc La actividad requiere inscripci\u00f3n previa por razones organizativas.<\/p>\n\n\n\n<div style=\"height:34px\" aria-hidden=\"true\" class=\"wp-block-spacer\"><\/div>\n\n\n\n<div class=\"wp-block-uagb-buttons uagb-buttons__outer-wrap uagb-btn__default-btn uagb-btn-tablet__default-btn uagb-btn-mobile__default-btn uagb-block-0742ac80\"><div class=\"uagb-buttons__wrap uagb-buttons-layout-wrap \">\n<div class=\"wp-block-uagb-buttons-child uagb-buttons__outer-wrap uagb-block-43f4c976 wp-block-button\"><div class=\"uagb-button__wrapper\"><a class=\"uagb-buttons-repeater wp-block-button__link\" aria-label=\"\" href=\"https:\/\/forms.gle\/7zXvy6AM7rm48PHQ9\" rel=\"follow noopener\" target=\"_blank\" role=\"button\"><div class=\"uagb-button__link\">Formulario de Inscripci\u00f3n<\/div><\/a><\/div><\/div>\n<\/div><\/div>\n\n\n\n<div style=\"height:38px\" aria-hidden=\"true\" class=\"wp-block-spacer\"><\/div>\n\n\n\n<p>La convocatoria est\u00e1 dirigida a m\u00e9dicos del primer nivel de atenci\u00f3n, cl\u00ednicos, generalistas, neumon\u00f3logos y especialistas afines, interesados en actualizar conocimientos y fortalecer el abordaje integral del asma.<\/p>\n\n\n\n<div style=\"height:20px\" aria-hidden=\"true\" class=\"wp-block-spacer\"><\/div>\n\n\n\n<p>Desde el Colegio apoyamos estos espacios de formaci\u00f3n continua que permiten mejorar la calidad de atenci\u00f3n y el acceso equitativo a tratamientos esenciales para los pacientes. \u00a1No te lo pierdas!<\/p>\n","protected":false},"excerpt":{"rendered":"<p>En el marco del D\u00eda Mundial del Asma, el Colegio de M\u00e9dicos invita a participar de una reuni\u00f3n organizada por la Sociedad Cient\u00edfica de Alergia e Inmunolog\u00eda de Santa Fe, con el objetivo de aumentar la conciencia global sobre la enfermedad, mejorar su abordaje educativo y promover un control adecuado que contribuya a mejorar la [&hellip;]<\/p>\n","protected":false},"author":1,"featured_media":6220,"comment_status":"open","ping_status":"open","sticky":false,"template":"noticias_novedades","format":"standard","meta":{"_uag_custom_page_level_css":"","_jetpack_memberships_contains_paid_content":false,"footnotes":""},"categories":[12,29],"tags":[],"class_list":["post-6219","post","type-post","status-publish","format-standard","has-post-thumbnail","hentry","category-slider","category-webinarios"],"jetpack_sharing_enabled":true,"jetpack_featured_media_url":"https:\/\/colmedicosantafe1.org.ar\/wp-content\/uploads\/2026\/04\/dia_mundial_asma.webp","uagb_featured_image_src":{"full":["https:\/\/colmedicosantafe1.org.ar\/wp-content\/uploads\/2026\/04\/dia_mundial_asma.webp",1105,600,false],"thumbnail":["https:\/\/colmedicosantafe1.org.ar\/wp-content\/uploads\/2026\/04\/dia_mundial_asma-150x150.webp",150,150,true],"medium":["https:\/\/colmedicosantafe1.org.ar\/wp-content\/uploads\/2026\/04\/dia_mundial_asma-300x163.webp",300,163,true],"medium_large":["https:\/\/colmedicosantafe1.org.ar\/wp-content\/uploads\/2026\/04\/dia_mundial_asma-768x417.webp",768,417,true],"large":["https:\/\/colmedicosantafe1.org.ar\/wp-content\/uploads\/2026\/04\/dia_mundial_asma-1024x556.webp",1024,556,true],"1536x1536":["https:\/\/colmedicosantafe1.org.ar\/wp-content\/uploads\/2026\/04\/dia_mundial_asma.webp",1105,600,false],"2048x2048":["https:\/\/colmedicosantafe1.org.ar\/wp-content\/uploads\/2026\/04\/dia_mundial_asma.webp",1105,600,false]},"uagb_author_info":{"display_name":"admin","author_link":"https:\/\/colmedicosantafe1.org.ar\/?author=1"},"uagb_comment_info":0,"uagb_excerpt":"En el marco del D\u00eda Mundial del Asma, el Colegio de M\u00e9dicos invita a participar de una reuni\u00f3n organizada por la Sociedad Cient\u00edfica de Alergia e Inmunolog\u00eda de Santa Fe, con el objetivo de aumentar la conciencia global sobre la enfermedad, mejorar su abordaje educativo y promover un control adecuado que contribuya a mejorar la&hellip;","_links":{"self":[{"href":"https:\/\/colmedicosantafe1.org.ar\/index.php?rest_route=\/wp\/v2\/posts\/6219","targetHints":{"allow":["GET"]}}],"collection":[{"href":"https:\/\/colmedicosantafe1.org.ar\/index.php?rest_route=\/wp\/v2\/posts"}],"about":[{"href":"https:\/\/colmedicosantafe1.org.ar\/index.php?rest_route=\/wp\/v2\/types\/post"}],"author":[{"embeddable":true,"href":"https:\/\/colmedicosantafe1.org.ar\/index.php?rest_route=\/wp\/v2\/users\/1"}],"replies":[{"embeddable":true,"href":"https:\/\/colmedicosantafe1.org.ar\/index.php?rest_route=%2Fwp%2Fv2%2Fcomments&post=6219"}],"version-history":[{"count":3,"href":"https:\/\/colmedicosantafe1.org.ar\/index.php?rest_route=\/wp\/v2\/posts\/6219\/revisions"}],"predecessor-version":[{"id":6223,"href":"https:\/\/colmedicosantafe1.org.ar\/index.php?rest_route=\/wp\/v2\/posts\/6219\/revisions\/6223"}],"wp:featuredmedia":[{"embeddable":true,"href":"https:\/\/colmedicosantafe1.org.ar\/index.php?rest_route=\/wp\/v2\/media\/6220"}],"wp:attachment":[{"href":"https:\/\/colmedicosantafe1.org.ar\/index.php?rest_route=%2Fwp%2Fv2%2Fmedia&parent=6219"}],"wp:term":[{"taxonomy":"category","embeddable":true,"href":"https:\/\/colmedicosantafe1.org.ar\/index.php?rest_route=%2Fwp%2Fv2%2Fcategories&post=6219"},{"taxonomy":"post_tag","embeddable":true,"href":"https:\/\/colmedicosantafe1.org.ar\/index.php?rest_route=%2Fwp%2Fv2%2Ftags&post=6219"}],"curies":[{"name":"wp","href":"https:\/\/api.w.org\/{rel}","templated":true}]}}