{"id":6201,"date":"2026-04-27T10:17:58","date_gmt":"2026-04-27T13:17:58","guid":{"rendered":"https:\/\/colmedicosantafe1.org.ar\/?p=6201"},"modified":"2026-04-27T11:13:18","modified_gmt":"2026-04-27T14:13:18","slug":"%f0%9f%8f%9b%ef%b8%8f-construyendo-el-futuro-del-colegio-se-realizo-la-primera-reunion-del-ano-del-consejo-asesor-%f0%9f%a4%9d","status":"publish","type":"post","link":"https:\/\/colmedicosantafe1.org.ar\/?p=6201","title":{"rendered":"\ud83c\udfdb\ufe0f Construyendo el futuro del Colegio: se realiz\u00f3 la primera reuni\u00f3n del a\u00f1o del Consejo Asesor\u00a0\ud83e\udd1d"},"content":{"rendered":"\n<div style=\"height:20px\" aria-hidden=\"true\" class=\"wp-block-spacer\"><\/div>\n\n\n\n<p>El pasado s\u00e1bado 18 de abril se llev\u00f3 a cabo la primera reuni\u00f3n del a\u00f1o del Consejo Asesor del Colegio de M\u00e9dicos de la Provincia de Santa Fe, un espacio clave de participaci\u00f3n institucional y construcci\u00f3n colectiva.<\/p>\n\n\n\n<div style=\"height:20px\" aria-hidden=\"true\" class=\"wp-block-spacer\"><\/div>\n\n\n\n<p>Este \u00f3rgano est\u00e1 integrado por representantes de los distintos departamentos de la jurisdicci\u00f3n y sesiona dos veces al a\u00f1o. Su funci\u00f3n es fundamental, ya que constituye una instancia superior de an\u00e1lisis, orientaci\u00f3n y acompa\u00f1amiento en la toma de decisiones de la instituci\u00f3n.<\/p>\n\n\n\n<div style=\"height:20px\" aria-hidden=\"true\" class=\"wp-block-spacer\"><\/div>\n\n\n\n<p>M\u00e1s all\u00e1 de lo formal, este espacio representa una oportunidad para encontrarnos, escucharnos y trabajar en conjunto, con el objetivo de fortalecer el presente y proyectar el futuro del Colegio desde una mirada participativa y comprometida.<\/p>\n\n\n\n<div style=\"height:20px\" aria-hidden=\"true\" class=\"wp-block-spacer\"><\/div>\n\n\n\n<p>Durante la jornada se abordaron temas estrat\u00e9gicos para el desarrollo institucional y el sistema de salud, entre ellos:<\/p>\n\n\n\n<div style=\"height:15px\" aria-hidden=\"true\" class=\"wp-block-spacer\"><\/div>\n\n\n\n<ul class=\"wp-block-list\">\n<li>Implementaci\u00f3n de certificados m\u00e9dicos digitales en toda la provincia<br>\u2022 Avances en la reforma del Estatuto institucional<br>\u2022 Presentaci\u00f3n del Plan de Educaci\u00f3n M\u00e9dica Continua 2027 y recertificaci\u00f3n obligatoria<br>\u2022 Entrega de tensi\u00f3metros y capacitaci\u00f3n en el marco de la estrategia HEARTS, fortaleciendo la atenci\u00f3n primaria<br>\u2022 Progreso del nuevo edificio institucional (2025\u20132026)<\/li>\n<\/ul>\n\n\n\n<div style=\"height:20px\" aria-hidden=\"true\" class=\"wp-block-spacer\"><\/div>\n\n\n\n<p>\ud83d\udca1 Se destacaron especialmente las acciones orientadas a la modernizaci\u00f3n de procesos, la transparencia institucional y el fortalecimiento del sistema de salud.<\/p>\n\n\n\n<div style=\"height:20px\" aria-hidden=\"true\" class=\"wp-block-spacer\"><\/div>\n\n\n\n<p>Desde el Colegio de M\u00e9dicos reafirmamos nuestro compromiso de seguir construyendo una instituci\u00f3n s\u00f3lida, cercana y en permanente evoluci\u00f3n, con el objetivo de garantizar un ejercicio profesional de excelencia y al servicio de la comunidad \u2764\ufe0f<\/p>\n\n\n\n<div style=\"height:30px\" aria-hidden=\"true\" class=\"wp-block-spacer\"><\/div>\n\n\n\n<div class=\"wp-block-jetpack-slideshow aligncenter\" data-autoplay=\"true\" data-delay=\"3\" data-effect=\"slide\"><div class=\"wp-block-jetpack-slideshow_container swiper-container\"><ul class=\"wp-block-jetpack-slideshow_swiper-wrapper swiper-wrapper\"><li class=\"wp-block-jetpack-slideshow_slide swiper-slide\"><figure><img loading=\"lazy\" decoding=\"async\" width=\"1024\" height=\"508\" alt=\"\" class=\"wp-block-jetpack-slideshow_image wp-image-6203\" data-id=\"6203\" src=\"https:\/\/colmedicosantafe1.org.ar\/wp-content\/uploads\/2026\/04\/consejo_Foto1_portada-1-1024x508.webp\" srcset=\"https:\/\/colmedicosantafe1.org.ar\/wp-content\/uploads\/2026\/04\/consejo_Foto1_portada-1-1024x508.webp 1024w, https:\/\/colmedicosantafe1.org.ar\/wp-content\/uploads\/2026\/04\/consejo_Foto1_portada-1-300x149.webp 300w, https:\/\/colmedicosantafe1.org.ar\/wp-content\/uploads\/2026\/04\/consejo_Foto1_portada-1-768x381.webp 768w, https:\/\/colmedicosantafe1.org.ar\/wp-content\/uploads\/2026\/04\/consejo_Foto1_portada-1.webp 1209w\" sizes=\"auto, (max-width: 1024px) 100vw, 1024px\" \/><\/figure><\/li><li class=\"wp-block-jetpack-slideshow_slide swiper-slide\"><figure><img loading=\"lazy\" decoding=\"async\" width=\"1024\" height=\"560\" alt=\"\" class=\"wp-block-jetpack-slideshow_image wp-image-6204\" data-id=\"6204\" src=\"https:\/\/colmedicosantafe1.org.ar\/wp-content\/uploads\/2026\/04\/consejo_foto_2-1024x560.webp\" srcset=\"https:\/\/colmedicosantafe1.org.ar\/wp-content\/uploads\/2026\/04\/consejo_foto_2-1024x560.webp 1024w, https:\/\/colmedicosantafe1.org.ar\/wp-content\/uploads\/2026\/04\/consejo_foto_2-300x164.webp 300w, https:\/\/colmedicosantafe1.org.ar\/wp-content\/uploads\/2026\/04\/consejo_foto_2-768x420.webp 768w, https:\/\/colmedicosantafe1.org.ar\/wp-content\/uploads\/2026\/04\/consejo_foto_2.webp 1098w\" sizes=\"auto, (max-width: 1024px) 100vw, 1024px\" \/><\/figure><\/li><li class=\"wp-block-jetpack-slideshow_slide swiper-slide\"><figure><img loading=\"lazy\" decoding=\"async\" width=\"1024\" height=\"492\" alt=\"\" class=\"wp-block-jetpack-slideshow_image wp-image-6205\" data-id=\"6205\" src=\"https:\/\/colmedicosantafe1.org.ar\/wp-content\/uploads\/2026\/04\/consejo_foto_3-1024x492.webp\" srcset=\"https:\/\/colmedicosantafe1.org.ar\/wp-content\/uploads\/2026\/04\/consejo_foto_3-1024x492.webp 1024w, https:\/\/colmedicosantafe1.org.ar\/wp-content\/uploads\/2026\/04\/consejo_foto_3-300x144.webp 300w, https:\/\/colmedicosantafe1.org.ar\/wp-content\/uploads\/2026\/04\/consejo_foto_3-768x369.webp 768w, https:\/\/colmedicosantafe1.org.ar\/wp-content\/uploads\/2026\/04\/consejo_foto_3.webp 1250w\" sizes=\"auto, (max-width: 1024px) 100vw, 1024px\" \/><\/figure><\/li><\/ul><a class=\"wp-block-jetpack-slideshow_button-prev swiper-button-prev swiper-button-white\" role=\"button\"><\/a><a class=\"wp-block-jetpack-slideshow_button-next swiper-button-next swiper-button-white\" role=\"button\"><\/a><a aria-label=\"Pause Slideshow\" class=\"wp-block-jetpack-slideshow_button-pause\" role=\"button\"><\/a><div class=\"wp-block-jetpack-slideshow_pagination swiper-pagination swiper-pagination-white\"><\/div><\/div><\/div>\n","protected":false},"excerpt":{"rendered":"<p>El pasado s\u00e1bado 18 de abril se llev\u00f3 a cabo la primera reuni\u00f3n del a\u00f1o del Consejo Asesor del Colegio de M\u00e9dicos de la Provincia de Santa Fe, un espacio clave de participaci\u00f3n institucional y construcci\u00f3n colectiva. Este \u00f3rgano est\u00e1 integrado por representantes de los distintos departamentos de la jurisdicci\u00f3n y sesiona dos veces al [&hellip;]<\/p>\n","protected":false},"author":1,"featured_media":6202,"comment_status":"open","ping_status":"open","sticky":false,"template":"noticias_novedades","format":"standard","meta":{"_uag_custom_page_level_css":"","_jetpack_memberships_contains_paid_content":false,"footnotes":""},"categories":[28,12],"tags":[],"class_list":["post-6201","post","type-post","status-publish","format-standard","has-post-thumbnail","hentry","category-novedades","category-slider"],"jetpack_sharing_enabled":true,"jetpack_featured_media_url":"https:\/\/colmedicosantafe1.org.ar\/wp-content\/uploads\/2026\/04\/consejo_Foto1_portada.webp","uagb_featured_image_src":{"full":["https:\/\/colmedicosantafe1.org.ar\/wp-content\/uploads\/2026\/04\/consejo_Foto1_portada.webp",1209,600,false],"thumbnail":["https:\/\/colmedicosantafe1.org.ar\/wp-content\/uploads\/2026\/04\/consejo_Foto1_portada-150x150.webp",150,150,true],"medium":["https:\/\/colmedicosantafe1.org.ar\/wp-content\/uploads\/2026\/04\/consejo_Foto1_portada-300x149.webp",300,149,true],"medium_large":["https:\/\/colmedicosantafe1.org.ar\/wp-content\/uploads\/2026\/04\/consejo_Foto1_portada-768x381.webp",768,381,true],"large":["https:\/\/colmedicosantafe1.org.ar\/wp-content\/uploads\/2026\/04\/consejo_Foto1_portada-1024x508.webp",1024,508,true],"1536x1536":["https:\/\/colmedicosantafe1.org.ar\/wp-content\/uploads\/2026\/04\/consejo_Foto1_portada.webp",1209,600,false],"2048x2048":["https:\/\/colmedicosantafe1.org.ar\/wp-content\/uploads\/2026\/04\/consejo_Foto1_portada.webp",1209,600,false]},"uagb_author_info":{"display_name":"admin","author_link":"https:\/\/colmedicosantafe1.org.ar\/?author=1"},"uagb_comment_info":0,"uagb_excerpt":"El pasado s\u00e1bado 18 de abril se llev\u00f3 a cabo la primera reuni\u00f3n del a\u00f1o del Consejo Asesor del Colegio de M\u00e9dicos de la Provincia de Santa Fe, un espacio clave de participaci\u00f3n institucional y construcci\u00f3n colectiva. Este \u00f3rgano est\u00e1 integrado por representantes de los distintos departamentos de la jurisdicci\u00f3n y sesiona dos veces al&hellip;","_links":{"self":[{"href":"https:\/\/colmedicosantafe1.org.ar\/index.php?rest_route=\/wp\/v2\/posts\/6201","targetHints":{"allow":["GET"]}}],"collection":[{"href":"https:\/\/colmedicosantafe1.org.ar\/index.php?rest_route=\/wp\/v2\/posts"}],"about":[{"href":"https:\/\/colmedicosantafe1.org.ar\/index.php?rest_route=\/wp\/v2\/types\/post"}],"author":[{"embeddable":true,"href":"https:\/\/colmedicosantafe1.org.ar\/index.php?rest_route=\/wp\/v2\/users\/1"}],"replies":[{"embeddable":true,"href":"https:\/\/colmedicosantafe1.org.ar\/index.php?rest_route=%2Fwp%2Fv2%2Fcomments&post=6201"}],"version-history":[{"count":3,"href":"https:\/\/colmedicosantafe1.org.ar\/index.php?rest_route=\/wp\/v2\/posts\/6201\/revisions"}],"predecessor-version":[{"id":6211,"href":"https:\/\/colmedicosantafe1.org.ar\/index.php?rest_route=\/wp\/v2\/posts\/6201\/revisions\/6211"}],"wp:featuredmedia":[{"embeddable":true,"href":"https:\/\/colmedicosantafe1.org.ar\/index.php?rest_route=\/wp\/v2\/media\/6202"}],"wp:attachment":[{"href":"https:\/\/colmedicosantafe1.org.ar\/index.php?rest_route=%2Fwp%2Fv2%2Fmedia&parent=6201"}],"wp:term":[{"taxonomy":"category","embeddable":true,"href":"https:\/\/colmedicosantafe1.org.ar\/index.php?rest_route=%2Fwp%2Fv2%2Fcategories&post=6201"},{"taxonomy":"post_tag","embeddable":true,"href":"https:\/\/colmedicosantafe1.org.ar\/index.php?rest_route=%2Fwp%2Fv2%2Ftags&post=6201"}],"curies":[{"name":"wp","href":"https:\/\/api.w.org\/{rel}","templated":true}]}}