{"id":6063,"date":"2026-04-01T09:55:07","date_gmt":"2026-04-01T12:55:07","guid":{"rendered":"https:\/\/colmedicosantafe1.org.ar\/?p=6063"},"modified":"2026-04-14T08:27:11","modified_gmt":"2026-04-14T11:27:11","slug":"%e2%9c%a8-gran-convocatoria-y-excelencia-en-el-curso-de-ecografia-focus","status":"publish","type":"post","link":"https:\/\/colmedicosantafe1.org.ar\/?p=6063","title":{"rendered":"\u2728 Gran convocatoria y excelencia en el Curso de Ecograf\u00eda FOCUS"},"content":{"rendered":"\n<div style=\"height:20px\" aria-hidden=\"true\" class=\"wp-block-spacer\"><\/div>\n\n\n\n<figure class=\"wp-block-image aligncenter size-full is-resized\"><img loading=\"lazy\" decoding=\"async\" width=\"846\" height=\"600\" src=\"https:\/\/colmedicosantafe1.org.ar\/wp-content\/uploads\/2026\/04\/curso_winfocus.webp\" alt=\"Asistentes al Curso de Ecograf\u00eda\" class=\"wp-image-6064\" style=\"width:611px;height:auto\" srcset=\"https:\/\/colmedicosantafe1.org.ar\/wp-content\/uploads\/2026\/04\/curso_winfocus.webp 846w, https:\/\/colmedicosantafe1.org.ar\/wp-content\/uploads\/2026\/04\/curso_winfocus-300x213.webp 300w, https:\/\/colmedicosantafe1.org.ar\/wp-content\/uploads\/2026\/04\/curso_winfocus-768x545.webp 768w\" sizes=\"auto, (max-width: 846px) 100vw, 846px\" \/><\/figure>\n\n\n\n<div style=\"height:20px\" aria-hidden=\"true\" class=\"wp-block-spacer\"><\/div>\n\n\n\n<p>El Curso Presencial de Ecograf\u00eda <strong>POCUS \u2013 WINFOCUS USLS<\/strong> se desarroll\u00f3 con <strong>gran \u00e9xito<\/strong> los d\u00edas 13 y 14 de marzo de 2026, consolid\u00e1ndose como una <strong>instancia clave de formaci\u00f3n intensiva<\/strong> en ultrasonido aplicado a la emergencia y al paciente cr\u00edtico. \ud83c\udfe5<\/p>\n\n\n\n<div style=\"height:20px\" aria-hidden=\"true\" class=\"wp-block-spacer\"><\/div>\n\n\n\n<p>La propuesta, coordinada por el <strong>Dr. Horacio Locatelli<\/strong> y la <strong>Dra. Paola P\u00e9rez<\/strong>, combin\u00f3 contenidos <strong>te\u00f3ricos y pr\u00e1cticos<\/strong>, logrando una <strong>destacada convocatoria<\/strong> y una participaci\u00f3n activa de profesionales de diversas especialidades m\u00e9dicas. \ud83d\udc69\u200d\u2695\ufe0f\ud83d\udc68\u200d\u2695\ufe0f<\/p>\n\n\n\n<div style=\"height:20px\" aria-hidden=\"true\" class=\"wp-block-spacer\"><\/div>\n\n\n\n<p>La capacitaci\u00f3n estuvo a cargo de <strong>WINFOCUS Latinoam\u00e9rica<\/strong>, referente internacional en educaci\u00f3n en ecograf\u00eda cl\u00ednica, lo que garantiz\u00f3 un <strong>alto nivel acad\u00e9mico<\/strong> y una experiencia de aprendizaje <strong>din\u00e1mica, personalizada y alineada con est\u00e1ndares globales<\/strong>. \ud83c\udf0e\ud83d\udcda<\/p>\n\n\n\n<div style=\"height:20px\" aria-hidden=\"true\" class=\"wp-block-spacer\"><\/div>\n\n\n\n<p>Durante ambas jornadas, m\u00e9dicos emergenci\u00f3logos, cl\u00ednicos, cirujanos, generalistas, especialistas en terapia intensiva y cardi\u00f3logos fortalecieron sus competencias en el uso del ultrasonido en contextos cr\u00edticos, incorporando <strong>herramientas fundamentales para la toma de decisiones<\/strong> en escenarios asistenciales complejos. \u2695\ufe0f<\/p>\n\n\n\n<div style=\"height:20px\" aria-hidden=\"true\" class=\"wp-block-spacer\"><\/div>\n\n\n\n<p>Asimismo, los participantes recibieron la <strong>Certificaci\u00f3n Internacional de WINFOCUS World<\/strong>, un <strong>reconocimiento de prestigio<\/strong> que avala la formaci\u00f3n adquirida y su aplicaci\u00f3n en distintos \u00e1mbitos de la pr\u00e1ctica m\u00e9dica. \ud83c\udf93<\/p>\n\n\n\n<div style=\"height:20px\" aria-hidden=\"true\" class=\"wp-block-spacer\"><\/div>\n\n\n\n<p>Desde el Colegio destacamos la importancia de seguir promoviendo este tipo de <strong>instancias de capacitaci\u00f3n continua<\/strong>, esenciales para la <strong>actualizaci\u00f3n profesional<\/strong> y la <strong>mejora en la calidad de atenci\u00f3n<\/strong> de los pacientes. \ud83d\udca1<\/p>\n\n\n\n<div style=\"height:20px\" aria-hidden=\"true\" class=\"wp-block-spacer\"><\/div>\n\n\n\n<p>Finalmente, expresamos un especial agradecimiento al <strong>Dr. Montorfano<\/strong> y a todo su equipo por el <strong>compromiso, la dedicaci\u00f3n y la excelencia<\/strong> demostrada en el desarrollo del curso, factores clave para el \u00e9xito de esta propuesta formativa. \ud83d\ude4c<\/p>\n\n\n\n<div style=\"height:20px\" aria-hidden=\"true\" class=\"wp-block-spacer\"><\/div>\n","protected":false},"excerpt":{"rendered":"<p>El Curso Presencial de Ecograf\u00eda POCUS \u2013 WINFOCUS USLS se desarroll\u00f3 con gran \u00e9xito los d\u00edas 13 y 14 de marzo de 2026, consolid\u00e1ndose como una instancia clave de formaci\u00f3n intensiva en ultrasonido aplicado a la emergencia y al paciente cr\u00edtico. \ud83c\udfe5 La propuesta, coordinada por el Dr. Horacio Locatelli y la Dra. Paola P\u00e9rez, [&hellip;]<\/p>\n","protected":false},"author":1,"featured_media":6064,"comment_status":"open","ping_status":"open","sticky":false,"template":"noticias_novedades","format":"standard","meta":{"_uag_custom_page_level_css":"","_jetpack_memberships_contains_paid_content":false,"footnotes":""},"categories":[],"tags":[],"class_list":["post-6063","post","type-post","status-publish","format-standard","has-post-thumbnail","hentry"],"jetpack_sharing_enabled":true,"jetpack_featured_media_url":"https:\/\/colmedicosantafe1.org.ar\/wp-content\/uploads\/2026\/04\/curso_winfocus.webp","uagb_featured_image_src":{"full":["https:\/\/colmedicosantafe1.org.ar\/wp-content\/uploads\/2026\/04\/curso_winfocus.webp",846,600,false],"thumbnail":["https:\/\/colmedicosantafe1.org.ar\/wp-content\/uploads\/2026\/04\/curso_winfocus-150x150.webp",150,150,true],"medium":["https:\/\/colmedicosantafe1.org.ar\/wp-content\/uploads\/2026\/04\/curso_winfocus-300x213.webp",300,213,true],"medium_large":["https:\/\/colmedicosantafe1.org.ar\/wp-content\/uploads\/2026\/04\/curso_winfocus-768x545.webp",768,545,true],"large":["https:\/\/colmedicosantafe1.org.ar\/wp-content\/uploads\/2026\/04\/curso_winfocus.webp",846,600,false],"1536x1536":["https:\/\/colmedicosantafe1.org.ar\/wp-content\/uploads\/2026\/04\/curso_winfocus.webp",846,600,false],"2048x2048":["https:\/\/colmedicosantafe1.org.ar\/wp-content\/uploads\/2026\/04\/curso_winfocus.webp",846,600,false]},"uagb_author_info":{"display_name":"admin","author_link":"https:\/\/colmedicosantafe1.org.ar\/?author=1"},"uagb_comment_info":0,"uagb_excerpt":"El Curso Presencial de Ecograf\u00eda POCUS \u2013 WINFOCUS USLS se desarroll\u00f3 con gran \u00e9xito los d\u00edas 13 y 14 de marzo de 2026, consolid\u00e1ndose como una instancia clave de formaci\u00f3n intensiva en ultrasonido aplicado a la emergencia y al paciente cr\u00edtico. \ud83c\udfe5 La propuesta, coordinada por el Dr. Horacio Locatelli y la Dra. Paola P\u00e9rez,&hellip;","_links":{"self":[{"href":"https:\/\/colmedicosantafe1.org.ar\/index.php?rest_route=\/wp\/v2\/posts\/6063","targetHints":{"allow":["GET"]}}],"collection":[{"href":"https:\/\/colmedicosantafe1.org.ar\/index.php?rest_route=\/wp\/v2\/posts"}],"about":[{"href":"https:\/\/colmedicosantafe1.org.ar\/index.php?rest_route=\/wp\/v2\/types\/post"}],"author":[{"embeddable":true,"href":"https:\/\/colmedicosantafe1.org.ar\/index.php?rest_route=\/wp\/v2\/users\/1"}],"replies":[{"embeddable":true,"href":"https:\/\/colmedicosantafe1.org.ar\/index.php?rest_route=%2Fwp%2Fv2%2Fcomments&post=6063"}],"version-history":[{"count":1,"href":"https:\/\/colmedicosantafe1.org.ar\/index.php?rest_route=\/wp\/v2\/posts\/6063\/revisions"}],"predecessor-version":[{"id":6066,"href":"https:\/\/colmedicosantafe1.org.ar\/index.php?rest_route=\/wp\/v2\/posts\/6063\/revisions\/6066"}],"wp:featuredmedia":[{"embeddable":true,"href":"https:\/\/colmedicosantafe1.org.ar\/index.php?rest_route=\/wp\/v2\/media\/6064"}],"wp:attachment":[{"href":"https:\/\/colmedicosantafe1.org.ar\/index.php?rest_route=%2Fwp%2Fv2%2Fmedia&parent=6063"}],"wp:term":[{"taxonomy":"category","embeddable":true,"href":"https:\/\/colmedicosantafe1.org.ar\/index.php?rest_route=%2Fwp%2Fv2%2Fcategories&post=6063"},{"taxonomy":"post_tag","embeddable":true,"href":"https:\/\/colmedicosantafe1.org.ar\/index.php?rest_route=%2Fwp%2Fv2%2Ftags&post=6063"}],"curies":[{"name":"wp","href":"https:\/\/api.w.org\/{rel}","templated":true}]}}