{"id":5999,"date":"2026-04-23T14:12:00","date_gmt":"2026-04-23T17:12:00","guid":{"rendered":"https:\/\/colmedicosantafe1.org.ar\/?p=5999"},"modified":"2026-04-28T13:48:23","modified_gmt":"2026-04-28T16:48:23","slug":"%f0%9f%9a%91-capacitacion-2026-para-choferes-de-ambulancias","status":"publish","type":"post","link":"https:\/\/colmedicosantafe1.org.ar\/?p=5999","title":{"rendered":"\ud83d\ude91 Capacitaci\u00f3n 2026 para Choferes de Ambulancias"},"content":{"rendered":"\n<p>El <strong>Colegio de M\u00e9dicos de la Provincia de Santa Fe \u2013 1ra. Circunscripci\u00f3n<\/strong> lanza una nueva edici\u00f3n del <strong>Curso Intensivo para Choferes de Ambulancias<\/strong>, una formaci\u00f3n clave para quienes tienen un rol fundamental en la respuesta ante emergencias.<\/p>\n\n\n\n<div style=\"height:19px\" aria-hidden=\"true\" class=\"wp-block-spacer\"><\/div>\n\n\n\n<p>\ud83d\uddd3 <strong>Fecha: <\/strong>Lunes 11 de mayo<br>\ud83d\udd58 <strong>Horario: <\/strong>9 a 18 h.<br>\ud83d\udccd <strong>Modalidad: <\/strong>Presencial | Sede: Av. Freyre 2448, Santa Fe<br>\ud83d\udcc4 <strong>Cupos limitados | Con inscripci\u00f3n previa y examen final<\/strong><br>\ud83d\udcdc Se entregar\u00e1 <strong>certificaci\u00f3n oficial (diploma)<\/strong><br>\ud83d\udcb5 Curso arancelado (para consultas sobre el pago del arancel: \ud83d\udce7 <strong>marianam@cmsf.org.ar<\/strong>)<\/p>\n\n\n\n<div style=\"height:29px\" aria-hidden=\"true\" class=\"wp-block-spacer\"><\/div>\n\n\n\n<div class=\"wp-block-uagb-buttons uagb-buttons__outer-wrap uagb-btn__default-btn uagb-btn-tablet__default-btn uagb-btn-mobile__default-btn uagb-block-0742ac80\"><div class=\"uagb-buttons__wrap uagb-buttons-layout-wrap \">\n<div class=\"wp-block-uagb-buttons-child uagb-buttons__outer-wrap uagb-block-43f4c976 wp-block-button\"><div class=\"uagb-button__wrapper\"><a class=\"uagb-buttons-repeater wp-block-button__link\" aria-label=\"\" href=\"https:\/\/forms.gle\/1z6Xv2M7gfDxeK9e8\" rel=\"follow noopener\" target=\"_blank\" role=\"button\"><div class=\"uagb-button__link\">Formulario de Inscripci\u00f3n<\/div><\/a><\/div><\/div>\n<\/div><\/div>\n\n\n\n<div style=\"height:18px\" aria-hidden=\"true\" class=\"wp-block-spacer\"><\/div>\n\n\n\n<p><strong>\u00bfA qui\u00e9n est\u00e1 dirigido?<\/strong><br>A choferes de ambulancias que buscan profesionalizar su rol, actualizar conocimientos clave y fortalecer la seguridad en el traslado de pacientes.<\/p>\n\n\n\n<div style=\"height:18px\" aria-hidden=\"true\" class=\"wp-block-spacer\"><\/div>\n\n\n\n<p><strong>\ud83e\udde0 Contenidos principales:<\/strong><\/p>\n\n\n\n<ul class=\"wp-block-list\">\n<li>Tipos de unidades del sistema de salud y sus caracter\u00edsticas<\/li>\n\n\n\n<li>El chofer profesional: perfil, deberes y responsabilidades<\/li>\n\n\n\n<li><strong>Manejo defensivo: <\/strong>estrategias clave<\/li>\n\n\n\n<li>La <strong>Trilog\u00eda Vial:<\/strong> factores humanos, vehiculares y del entorno<\/li>\n\n\n\n<li>Prevenci\u00f3n, documentaci\u00f3n y control: el rol del checklist<\/li>\n\n\n\n<li>Diferencias entre chofer y conductor<\/li>\n\n\n\n<li>Marco legal: Ley de Tr\u00e1nsito aplicada al sector<\/li>\n<\/ul>\n\n\n\n<div style=\"height:21px\" aria-hidden=\"true\" class=\"wp-block-spacer\"><\/div>\n\n\n\n<p>\ud83d\udee0 <strong>Din\u00e1mica del curso:<\/strong><\/p>\n\n\n\n<ul class=\"wp-block-list\">\n<li>Legislaci\u00f3n vial y conducci\u00f3n en contexto de emergencia<\/li>\n\n\n\n<li>Primeros auxilios b\u00e1sicos<\/li>\n\n\n\n<li>Aparatolog\u00eda m\u00e9dica en ambulancias<\/li>\n\n\n\n<li>Ejercicios pr\u00e1cticos sobre din\u00e1mica de trabajo y simulaci\u00f3n de situaciones reales<\/li>\n<\/ul>\n\n\n\n<div style=\"height:21px\" aria-hidden=\"true\" class=\"wp-block-spacer\"><\/div>\n\n\n\n<p><strong>\ud83d\udccc Importante:<\/strong><\/p>\n\n\n\n<p>El curso tiene evaluaci\u00f3n final obligatoria. La aprobaci\u00f3n es requisito para la entrega del diploma.<\/p>\n\n\n\n<div style=\"height:21px\" aria-hidden=\"true\" class=\"wp-block-spacer\"><\/div>\n\n\n\n<p><strong>Consultas: e informes<\/strong> \ud83d\udce7 <a href=\"mailto:marianam@cmsf.org.ar\">marianam@cmsf.org.ar<\/a> o WhatsApp: 342 5 289747<\/p>\n","protected":false},"excerpt":{"rendered":"<p>El Colegio de M\u00e9dicos de la Provincia de Santa Fe \u2013 1ra. Circunscripci\u00f3n lanza una nueva edici\u00f3n del Curso Intensivo para Choferes de Ambulancias, una formaci\u00f3n clave para quienes tienen un rol fundamental en la respuesta ante emergencias. \ud83d\uddd3 Fecha: Lunes 11 de mayo\ud83d\udd58 Horario: 9 a 18 h.\ud83d\udccd Modalidad: Presencial | Sede: Av. Freyre [&hellip;]<\/p>\n","protected":false},"author":1,"featured_media":5074,"comment_status":"closed","ping_status":"open","sticky":false,"template":"wp-custom-template-cursos","format":"standard","meta":{"_uag_custom_page_level_css":"","_jetpack_memberships_contains_paid_content":false,"footnotes":""},"categories":[12,29],"tags":[],"class_list":["post-5999","post","type-post","status-publish","format-standard","has-post-thumbnail","hentry","category-slider","category-webinarios"],"jetpack_sharing_enabled":true,"jetpack_featured_media_url":"https:\/\/colmedicosantafe1.org.ar\/wp-content\/uploads\/2025\/08\/curso-choferes-Sep2025.jpg","uagb_featured_image_src":{"full":["https:\/\/colmedicosantafe1.org.ar\/wp-content\/uploads\/2025\/08\/curso-choferes-Sep2025.jpg",612,409,false],"thumbnail":["https:\/\/colmedicosantafe1.org.ar\/wp-content\/uploads\/2025\/08\/curso-choferes-Sep2025-150x150.jpg",150,150,true],"medium":["https:\/\/colmedicosantafe1.org.ar\/wp-content\/uploads\/2025\/08\/curso-choferes-Sep2025-300x200.jpg",300,200,true],"medium_large":["https:\/\/colmedicosantafe1.org.ar\/wp-content\/uploads\/2025\/08\/curso-choferes-Sep2025.jpg",612,409,false],"large":["https:\/\/colmedicosantafe1.org.ar\/wp-content\/uploads\/2025\/08\/curso-choferes-Sep2025.jpg",612,409,false],"1536x1536":["https:\/\/colmedicosantafe1.org.ar\/wp-content\/uploads\/2025\/08\/curso-choferes-Sep2025.jpg",612,409,false],"2048x2048":["https:\/\/colmedicosantafe1.org.ar\/wp-content\/uploads\/2025\/08\/curso-choferes-Sep2025.jpg",612,409,false]},"uagb_author_info":{"display_name":"admin","author_link":"https:\/\/colmedicosantafe1.org.ar\/?author=1"},"uagb_comment_info":0,"uagb_excerpt":"El Colegio de M\u00e9dicos de la Provincia de Santa Fe \u2013 1ra. Circunscripci\u00f3n lanza una nueva edici\u00f3n del Curso Intensivo para Choferes de Ambulancias, una formaci\u00f3n clave para quienes tienen un rol fundamental en la respuesta ante emergencias. \ud83d\uddd3 Fecha: Lunes 11 de mayo\ud83d\udd58 Horario: 9 a 18 h.\ud83d\udccd Modalidad: Presencial | Sede: Av. Freyre&hellip;","_links":{"self":[{"href":"https:\/\/colmedicosantafe1.org.ar\/index.php?rest_route=\/wp\/v2\/posts\/5999","targetHints":{"allow":["GET"]}}],"collection":[{"href":"https:\/\/colmedicosantafe1.org.ar\/index.php?rest_route=\/wp\/v2\/posts"}],"about":[{"href":"https:\/\/colmedicosantafe1.org.ar\/index.php?rest_route=\/wp\/v2\/types\/post"}],"author":[{"embeddable":true,"href":"https:\/\/colmedicosantafe1.org.ar\/index.php?rest_route=\/wp\/v2\/users\/1"}],"replies":[{"embeddable":true,"href":"https:\/\/colmedicosantafe1.org.ar\/index.php?rest_route=%2Fwp%2Fv2%2Fcomments&post=5999"}],"version-history":[{"count":1,"href":"https:\/\/colmedicosantafe1.org.ar\/index.php?rest_route=\/wp\/v2\/posts\/5999\/revisions"}],"predecessor-version":[{"id":6000,"href":"https:\/\/colmedicosantafe1.org.ar\/index.php?rest_route=\/wp\/v2\/posts\/5999\/revisions\/6000"}],"wp:featuredmedia":[{"embeddable":true,"href":"https:\/\/colmedicosantafe1.org.ar\/index.php?rest_route=\/wp\/v2\/media\/5074"}],"wp:attachment":[{"href":"https:\/\/colmedicosantafe1.org.ar\/index.php?rest_route=%2Fwp%2Fv2%2Fmedia&parent=5999"}],"wp:term":[{"taxonomy":"category","embeddable":true,"href":"https:\/\/colmedicosantafe1.org.ar\/index.php?rest_route=%2Fwp%2Fv2%2Fcategories&post=5999"},{"taxonomy":"post_tag","embeddable":true,"href":"https:\/\/colmedicosantafe1.org.ar\/index.php?rest_route=%2Fwp%2Fv2%2Ftags&post=5999"}],"curies":[{"name":"wp","href":"https:\/\/api.w.org\/{rel}","templated":true}]}}