{"id":5989,"date":"2026-03-13T11:46:14","date_gmt":"2026-03-13T14:46:14","guid":{"rendered":"https:\/\/colmedicosantafe1.org.ar\/?p=5989"},"modified":"2026-03-13T11:46:14","modified_gmt":"2026-03-13T14:46:14","slug":"%f0%9f%a9%ba-historias-endocrinas-ciencia-experiencia-y-el-arte-de-la-practica-clinica-inicio-jueves-19-de-marzo","status":"publish","type":"post","link":"https:\/\/colmedicosantafe1.org.ar\/?p=5989","title":{"rendered":"\ud83e\ude7a \u201cHistorias Endocrinas\u201d: Ciencia, experiencia y el arte de la pr\u00e1ctica cl\u00ednica |Inicio: jueves 19 de marzo"},"content":{"rendered":"\n<p>La <strong>Asociaci\u00f3n Santafesina de Endocrinolog\u00eda y Metabolismo (ASEM)<\/strong> presenta <strong>\u201cHistorias Endocrinas: Donde el arte y la evidencia se encuentran en el consultorio\u201d<\/strong>, un ciclo de charlas mensuales que combina rigor cient\u00edfico, experiencias cl\u00ednicas y un enfoque profundamente humano.<\/p>\n\n\n\n<div style=\"height:25px\" aria-hidden=\"true\" class=\"wp-block-spacer\"><\/div>\n\n\n\n<p>Este espacio est\u00e1 pensado para <strong>profesionales de la salud<\/strong> que desean actualizarse, compartir experiencias y debatir casos cl\u00ednicos reales, promoviendo tanto la excelencia cient\u00edfica como el arte de la pr\u00e1ctica m\u00e9dica cotidiana.<\/p>\n\n\n\n<div style=\"height:25px\" aria-hidden=\"true\" class=\"wp-block-spacer\"><\/div>\n\n\n\n<h5 class=\"wp-block-heading\"><strong>\ud83d\udd52 Formato, modalidad y fechas<\/strong><\/h5>\n\n\n\n<ul class=\"wp-block-list\">\n<li><strong>Inicio:<\/strong> Jueves 19 de marzo (Diabetes 2026 &#8211; Nuevos paradigmas)\u00a0<\/li>\n\n\n\n<li><strong>Frecuencia:<\/strong> Tercer jueves de cada mes<\/li>\n\n\n\n<li><strong>Horario:<\/strong> 19:30 a 20:30 hs (hora local)<\/li>\n\n\n\n<li><strong>Modalidad h\u00edbrida: Presencial<\/strong> (en el Colegio &#8211; Av Freyre 2448) o <strong>Virtual:<\/strong> (x la Plataforma Zoom)<\/li>\n<\/ul>\n\n\n\n<div style=\"height:25px\" aria-hidden=\"true\" class=\"wp-block-spacer\"><\/div>\n\n\n\n<h5 class=\"wp-block-heading\"><strong>\u2705 Inscripci\u00f3n y participaci\u00f3n<\/strong><\/h5>\n\n\n\n<p><strong>Cupos ilimitados:<\/strong> \u00a1Queremos que nadie se quede afuera!<\/p>\n\n\n\n<p><strong>Gratuito:<\/strong> Acceso libre a todas las charlas<\/p>\n\n\n\n<p><strong>Inscripci\u00f3n previa obligatoria:<\/strong> Para asegurar tu lugar y recibir el link de acceso<\/p>\n\n\n\n<div style=\"height:30px\" aria-hidden=\"true\" class=\"wp-block-spacer\"><\/div>\n\n\n\n<div class=\"wp-block-uagb-buttons uagb-buttons__outer-wrap uagb-btn__default-btn uagb-btn-tablet__default-btn uagb-btn-mobile__default-btn uagb-block-0742ac80\"><div class=\"uagb-buttons__wrap uagb-buttons-layout-wrap \">\n<div class=\"wp-block-uagb-buttons-child uagb-buttons__outer-wrap uagb-block-43f4c976 wp-block-button\"><div class=\"uagb-button__wrapper\"><a class=\"uagb-buttons-repeater wp-block-button__link\" aria-label=\"\" href=\"https:\/\/us06web.zoom.us\/webinar\/register\/WN_eVx1WJjzTvWgmPXwuKb0Tw#\/registration\" rel=\"follow noopener\" target=\"_blank\" role=\"button\"><div class=\"uagb-button__link\">Formulario de Inscripci\u00f3n<\/div><\/a><\/div><\/div>\n<\/div><\/div>\n\n\n\n<div style=\"height:25px\" aria-hidden=\"true\" class=\"wp-block-spacer\"><\/div>\n\n\n\n<p><strong>\ud83d\udc69\u200d\u2695\ufe0f \u00bfA qui\u00e9n est\u00e1 dirigido?<\/strong><\/p>\n\n\n\n<ul class=\"wp-block-list\">\n<li><strong>Especialistas en Endocrinolog\u00eda:<\/strong> Para profundizar en casos complejos y tendencias actuales.<\/li>\n\n\n\n<li><strong>M\u00e9dicos cl\u00ednicos y generalistas:<\/strong> Para fortalecer habilidades en el manejo de patolog\u00edas endocrinas frecuentes.<\/li>\n\n\n\n<li><strong>Residentes y estudiantes avanzados de Medicina:<\/strong> Para enriquecer su formaci\u00f3n con la experiencia pr\u00e1ctica de colegas y expertos.<\/li>\n\n\n\n<li><strong>Profesionales de especialidades afines:<\/strong> Como cardi\u00f3logos, cirujanos, nefr\u00f3logos, ginec\u00f3logos, nutricionistas y otros, interesados en la colaboraci\u00f3n interdisciplinaria con endocrinolog\u00eda.<\/li>\n<\/ul>\n\n\n\n<div style=\"height:25px\" aria-hidden=\"true\" class=\"wp-block-spacer\"><\/div>\n\n\n\n<h5 class=\"wp-block-heading\"><strong>\ud83c\udf1f Por qu\u00e9 participar<\/strong><\/h5>\n\n\n\n<ul class=\"wp-block-list\">\n<li><strong>Actualizaci\u00f3n profesional continua:<\/strong> Conoc\u00e9 las \u00faltimas evidencias y gu\u00edas cl\u00ednicas en endocrinolog\u00eda.<\/li>\n\n\n\n<li><strong>Casos cl\u00ednicos reales:<\/strong> Mejor\u00e1 tus habilidades diagn\u00f3sticas y terap\u00e9uticas en situaciones complejas.<\/li>\n\n\n\n<li><strong>Enfoque integrador:<\/strong> Ciencia, experiencia y sensibilidad cl\u00ednica en un solo espacio.<\/li>\n\n\n\n<li><strong>Red de profesionales:<\/strong> Conect\u00e1 con colegas y referentes de la salud para intercambiar saberes.<\/li>\n\n\n\n<li><strong>Comodidad y accesibilidad:<\/strong> Asist\u00ed en persona o desde donde est\u00e9s.<\/li>\n<\/ul>\n\n\n\n<div style=\"height:25px\" aria-hidden=\"true\" class=\"wp-block-spacer\"><\/div>\n\n\n\n<p>\ud83c\udf93 Sumate a <strong>\u201cHistorias Endocrinas\u201d<\/strong> a partir del <strong>jueves 19 de marzo<\/strong> y descubr\u00ed c\u00f3mo el arte de la medicina se refleja en cada consulta.<\/p>\n\n\n\n<div style=\"height:25px\" aria-hidden=\"true\" class=\"wp-block-spacer\"><\/div>\n\n\n\n<p>\ud83d\udcdd <strong>La inscripci\u00f3n ya est\u00e1 abierta. \u00a1No te lo pierdas!<\/strong><\/p>\n\n\n\n<p><\/p>\n","protected":false},"excerpt":{"rendered":"<p>La Asociaci\u00f3n Santafesina de Endocrinolog\u00eda y Metabolismo (ASEM) presenta \u201cHistorias Endocrinas: Donde el arte y la evidencia se encuentran en el consultorio\u201d, un ciclo de charlas mensuales que combina rigor cient\u00edfico, experiencias cl\u00ednicas y un enfoque profundamente humano. Este espacio est\u00e1 pensado para profesionales de la salud que desean actualizarse, compartir experiencias y debatir casos [&hellip;]<\/p>\n","protected":false},"author":1,"featured_media":5987,"comment_status":"closed","ping_status":"open","sticky":false,"template":"wp-custom-template-cursos","format":"standard","meta":{"_uag_custom_page_level_css":"","_jetpack_memberships_contains_paid_content":false,"footnotes":""},"categories":[30,12],"tags":[],"class_list":["post-5989","post","type-post","status-publish","format-standard","has-post-thumbnail","hentry","category-cursos","category-slider"],"jetpack_sharing_enabled":true,"jetpack_featured_media_url":"https:\/\/colmedicosantafe1.org.ar\/wp-content\/uploads\/2026\/03\/web_hist_endocrino.webp","uagb_featured_image_src":{"full":["https:\/\/colmedicosantafe1.org.ar\/wp-content\/uploads\/2026\/03\/web_hist_endocrino.webp",896,600,false],"thumbnail":["https:\/\/colmedicosantafe1.org.ar\/wp-content\/uploads\/2026\/03\/web_hist_endocrino-150x150.webp",150,150,true],"medium":["https:\/\/colmedicosantafe1.org.ar\/wp-content\/uploads\/2026\/03\/web_hist_endocrino-300x201.webp",300,201,true],"medium_large":["https:\/\/colmedicosantafe1.org.ar\/wp-content\/uploads\/2026\/03\/web_hist_endocrino-768x514.webp",768,514,true],"large":["https:\/\/colmedicosantafe1.org.ar\/wp-content\/uploads\/2026\/03\/web_hist_endocrino.webp",896,600,false],"1536x1536":["https:\/\/colmedicosantafe1.org.ar\/wp-content\/uploads\/2026\/03\/web_hist_endocrino.webp",896,600,false],"2048x2048":["https:\/\/colmedicosantafe1.org.ar\/wp-content\/uploads\/2026\/03\/web_hist_endocrino.webp",896,600,false]},"uagb_author_info":{"display_name":"admin","author_link":"https:\/\/colmedicosantafe1.org.ar\/?author=1"},"uagb_comment_info":0,"uagb_excerpt":"La Asociaci\u00f3n Santafesina de Endocrinolog\u00eda y Metabolismo (ASEM) presenta \u201cHistorias Endocrinas: Donde el arte y la evidencia se encuentran en el consultorio\u201d, un ciclo de charlas mensuales que combina rigor cient\u00edfico, experiencias cl\u00ednicas y un enfoque profundamente humano. Este espacio est\u00e1 pensado para profesionales de la salud que desean actualizarse, compartir experiencias y debatir casos&hellip;","_links":{"self":[{"href":"https:\/\/colmedicosantafe1.org.ar\/index.php?rest_route=\/wp\/v2\/posts\/5989","targetHints":{"allow":["GET"]}}],"collection":[{"href":"https:\/\/colmedicosantafe1.org.ar\/index.php?rest_route=\/wp\/v2\/posts"}],"about":[{"href":"https:\/\/colmedicosantafe1.org.ar\/index.php?rest_route=\/wp\/v2\/types\/post"}],"author":[{"embeddable":true,"href":"https:\/\/colmedicosantafe1.org.ar\/index.php?rest_route=\/wp\/v2\/users\/1"}],"replies":[{"embeddable":true,"href":"https:\/\/colmedicosantafe1.org.ar\/index.php?rest_route=%2Fwp%2Fv2%2Fcomments&post=5989"}],"version-history":[{"count":3,"href":"https:\/\/colmedicosantafe1.org.ar\/index.php?rest_route=\/wp\/v2\/posts\/5989\/revisions"}],"predecessor-version":[{"id":5992,"href":"https:\/\/colmedicosantafe1.org.ar\/index.php?rest_route=\/wp\/v2\/posts\/5989\/revisions\/5992"}],"wp:featuredmedia":[{"embeddable":true,"href":"https:\/\/colmedicosantafe1.org.ar\/index.php?rest_route=\/wp\/v2\/media\/5987"}],"wp:attachment":[{"href":"https:\/\/colmedicosantafe1.org.ar\/index.php?rest_route=%2Fwp%2Fv2%2Fmedia&parent=5989"}],"wp:term":[{"taxonomy":"category","embeddable":true,"href":"https:\/\/colmedicosantafe1.org.ar\/index.php?rest_route=%2Fwp%2Fv2%2Fcategories&post=5989"},{"taxonomy":"post_tag","embeddable":true,"href":"https:\/\/colmedicosantafe1.org.ar\/index.php?rest_route=%2Fwp%2Fv2%2Ftags&post=5989"}],"curies":[{"name":"wp","href":"https:\/\/api.w.org\/{rel}","templated":true}]}}