{"id":5976,"date":"2026-03-11T10:51:04","date_gmt":"2026-03-11T13:51:04","guid":{"rendered":"https:\/\/colmedicosantafe1.org.ar\/?p=5976"},"modified":"2026-03-11T10:51:04","modified_gmt":"2026-03-11T13:51:04","slug":"%f0%9f%ab%81%f0%9f%a6%a0-webinar-neumonia-adquirida-en-la-comunidad-practica-clinica-y-nuevas-perspectivas-lunes-16-de-marzo","status":"publish","type":"post","link":"https:\/\/colmedicosantafe1.org.ar\/?p=5976","title":{"rendered":"\ud83e\udec1\ud83e\udda0 Webinar | Neumon\u00eda adquirida en la comunidad: pr\u00e1ctica cl\u00ednica y nuevas perspectivas | lunes 16 de marzo"},"content":{"rendered":"\n<figure class=\"wp-block-image aligncenter size-full is-resized\" style=\"margin-top:0;margin-bottom:var(--wp--preset--spacing--20)\"><img loading=\"lazy\" decoding=\"async\" width=\"900\" height=\"600\" src=\"https:\/\/colmedicosantafe1.org.ar\/wp-content\/uploads\/2026\/03\/web_neumonia.webp\" alt=\"Adulto mayor con neumon\u00eda\" class=\"wp-image-5977\" style=\"width:602px;height:auto\" srcset=\"https:\/\/colmedicosantafe1.org.ar\/wp-content\/uploads\/2026\/03\/web_neumonia.webp 900w, https:\/\/colmedicosantafe1.org.ar\/wp-content\/uploads\/2026\/03\/web_neumonia-300x200.webp 300w, https:\/\/colmedicosantafe1.org.ar\/wp-content\/uploads\/2026\/03\/web_neumonia-768x512.webp 768w\" sizes=\"auto, (max-width: 900px) 100vw, 900px\" \/><\/figure>\n\n\n\n<div style=\"height:16px\" aria-hidden=\"true\" class=\"wp-block-spacer\"><\/div>\n\n\n\n<p>El <strong>Colegio de M\u00e9dicos de la Provincia de Santa Fe \u2013 Primera Circunscripci\u00f3n<\/strong> invita a participar de un nuevo encuentro de <strong>formaci\u00f3n profesional<\/strong>, que se realizar\u00e1 el <strong>lunes 16 de marzo a las 20:00 h<\/strong>, en modalidad virtual.<\/p>\n\n\n\n<div style=\"height:16px\" aria-hidden=\"true\" class=\"wp-block-spacer\"><\/div>\n\n\n\n<p>La actividad abordar\u00e1 la tem\u00e1tica <strong>\u201cNeumon\u00eda adquirida en la comunidad: pr\u00e1ctica cl\u00ednica y nuevas perspectivas\u201d<\/strong>, con una actualizaci\u00f3n sobre diagn\u00f3stico, manejo cl\u00ednico y estrategias de prevenci\u00f3n.<\/p>\n\n\n\n<div style=\"height:16px\" aria-hidden=\"true\" class=\"wp-block-spacer\"><\/div>\n\n\n\n<p>La capacitaci\u00f3n estar\u00e1 a cargo del <strong>Dr. Fernando Oscar Riera<\/strong>, m\u00e9dico especialista en infectolog\u00eda, docente universitario y doctor en medicina.<\/p>\n\n\n\n<div style=\"height:16px\" aria-hidden=\"true\" class=\"wp-block-spacer\"><\/div>\n\n\n\n<p>\ud83d\udcbb <strong>Modalidad:<\/strong> virtual (por Zoom)<br>\ud83c\udf9f <strong>Actividad gratuita<\/strong> (requiere inscripci\u00f3n previa)<\/p>\n\n\n\n<div style=\"height:18px\" aria-hidden=\"true\" class=\"wp-block-spacer\"><\/div>\n\n\n\n<div class=\"wp-block-buttons is-content-justification-center is-layout-flex wp-container-core-buttons-is-layout-a89b3969 wp-block-buttons-is-layout-flex\">\n<div class=\"wp-block-button is-style-fill\"><a class=\"wp-block-button__link has-background has-text-align-center wp-element-button\" href=\"https:\/\/us06web.zoom.us\/webinar\/register\/WN_hqH0ksrhQymk3sT4XFrm1A\" style=\"background:linear-gradient(135deg,rgb(2,120,80) 0%,rgb(2,120,80) 100%)\" target=\"_blank\" rel=\"noreferrer noopener\">Formulario de Inscripci\u00f3n<\/a><\/div>\n<\/div>\n\n\n\n<div style=\"height:13px\" aria-hidden=\"true\" class=\"wp-block-spacer\"><\/div>\n\n\n\n<h5 class=\"wp-block-heading\">\ud83c\udfaf <strong>Objetivos del encuentro<\/strong><\/h5>\n\n\n\n<div style=\"height:5px\" aria-hidden=\"true\" class=\"wp-block-spacer\"><\/div>\n\n\n\n<p>\u2022 Reconocer los distintos tipos de neumon\u00eda adquirida en la comunidad.<br>\u2022 Evaluar el pron\u00f3stico a corto y largo plazo.<br>\u2022 Analizar estrategias actuales para la prevenci\u00f3n de la enfermedad.<\/p>\n\n\n\n<div style=\"height:15px\" aria-hidden=\"true\" class=\"wp-block-spacer\"><\/div>\n\n\n\n<p>\ud83d\udc65 <strong>\u00bfA qui\u00e9n est\u00e1 dirigido?<\/strong><\/p>\n\n\n\n<div style=\"height:5px\" aria-hidden=\"true\" class=\"wp-block-spacer\"><\/div>\n\n\n\n<p>Esta actividad est\u00e1 especialmente destinada a:<\/p>\n\n\n\n<ul class=\"wp-block-list\">\n<li>M\u00e9dicos y m\u00e9dicas de atenci\u00f3n primaria y de guardia.<\/li>\n\n\n\n<li>Estudiantes avanzados de carreras de ciencias de la salud.<\/li>\n\n\n\n<li>Residentes y especialistas de Medicina General, Cl\u00ednica M\u00e9dica y especialidades afines.<\/li>\n<\/ul>\n\n\n\n<!--more-->\n\n\n\n<p>\ud83d\udc68\u200d\u2695\ufe0f<strong> Disertante:&nbsp; Fernando Oscar Riera<\/strong><\/p>\n\n\n\n<ul class=\"wp-block-list\">\n<li>Doctorado en Medicina\u00a0 \u2013 Universidad Nacional de C\u00f3rdoba (2024) Tesis: Candidemia: estudio epidemiol\u00f3gico descriptivo de factores de riesgo, mortalidad, resistencia antif\u00fangica y formaci\u00f3n de biofilm.\u00a0\u00a0<\/li>\n<\/ul>\n\n\n\n<ul class=\"wp-block-list\">\n<li>Docente Universitario en Medicina \u2013 UNC, Facultad de Medicina (2009)\u00a0\u00a0<\/li>\n<\/ul>\n\n\n\n<ul class=\"wp-block-list\">\n<li>Especialista en Enfermedades Infecciosas \u2013 Universidad Nacional de C\u00f3rdoba y Consejo M\u00e9dico de la Provincia de C\u00f3rdoba (desde 1996)\u00a0 M\u00e9dico Cirujano \u2013 Universidad Nacional de C\u00f3rdoba (1992)\u00a0<\/li>\n<\/ul>\n\n\n\n<ul class=\"wp-block-list\">\n<li>Jefe del Servicio de Infectolog\u00eda, Sanatorio Allende (desde 2019)\u00a0\u00a0<\/li>\n<\/ul>\n\n\n\n<ul class=\"wp-block-list\">\n<li>M\u00e9dico Infect\u00f3logo, Hospital C\u00f3rdoba\u00a0 Docente Adjunto, C\u00e1tedra de Infectolog\u00eda Cl\u00ednica, UNC\u00a0 Miembro de los Comit\u00e9s de \u00c9tica e Investigaci\u00f3n en Sanatorio Allende y Hospital C\u00f3rdoba\u00a0 Investigador Principal en estudios cl\u00ednicos sobre infecciones f\u00fangicas y vacunas<\/li>\n<\/ul>\n\n\n\n<div style=\"height:25px\" aria-hidden=\"true\" class=\"wp-block-spacer\"><\/div>\n\n\n\n<p>\ud83d\udccc <strong>Importante<\/strong>: Para obtener la constancia de participaci\u00f3n, se deber\u00e1 acreditar un m\u00ednimo de <strong>45 minutos de conexi\u00f3n<\/strong> durante el webinar. La constancia podr\u00e1 solicitarse una vez finalizada la actividad y su env\u00edo puede demorar hasta <strong>10 d\u00edas h\u00e1biles<\/strong>.<\/p>\n\n\n\n<div style=\"height:19px\" aria-hidden=\"true\" class=\"wp-block-spacer\"><\/div>\n","protected":false},"excerpt":{"rendered":"<p>El Colegio de M\u00e9dicos de la Provincia de Santa Fe \u2013 Primera Circunscripci\u00f3n invita a participar de un nuevo encuentro de formaci\u00f3n profesional, que se realizar\u00e1 el lunes 16 de marzo a las 20:00 h, en modalidad virtual. La actividad abordar\u00e1 la tem\u00e1tica \u201cNeumon\u00eda adquirida en la comunidad: pr\u00e1ctica cl\u00ednica y nuevas perspectivas\u201d, con una [&hellip;]<\/p>\n","protected":false},"author":1,"featured_media":5977,"comment_status":"open","ping_status":"open","sticky":false,"template":"wp-custom-template-webinarios","format":"standard","meta":{"_uag_custom_page_level_css":"","_jetpack_memberships_contains_paid_content":false,"footnotes":""},"categories":[12,29],"tags":[],"class_list":["post-5976","post","type-post","status-publish","format-standard","has-post-thumbnail","hentry","category-slider","category-webinarios"],"jetpack_sharing_enabled":true,"jetpack_featured_media_url":"https:\/\/colmedicosantafe1.org.ar\/wp-content\/uploads\/2026\/03\/web_neumonia.webp","uagb_featured_image_src":{"full":["https:\/\/colmedicosantafe1.org.ar\/wp-content\/uploads\/2026\/03\/web_neumonia.webp",900,600,false],"thumbnail":["https:\/\/colmedicosantafe1.org.ar\/wp-content\/uploads\/2026\/03\/web_neumonia-150x150.webp",150,150,true],"medium":["https:\/\/colmedicosantafe1.org.ar\/wp-content\/uploads\/2026\/03\/web_neumonia-300x200.webp",300,200,true],"medium_large":["https:\/\/colmedicosantafe1.org.ar\/wp-content\/uploads\/2026\/03\/web_neumonia-768x512.webp",768,512,true],"large":["https:\/\/colmedicosantafe1.org.ar\/wp-content\/uploads\/2026\/03\/web_neumonia.webp",900,600,false],"1536x1536":["https:\/\/colmedicosantafe1.org.ar\/wp-content\/uploads\/2026\/03\/web_neumonia.webp",900,600,false],"2048x2048":["https:\/\/colmedicosantafe1.org.ar\/wp-content\/uploads\/2026\/03\/web_neumonia.webp",900,600,false]},"uagb_author_info":{"display_name":"admin","author_link":"https:\/\/colmedicosantafe1.org.ar\/?author=1"},"uagb_comment_info":0,"uagb_excerpt":"El Colegio de M\u00e9dicos de la Provincia de Santa Fe \u2013 Primera Circunscripci\u00f3n invita a participar de un nuevo encuentro de formaci\u00f3n profesional, que se realizar\u00e1 el lunes 16 de marzo a las 20:00 h, en modalidad virtual. La actividad abordar\u00e1 la tem\u00e1tica \u201cNeumon\u00eda adquirida en la comunidad: pr\u00e1ctica cl\u00ednica y nuevas perspectivas\u201d, con una&hellip;","_links":{"self":[{"href":"https:\/\/colmedicosantafe1.org.ar\/index.php?rest_route=\/wp\/v2\/posts\/5976","targetHints":{"allow":["GET"]}}],"collection":[{"href":"https:\/\/colmedicosantafe1.org.ar\/index.php?rest_route=\/wp\/v2\/posts"}],"about":[{"href":"https:\/\/colmedicosantafe1.org.ar\/index.php?rest_route=\/wp\/v2\/types\/post"}],"author":[{"embeddable":true,"href":"https:\/\/colmedicosantafe1.org.ar\/index.php?rest_route=\/wp\/v2\/users\/1"}],"replies":[{"embeddable":true,"href":"https:\/\/colmedicosantafe1.org.ar\/index.php?rest_route=%2Fwp%2Fv2%2Fcomments&post=5976"}],"version-history":[{"count":4,"href":"https:\/\/colmedicosantafe1.org.ar\/index.php?rest_route=\/wp\/v2\/posts\/5976\/revisions"}],"predecessor-version":[{"id":5981,"href":"https:\/\/colmedicosantafe1.org.ar\/index.php?rest_route=\/wp\/v2\/posts\/5976\/revisions\/5981"}],"wp:featuredmedia":[{"embeddable":true,"href":"https:\/\/colmedicosantafe1.org.ar\/index.php?rest_route=\/wp\/v2\/media\/5977"}],"wp:attachment":[{"href":"https:\/\/colmedicosantafe1.org.ar\/index.php?rest_route=%2Fwp%2Fv2%2Fmedia&parent=5976"}],"wp:term":[{"taxonomy":"category","embeddable":true,"href":"https:\/\/colmedicosantafe1.org.ar\/index.php?rest_route=%2Fwp%2Fv2%2Fcategories&post=5976"},{"taxonomy":"post_tag","embeddable":true,"href":"https:\/\/colmedicosantafe1.org.ar\/index.php?rest_route=%2Fwp%2Fv2%2Ftags&post=5976"}],"curies":[{"name":"wp","href":"https:\/\/api.w.org\/{rel}","templated":true}]}}