{"id":5818,"date":"2026-01-26T12:28:14","date_gmt":"2026-01-26T15:28:14","guid":{"rendered":"https:\/\/colmedicosantafe1.org.ar\/?p=5818"},"modified":"2026-01-27T12:49:29","modified_gmt":"2026-01-27T15:49:29","slug":"%f0%9f%ab%80-salvar-vidas-tambien-se-aprende-capacitacion-clave-en-rcp-en-la-costanera-santafesina-%f0%9f%9a%91","status":"publish","type":"post","link":"https:\/\/colmedicosantafe1.org.ar\/?p=5818","title":{"rendered":"\ud83e\udec0 Salvar vidas tambi\u00e9n se aprende: capacitaci\u00f3n clave en RCP en la Costanera Santafesina \ud83d\ude91"},"content":{"rendered":"\n<div style=\"height:20px\" aria-hidden=\"true\" class=\"wp-block-spacer\"><\/div>\n\n\n\n<figure class=\"wp-block-image aligncenter size-full is-resized leyenda-negra\"><img loading=\"lazy\" decoding=\"async\" width=\"900\" height=\"600\" src=\"https:\/\/colmedicosantafe1.org.ar\/wp-content\/uploads\/2026\/01\/Foto_GrupoRCP.webp\" alt=\"Grupo del Curso de RCP reunido en la Costanera Santafesina\" class=\"wp-image-5820\" style=\"width:770px;height:auto\" srcset=\"https:\/\/colmedicosantafe1.org.ar\/wp-content\/uploads\/2026\/01\/Foto_GrupoRCP.webp 900w, https:\/\/colmedicosantafe1.org.ar\/wp-content\/uploads\/2026\/01\/Foto_GrupoRCP-300x200.webp 300w, https:\/\/colmedicosantafe1.org.ar\/wp-content\/uploads\/2026\/01\/Foto_GrupoRCP-768x512.webp 768w\" sizes=\"auto, (max-width: 900px) 100vw, 900px\" \/><\/figure>\n\n\n\n<div style=\"height:20px\" aria-hidden=\"true\" class=\"wp-block-spacer\"><\/div>\n\n\n\n<p>Con el objetivo de fortalecer la respuesta ante emergencias, el Colegio de M\u00e9dicos, la Municipalidad de Santa Fe y el Sindicato \u00danico de Guardavidas (SUGARA) unieron esfuerzos para llevar adelante un curso de <strong>Reanimaci\u00f3n Cardiopulmonar (RCP) en el paciente ahogado y con asfixia por inmersi\u00f3n<\/strong>, adem\u00e1s de <strong>manejo de desfibriladores y v\u00edas a\u00e9reas<\/strong>. Una formaci\u00f3n clave que puede marcar la diferencia entre la vida y la muerte.<\/p>\n\n\n\n<div style=\"height:20px\" aria-hidden=\"true\" class=\"wp-block-spacer\"><\/div>\n\n\n\n<p>La capacitaci\u00f3n se desarroll\u00f3 los d\u00edas martes 20 y jueves 22 (te\u00f3rico y pr\u00e1ctico), y culmin\u00f3 este martes 27 de enero con un simulacro integral, en la <strong>Costanera Santafesina<\/strong>, un espacio emblem\u00e1tico de la ciudad que se transform\u00f3 en un aula abierta para el aprendizaje de t\u00e9cnicas esenciales de primeros auxilios.<\/p>\n\n\n\n<div style=\"height:20px\" aria-hidden=\"true\" class=\"wp-block-spacer\"><\/div>\n\n\n\n<p>La propuesta formativa, organizada por SUGARA Santa Fe, cont\u00f3 con la participaci\u00f3n de destacados profesionales: el <strong>Dr. Horacio Locatelli<\/strong> y la <strong>Dra. Paola P\u00e9rez<\/strong>, integrantes del Comit\u00e9 CEMP del Colegio de M\u00e9dicos de la 1.\u00aa Circunscripci\u00f3n, junto al <strong>Prof. Alfredo Rossi<\/strong>, del Centro de Formaci\u00f3n Profesional SUGARA Santa Fe. Los especialistas guiaron a los asistentes con un enfoque actualizado, pr\u00e1ctico y orientado a la acci\u00f3n.<\/p>\n\n\n\n<div style=\"height:20px\" aria-hidden=\"true\" class=\"wp-block-spacer\"><\/div>\n\n\n\n<p>Esta iniciativa conjunta, impulsada por SUGARA Santa Fe, el Colegio de M\u00e9dicos de la 1.\u00aa Circunscripci\u00f3n y la Municipalidad de Santa Fe, a trav\u00e9s de la Secretar\u00eda de Pol\u00edticas Sociales y la Subsecretar\u00eda de Salud, reafirma el compromiso institucional con la <strong>prevenci\u00f3n, la capacitaci\u00f3n permanente y el cuidado de la vida<\/strong>.<\/p>\n\n\n\n<div style=\"height:20px\" aria-hidden=\"true\" class=\"wp-block-spacer\"><\/div>\n\n\n\n<p>Porque saber c\u00f3mo actuar a tiempo salva vidas, estas acciones fortalecen una comunidad m\u00e1s preparada, solidaria y consciente ante situaciones de emergencia. \ud83d\udc99\ud83d\ude91<\/p>\n\n\n\n<div style=\"height:35px\" aria-hidden=\"true\" class=\"wp-block-spacer\"><\/div>\n\n\n\n<div class=\"wp-block-jetpack-tiled-gallery aligncenter is-style-rectangular\"><div class=\"\"><div class=\"tiled-gallery__gallery\"><div class=\"tiled-gallery__row\"><div class=\"tiled-gallery__col\" style=\"flex-basis:50.00000%\"><figure class=\"tiled-gallery__item\"><img decoding=\"async\" srcset=\"https:\/\/i2.wp.com\/colmedicosantafe1.org.ar\/wp-content\/uploads\/2026\/01\/RCP_1.webp?strip=info&#038;w=600&#038;ssl=1 600w,https:\/\/i2.wp.com\/colmedicosantafe1.org.ar\/wp-content\/uploads\/2026\/01\/RCP_1.webp?strip=info&#038;w=900&#038;ssl=1 900w,https:\/\/i2.wp.com\/colmedicosantafe1.org.ar\/wp-content\/uploads\/2026\/01\/RCP_1.webp?strip=info&#038;w=906&#038;ssl=1 906w\" alt=\"\" data-height=\"600\" data-id=\"5822\" data-link=\"https:\/\/colmedicosantafe1.org.ar\/?attachment_id=5822\" data-url=\"https:\/\/colmedicosantafe1.org.ar\/wp-content\/uploads\/2026\/01\/RCP_1.webp\" data-width=\"906\" src=\"https:\/\/i2.wp.com\/colmedicosantafe1.org.ar\/wp-content\/uploads\/2026\/01\/RCP_1.webp?ssl=1\" data-amp-layout=\"responsive\" tabindex=\"0\" role=\"button\" aria-label=\"Open image 1 of 2 in full-screen\"\/><\/figure><\/div><div class=\"tiled-gallery__col\" style=\"flex-basis:50.00000%\"><figure class=\"tiled-gallery__item\"><img decoding=\"async\" srcset=\"https:\/\/i0.wp.com\/colmedicosantafe1.org.ar\/wp-content\/uploads\/2026\/01\/RCP_2-1.webp?strip=info&#038;w=600&#038;ssl=1 600w,https:\/\/i0.wp.com\/colmedicosantafe1.org.ar\/wp-content\/uploads\/2026\/01\/RCP_2-1.webp?strip=info&#038;w=900&#038;ssl=1 900w,https:\/\/i0.wp.com\/colmedicosantafe1.org.ar\/wp-content\/uploads\/2026\/01\/RCP_2-1.webp?strip=info&#038;w=906&#038;ssl=1 906w\" alt=\"\" data-height=\"600\" data-id=\"5826\" data-link=\"https:\/\/colmedicosantafe1.org.ar\/?attachment_id=5826\" data-url=\"https:\/\/colmedicosantafe1.org.ar\/wp-content\/uploads\/2026\/01\/RCP_2-1.webp\" data-width=\"906\" src=\"https:\/\/i0.wp.com\/colmedicosantafe1.org.ar\/wp-content\/uploads\/2026\/01\/RCP_2-1.webp?ssl=1\" data-amp-layout=\"responsive\" tabindex=\"0\" role=\"button\" aria-label=\"Open image 2 of 2 in full-screen\"\/><\/figure><\/div><\/div><\/div><\/div><\/div>\n\n\n\n<div style=\"height:35px\" aria-hidden=\"true\" class=\"wp-block-spacer\"><\/div>\n\n\n\n<div class=\"wp-block-jetpack-tiled-gallery aligncenter is-style-rectangular\"><div class=\"\"><div class=\"tiled-gallery__gallery\"><div class=\"tiled-gallery__row\"><div class=\"tiled-gallery__col\" style=\"flex-basis:50.16555%\"><figure class=\"tiled-gallery__item\"><img decoding=\"async\" srcset=\"https:\/\/i1.wp.com\/colmedicosantafe1.org.ar\/wp-content\/uploads\/2026\/01\/RCP_3.webp?strip=info&#038;w=600&#038;ssl=1 600w,https:\/\/i1.wp.com\/colmedicosantafe1.org.ar\/wp-content\/uploads\/2026\/01\/RCP_3.webp?strip=info&#038;w=900&#038;ssl=1 900w,https:\/\/i1.wp.com\/colmedicosantafe1.org.ar\/wp-content\/uploads\/2026\/01\/RCP_3.webp?strip=info&#038;w=906&#038;ssl=1 906w\" alt=\"\" data-height=\"600\" data-id=\"5827\" data-link=\"https:\/\/colmedicosantafe1.org.ar\/?attachment_id=5827\" data-url=\"https:\/\/colmedicosantafe1.org.ar\/wp-content\/uploads\/2026\/01\/RCP_3.webp\" data-width=\"906\" src=\"https:\/\/i1.wp.com\/colmedicosantafe1.org.ar\/wp-content\/uploads\/2026\/01\/RCP_3.webp?ssl=1\" data-amp-layout=\"responsive\" tabindex=\"0\" role=\"button\" aria-label=\"Open image 1 of 2 in full-screen\"\/><\/figure><\/div><div class=\"tiled-gallery__col\" style=\"flex-basis:49.83445%\"><figure class=\"tiled-gallery__item\"><img decoding=\"async\" srcset=\"https:\/\/i0.wp.com\/colmedicosantafe1.org.ar\/wp-content\/uploads\/2026\/01\/Foto_GrupoRCP-1.webp?strip=info&#038;w=600&#038;ssl=1 600w,https:\/\/i0.wp.com\/colmedicosantafe1.org.ar\/wp-content\/uploads\/2026\/01\/Foto_GrupoRCP-1.webp?strip=info&#038;w=900&#038;ssl=1 900w\" alt=\"\" data-height=\"600\" data-id=\"5828\" data-link=\"https:\/\/colmedicosantafe1.org.ar\/?attachment_id=5828\" data-url=\"https:\/\/colmedicosantafe1.org.ar\/wp-content\/uploads\/2026\/01\/Foto_GrupoRCP-1.webp\" data-width=\"900\" src=\"https:\/\/i0.wp.com\/colmedicosantafe1.org.ar\/wp-content\/uploads\/2026\/01\/Foto_GrupoRCP-1.webp?ssl=1\" data-amp-layout=\"responsive\" tabindex=\"0\" role=\"button\" aria-label=\"Open image 2 of 2 in full-screen\"\/><\/figure><\/div><\/div><\/div><\/div><\/div>\n","protected":false},"excerpt":{"rendered":"<p>Con el objetivo de fortalecer la respuesta ante emergencias, el Colegio de M\u00e9dicos, la Municipalidad de Santa Fe y el Sindicato \u00danico de Guardavidas (SUGARA) unieron esfuerzos para llevar adelante un curso de Reanimaci\u00f3n Cardiopulmonar (RCP) en el paciente ahogado y con asfixia por inmersi\u00f3n, adem\u00e1s de manejo de desfibriladores y v\u00edas a\u00e9reas. Una formaci\u00f3n [&hellip;]<\/p>\n","protected":false},"author":1,"featured_media":5820,"comment_status":"closed","ping_status":"open","sticky":false,"template":"noticias_novedades","format":"standard","meta":{"_uag_custom_page_level_css":"","_jetpack_memberships_contains_paid_content":false,"footnotes":""},"categories":[28,12],"tags":[],"class_list":["post-5818","post","type-post","status-publish","format-standard","has-post-thumbnail","hentry","category-novedades","category-slider"],"jetpack_sharing_enabled":true,"jetpack_featured_media_url":"https:\/\/colmedicosantafe1.org.ar\/wp-content\/uploads\/2026\/01\/Foto_GrupoRCP.webp","uagb_featured_image_src":{"full":["https:\/\/colmedicosantafe1.org.ar\/wp-content\/uploads\/2026\/01\/Foto_GrupoRCP.webp",900,600,false],"thumbnail":["https:\/\/colmedicosantafe1.org.ar\/wp-content\/uploads\/2026\/01\/Foto_GrupoRCP-150x150.webp",150,150,true],"medium":["https:\/\/colmedicosantafe1.org.ar\/wp-content\/uploads\/2026\/01\/Foto_GrupoRCP-300x200.webp",300,200,true],"medium_large":["https:\/\/colmedicosantafe1.org.ar\/wp-content\/uploads\/2026\/01\/Foto_GrupoRCP-768x512.webp",768,512,true],"large":["https:\/\/colmedicosantafe1.org.ar\/wp-content\/uploads\/2026\/01\/Foto_GrupoRCP.webp",900,600,false],"1536x1536":["https:\/\/colmedicosantafe1.org.ar\/wp-content\/uploads\/2026\/01\/Foto_GrupoRCP.webp",900,600,false],"2048x2048":["https:\/\/colmedicosantafe1.org.ar\/wp-content\/uploads\/2026\/01\/Foto_GrupoRCP.webp",900,600,false]},"uagb_author_info":{"display_name":"admin","author_link":"https:\/\/colmedicosantafe1.org.ar\/?author=1"},"uagb_comment_info":0,"uagb_excerpt":"Con el objetivo de fortalecer la respuesta ante emergencias, el Colegio de M\u00e9dicos, la Municipalidad de Santa Fe y el Sindicato \u00danico de Guardavidas (SUGARA) unieron esfuerzos para llevar adelante un curso de Reanimaci\u00f3n Cardiopulmonar (RCP) en el paciente ahogado y con asfixia por inmersi\u00f3n, adem\u00e1s de manejo de desfibriladores y v\u00edas a\u00e9reas. Una formaci\u00f3n&hellip;","_links":{"self":[{"href":"https:\/\/colmedicosantafe1.org.ar\/index.php?rest_route=\/wp\/v2\/posts\/5818","targetHints":{"allow":["GET"]}}],"collection":[{"href":"https:\/\/colmedicosantafe1.org.ar\/index.php?rest_route=\/wp\/v2\/posts"}],"about":[{"href":"https:\/\/colmedicosantafe1.org.ar\/index.php?rest_route=\/wp\/v2\/types\/post"}],"author":[{"embeddable":true,"href":"https:\/\/colmedicosantafe1.org.ar\/index.php?rest_route=\/wp\/v2\/users\/1"}],"replies":[{"embeddable":true,"href":"https:\/\/colmedicosantafe1.org.ar\/index.php?rest_route=%2Fwp%2Fv2%2Fcomments&post=5818"}],"version-history":[{"count":3,"href":"https:\/\/colmedicosantafe1.org.ar\/index.php?rest_route=\/wp\/v2\/posts\/5818\/revisions"}],"predecessor-version":[{"id":5829,"href":"https:\/\/colmedicosantafe1.org.ar\/index.php?rest_route=\/wp\/v2\/posts\/5818\/revisions\/5829"}],"wp:featuredmedia":[{"embeddable":true,"href":"https:\/\/colmedicosantafe1.org.ar\/index.php?rest_route=\/wp\/v2\/media\/5820"}],"wp:attachment":[{"href":"https:\/\/colmedicosantafe1.org.ar\/index.php?rest_route=%2Fwp%2Fv2%2Fmedia&parent=5818"}],"wp:term":[{"taxonomy":"category","embeddable":true,"href":"https:\/\/colmedicosantafe1.org.ar\/index.php?rest_route=%2Fwp%2Fv2%2Fcategories&post=5818"},{"taxonomy":"post_tag","embeddable":true,"href":"https:\/\/colmedicosantafe1.org.ar\/index.php?rest_route=%2Fwp%2Fv2%2Ftags&post=5818"}],"curies":[{"name":"wp","href":"https:\/\/api.w.org\/{rel}","templated":true}]}}