{"id":5733,"date":"2025-12-12T12:50:42","date_gmt":"2025-12-12T15:50:42","guid":{"rendered":"https:\/\/colmedicosantafe1.org.ar\/?p=5733"},"modified":"2025-12-15T08:20:53","modified_gmt":"2025-12-15T11:20:53","slug":"%f0%9f%8f%a5-jornada-interdisciplinaria-de-cirugia-general-jueves-18-12","status":"publish","type":"post","link":"https:\/\/colmedicosantafe1.org.ar\/?p=5733","title":{"rendered":"\ud83c\udfe5 Jornada Interdisciplinaria de Cirug\u00eda General | Jueves 18\/12"},"content":{"rendered":"\n<figure class=\"wp-block-image aligncenter size-full is-resized\" style=\"margin-top:0;margin-bottom:var(--wp--preset--spacing--20)\"><img loading=\"lazy\" decoding=\"async\" width=\"960\" height=\"600\" src=\"https:\/\/colmedicosantafe1.org.ar\/wp-content\/uploads\/2025\/12\/Jornada_Cx_UCA.webp\" alt=\"\" class=\"wp-image-5734\" style=\"width:766px;height:auto\" srcset=\"https:\/\/colmedicosantafe1.org.ar\/wp-content\/uploads\/2025\/12\/Jornada_Cx_UCA.webp 960w, https:\/\/colmedicosantafe1.org.ar\/wp-content\/uploads\/2025\/12\/Jornada_Cx_UCA-300x188.webp 300w, https:\/\/colmedicosantafe1.org.ar\/wp-content\/uploads\/2025\/12\/Jornada_Cx_UCA-768x480.webp 768w\" sizes=\"auto, (max-width: 960px) 100vw, 960px\" \/><\/figure>\n\n\n\n<div style=\"height:13px\" aria-hidden=\"true\" class=\"wp-block-spacer\"><\/div>\n\n\n\n<p>El Colegio invita a toda la comunidad m\u00e9dica a participar de la Jornada Interdisciplinaria de Cirug\u00eda General, un encuentro especialmente dise\u00f1ado para promover el intercambio cient\u00edfico, la actualizaci\u00f3n profesional y el an\u00e1lisis conjunto de casos cl\u00ednicos reales.<\/p>\n\n\n\n<div style=\"height:13px\" aria-hidden=\"true\" class=\"wp-block-spacer\"><\/div>\n\n\n\n<p>La actividad, organizada por el Servicio de Cirug\u00eda General del Hospital J. M. Cullen, contar\u00e1 con la presencia de destacados disertantes regionales que compartir\u00e1n sus experiencias y conocimientos en un espacio de construcci\u00f3n colectiva.<\/p>\n\n\n\n<div style=\"height:13px\" aria-hidden=\"true\" class=\"wp-block-spacer\"><\/div>\n\n\n\n<p>La Jornada busca fortalecer los lazos dentro de la comunidad quir\u00fargica, fomentar el abordaje interdisciplinario y brindar herramientas actualizadas para mejorar la pr\u00e1ctica diaria de los profesionales de la salud.<\/p>\n\n\n\n<div style=\"height:28px\" aria-hidden=\"true\" class=\"wp-block-spacer\"><\/div>\n\n\n\n<p><strong>Detalles del Encuentro:<\/strong><\/p>\n\n\n\n<div style=\"height:8px\" aria-hidden=\"true\" class=\"wp-block-spacer\"><\/div>\n\n\n\n<p>\ud83d\udcc5 Fecha: Jueves 18 de diciembre<br>\ud83d\udd5a Hora: 08:30 a 14:30<br>\ud83d\udccd Modalidad h\u00edbrida:<\/p>\n\n\n\n<ul class=\"wp-block-list\">\n<li>Presencial: UCSF \u2013 Cngo. Echag\u00fce 7151 Aula 3.7<\/li>\n\n\n\n<li>Virtual: A trav\u00e9s de Zoom<\/li>\n<\/ul>\n\n\n\n<div style=\"height:21px\" aria-hidden=\"true\" class=\"wp-block-spacer\"><\/div>\n\n\n\n<p><strong>Quienes deseen participar pueden confirmar su asistencia completando el siguiente formulario:<\/strong><\/p>\n\n\n\n<div style=\"height:25px\" aria-hidden=\"true\" class=\"wp-block-spacer\"><\/div>\n\n\n\n<div class=\"wp-block-buttons is-content-justification-center is-layout-flex wp-container-core-buttons-is-layout-a89b3969 wp-block-buttons-is-layout-flex\">\n<div class=\"wp-block-button is-style-fill\"><a class=\"wp-block-button__link has-background has-text-align-center wp-element-button\" href=\"https:\/\/docs.google.com\/forms\/d\/e\/1FAIpQLScOrDxaBD1KqxfYdfJgcX6uqEJr4mCwRbXC7Vg-GKml686SOQ\/viewform?usp=publish-editor\" style=\"background:linear-gradient(135deg,rgb(2,120,80) 0%,rgb(2,120,80) 100%)\" target=\"_blank\" rel=\"noreferrer noopener\">Formulario de Inscripci\u00f3n<\/a><\/div>\n<\/div>\n\n\n\n<div style=\"height:25px\" aria-hidden=\"true\" class=\"wp-block-spacer\"><\/div>\n\n\n\n<p>Esta jornada constituye una oportunidad \u00fanica para fortalecer la comunidad quir\u00fargica, enriquecer la formaci\u00f3n profesional y promover el di\u00e1logo entre especialistas de toda la regi\u00f3n.<\/p>\n","protected":false},"excerpt":{"rendered":"<p>El Colegio invita a toda la comunidad m\u00e9dica a participar de la Jornada Interdisciplinaria de Cirug\u00eda General, un encuentro especialmente dise\u00f1ado para promover el intercambio cient\u00edfico, la actualizaci\u00f3n profesional y el an\u00e1lisis conjunto de casos cl\u00ednicos reales. La actividad, organizada por el Servicio de Cirug\u00eda General del Hospital J. M. Cullen, contar\u00e1 con la presencia [&hellip;]<\/p>\n","protected":false},"author":1,"featured_media":5734,"comment_status":"open","ping_status":"open","sticky":false,"template":"wp-custom-template-cursos","format":"standard","meta":{"_uag_custom_page_level_css":"","_jetpack_memberships_contains_paid_content":false,"footnotes":""},"categories":[30,12],"tags":[],"class_list":["post-5733","post","type-post","status-publish","format-standard","has-post-thumbnail","hentry","category-cursos","category-slider"],"jetpack_sharing_enabled":true,"jetpack_featured_media_url":"https:\/\/colmedicosantafe1.org.ar\/wp-content\/uploads\/2025\/12\/Jornada_Cx_UCA.webp","uagb_featured_image_src":{"full":["https:\/\/colmedicosantafe1.org.ar\/wp-content\/uploads\/2025\/12\/Jornada_Cx_UCA.webp",960,600,false],"thumbnail":["https:\/\/colmedicosantafe1.org.ar\/wp-content\/uploads\/2025\/12\/Jornada_Cx_UCA-150x150.webp",150,150,true],"medium":["https:\/\/colmedicosantafe1.org.ar\/wp-content\/uploads\/2025\/12\/Jornada_Cx_UCA-300x188.webp",300,188,true],"medium_large":["https:\/\/colmedicosantafe1.org.ar\/wp-content\/uploads\/2025\/12\/Jornada_Cx_UCA-768x480.webp",768,480,true],"large":["https:\/\/colmedicosantafe1.org.ar\/wp-content\/uploads\/2025\/12\/Jornada_Cx_UCA.webp",960,600,false],"1536x1536":["https:\/\/colmedicosantafe1.org.ar\/wp-content\/uploads\/2025\/12\/Jornada_Cx_UCA.webp",960,600,false],"2048x2048":["https:\/\/colmedicosantafe1.org.ar\/wp-content\/uploads\/2025\/12\/Jornada_Cx_UCA.webp",960,600,false]},"uagb_author_info":{"display_name":"admin","author_link":"https:\/\/colmedicosantafe1.org.ar\/?author=1"},"uagb_comment_info":0,"uagb_excerpt":"El Colegio invita a toda la comunidad m\u00e9dica a participar de la Jornada Interdisciplinaria de Cirug\u00eda General, un encuentro especialmente dise\u00f1ado para promover el intercambio cient\u00edfico, la actualizaci\u00f3n profesional y el an\u00e1lisis conjunto de casos cl\u00ednicos reales. La actividad, organizada por el Servicio de Cirug\u00eda General del Hospital J. M. Cullen, contar\u00e1 con la presencia&hellip;","_links":{"self":[{"href":"https:\/\/colmedicosantafe1.org.ar\/index.php?rest_route=\/wp\/v2\/posts\/5733","targetHints":{"allow":["GET"]}}],"collection":[{"href":"https:\/\/colmedicosantafe1.org.ar\/index.php?rest_route=\/wp\/v2\/posts"}],"about":[{"href":"https:\/\/colmedicosantafe1.org.ar\/index.php?rest_route=\/wp\/v2\/types\/post"}],"author":[{"embeddable":true,"href":"https:\/\/colmedicosantafe1.org.ar\/index.php?rest_route=\/wp\/v2\/users\/1"}],"replies":[{"embeddable":true,"href":"https:\/\/colmedicosantafe1.org.ar\/index.php?rest_route=%2Fwp%2Fv2%2Fcomments&post=5733"}],"version-history":[{"count":3,"href":"https:\/\/colmedicosantafe1.org.ar\/index.php?rest_route=\/wp\/v2\/posts\/5733\/revisions"}],"predecessor-version":[{"id":5758,"href":"https:\/\/colmedicosantafe1.org.ar\/index.php?rest_route=\/wp\/v2\/posts\/5733\/revisions\/5758"}],"wp:featuredmedia":[{"embeddable":true,"href":"https:\/\/colmedicosantafe1.org.ar\/index.php?rest_route=\/wp\/v2\/media\/5734"}],"wp:attachment":[{"href":"https:\/\/colmedicosantafe1.org.ar\/index.php?rest_route=%2Fwp%2Fv2%2Fmedia&parent=5733"}],"wp:term":[{"taxonomy":"category","embeddable":true,"href":"https:\/\/colmedicosantafe1.org.ar\/index.php?rest_route=%2Fwp%2Fv2%2Fcategories&post=5733"},{"taxonomy":"post_tag","embeddable":true,"href":"https:\/\/colmedicosantafe1.org.ar\/index.php?rest_route=%2Fwp%2Fv2%2Ftags&post=5733"}],"curies":[{"name":"wp","href":"https:\/\/api.w.org\/{rel}","templated":true}]}}