{"id":5717,"date":"2025-12-15T09:51:13","date_gmt":"2025-12-15T12:51:13","guid":{"rendered":"https:\/\/colmedicosantafe1.org.ar\/?p=5717"},"modified":"2025-12-15T11:21:10","modified_gmt":"2025-12-15T14:21:10","slug":"%f0%9f%8c%90%f0%9f%a9%bb-curso-presencial-de-ecografia-pocus-formacion-intensiva-con-certificacion-internacional-l-viernes-13-y-sabado-14-de-marzo-de-2026","status":"publish","type":"post","link":"https:\/\/colmedicosantafe1.org.ar\/?p=5717","title":{"rendered":"\ud83c\udf10\ud83e\ude7b Curso Presencial de Ecograf\u00eda POCUS: Formaci\u00f3n Intensiva con Certificaci\u00f3n Internacional l Viernes 13 y S\u00e1bado 14 de marzo de 2026"},"content":{"rendered":"\n<figure class=\"wp-block-image aligncenter size-full is-resized\" style=\"margin-top:0;margin-bottom:var(--wp--preset--spacing--20)\"><img loading=\"lazy\" decoding=\"async\" width=\"862\" height=\"600\" src=\"https:\/\/colmedicosantafe1.org.ar\/wp-content\/uploads\/2025\/12\/Ecografia-en-la-emergencia.webp\" alt=\"\" class=\"wp-image-5718\" style=\"width:602px;height:auto\" srcset=\"https:\/\/colmedicosantafe1.org.ar\/wp-content\/uploads\/2025\/12\/Ecografia-en-la-emergencia.webp 862w, https:\/\/colmedicosantafe1.org.ar\/wp-content\/uploads\/2025\/12\/Ecografia-en-la-emergencia-300x209.webp 300w, https:\/\/colmedicosantafe1.org.ar\/wp-content\/uploads\/2025\/12\/Ecografia-en-la-emergencia-768x535.webp 768w\" sizes=\"auto, (max-width: 862px) 100vw, 862px\" \/><\/figure>\n\n\n\n<div style=\"height:13px\" aria-hidden=\"true\" class=\"wp-block-spacer\"><\/div>\n\n\n\n<p>El Colegio invita a la realizaci\u00f3n del <strong>Curso Te\u00f3rico-Pr\u00e1ctico Intensivo de POCUS \u2013 WINFOCUS USLS<\/strong>, una capacitaci\u00f3n de excelencia dise\u00f1ada para fortalecer las habilidades en <strong>ultrasonido aplicado a la emergencia, la guardia y al paciente cr\u00edtico<\/strong>.<\/p>\n\n\n\n<div style=\"height:13px\" aria-hidden=\"true\" class=\"wp-block-spacer\"><\/div>\n\n\n\n<p>La formaci\u00f3n estar\u00e1 a cargo de <strong>WINFOCUS Latinoam\u00e9rica<\/strong>, referente internacional en educaci\u00f3n y estandarizaci\u00f3n en ecograf\u00eda cl\u00ednica.<\/p>\n\n\n\n<div style=\"height:16px\" aria-hidden=\"true\" class=\"wp-block-spacer\"><\/div>\n\n\n\n<p>\ud83d\udcc5 <strong>Fecha:<\/strong> 13 y 14 de marzo de 2026<br>\ud83d\uddd3\ufe0f <strong>Modalidad:<\/strong> Presencial \u2013 Te\u00f3rico \/ Pr\u00e1ctico<\/p>\n\n\n\n<p>\ud83d\udccd<strong>Lugar de dictado: <\/strong>Anexo III del Colegio de M\u00e9dicos de Santa Fe &#8211; Av. Freyre 2448<br>\ud83c\udfaf <strong>Cupos limitados<\/strong> para asegurar una experiencia de aprendizaje intensiva, din\u00e1mica y personalizada.<\/p>\n\n\n\n<div style=\"height:16px\" aria-hidden=\"true\" class=\"wp-block-spacer\"><\/div>\n\n\n\n<p><strong>Dirigido a <\/strong>M\u00e9dicos emergenci\u00f3logos, cl\u00ednicos, cirujanos, anestesi\u00f3logos, m\u00e9dicos generalistas, m\u00e9dicos de guardia, neum\u00f3logos, intensivistas y especialistas en diagn\u00f3stico por im\u00e1genes.<\/p>\n\n\n\n<div style=\"height:21px\" aria-hidden=\"true\" class=\"wp-block-spacer\"><\/div>\n\n\n\n<p><strong>Certificaci\u00f3n Internacional<\/strong><\/p>\n\n\n\n<div style=\"height:5px\" aria-hidden=\"true\" class=\"wp-block-spacer\"><\/div>\n\n\n\n<p>Los participantes recibir\u00e1n <strong>Certificaci\u00f3n Internacional de WINFOCUS World<\/strong>, una acreditaci\u00f3n reconocida globalmente en el \u00e1mbito del ultrasonido cl\u00ednico y valorada en m\u00faltiples escenarios asistenciales.<\/p>\n\n\n\n<div style=\"height:18px\" aria-hidden=\"true\" class=\"wp-block-spacer\"><\/div>\n\n\n\n<p><strong>Inversi\u00f3n<\/strong><\/p>\n\n\n\n<div style=\"height:7px\" aria-hidden=\"true\" class=\"wp-block-spacer\"><\/div>\n\n\n\n<p>\ud83d\udcb0 Valor del curso: $300.000 (consultar formas y opciones de pago por whatsapp al: 342 5 289747)<br>Tarifa vigente para inscripciones abonadas hasta el 28\/02\/2026.<\/p>\n\n\n\n<div style=\"height:20px\" aria-hidden=\"true\" class=\"wp-block-spacer\"><\/div>\n\n\n\n<p><strong>Informes y consultas<\/strong><\/p>\n\n\n\n<div style=\"height:0px\" aria-hidden=\"true\" class=\"wp-block-spacer\"><\/div>\n\n\n\n<p>Comit\u00e9 de Educaci\u00f3n M\u00e9dica de Postgrado \ud83d\udcf1 WhatsApp: 342 5 289747<br>\ud83d\udce7 marianam@cmsf.org.ar<\/p>\n\n\n\n<div style=\"height:17px\" aria-hidden=\"true\" class=\"wp-block-spacer\"><\/div>\n\n\n\n<div class=\"wp-block-buttons is-content-justification-center is-layout-flex wp-container-core-buttons-is-layout-a89b3969 wp-block-buttons-is-layout-flex\">\n<div class=\"wp-block-button is-style-fill\"><a class=\"wp-block-button__link has-background has-text-align-center wp-element-button\" href=\"https:\/\/forms.gle\/HBiZ9ukHaTHsxqxAA\" style=\"background:linear-gradient(135deg,rgb(2,120,80) 0%,rgb(2,120,80) 100%)\" target=\"_blank\" rel=\"noreferrer noopener\">Formulario de Inscripci\u00f3n<\/a><\/div>\n<\/div>\n\n\n\n<div style=\"height:17px\" aria-hidden=\"true\" class=\"wp-block-spacer\"><\/div>\n\n\n\n<p><strong>Programa Cient\u00edfico<\/strong><\/p>\n\n\n\n<div style=\"height:4px\" aria-hidden=\"true\" class=\"wp-block-spacer\"><\/div>\n\n\n\n<p>El programa incluye fundamentos del ultrasonido cl\u00ednico, aplicaciones en emergencia y cuidados cr\u00edticos, y una intensa actividad pr\u00e1ctica supervisada por instructores certificados.<br>Una oportunidad \u00fanica para incorporar herramientas diagn\u00f3sticas clave y mejorar la toma de decisiones en escenarios de alta complejidad.<\/p>\n\n\n\n<div style=\"height:13px\" aria-hidden=\"true\" class=\"wp-block-spacer\"><\/div>\n\n\n\n<p>\ud83d\udd0e <strong><a href=\"https:\/\/colmedicosantafe1.org.ar\/wp-content\/uploads\/2025\/12\/PROGRAMA_CURSO_TEORICO_PRACTICO_DE_ECOGRAFIA.pdf\" data-type=\"link\" data-id=\"https:\/\/colmedicosantafe1.org.ar\/wp-content\/uploads\/2025\/12\/PROGRAMA_CURSO_TEORICO_PRACTICO_DE_ECOGRAFIA.pdf\" target=\"_blank\" rel=\"noreferrer noopener\">Ver PROGRAMA<\/a><\/strong><\/p>\n","protected":false},"excerpt":{"rendered":"<p>El Colegio invita a la realizaci\u00f3n del Curso Te\u00f3rico-Pr\u00e1ctico Intensivo de POCUS \u2013 WINFOCUS USLS, una capacitaci\u00f3n de excelencia dise\u00f1ada para fortalecer las habilidades en ultrasonido aplicado a la emergencia, la guardia y al paciente cr\u00edtico. La formaci\u00f3n estar\u00e1 a cargo de WINFOCUS Latinoam\u00e9rica, referente internacional en educaci\u00f3n y estandarizaci\u00f3n en ecograf\u00eda cl\u00ednica. \ud83d\udcc5 Fecha: [&hellip;]<\/p>\n","protected":false},"author":1,"featured_media":5718,"comment_status":"open","ping_status":"open","sticky":false,"template":"wp-custom-template-cursos","format":"standard","meta":{"_uag_custom_page_level_css":"","_jetpack_memberships_contains_paid_content":false,"footnotes":""},"categories":[30,12],"tags":[],"class_list":["post-5717","post","type-post","status-publish","format-standard","has-post-thumbnail","hentry","category-cursos","category-slider"],"jetpack_sharing_enabled":true,"jetpack_featured_media_url":"https:\/\/colmedicosantafe1.org.ar\/wp-content\/uploads\/2025\/12\/Ecografia-en-la-emergencia.webp","uagb_featured_image_src":{"full":["https:\/\/colmedicosantafe1.org.ar\/wp-content\/uploads\/2025\/12\/Ecografia-en-la-emergencia.webp",862,600,false],"thumbnail":["https:\/\/colmedicosantafe1.org.ar\/wp-content\/uploads\/2025\/12\/Ecografia-en-la-emergencia-150x150.webp",150,150,true],"medium":["https:\/\/colmedicosantafe1.org.ar\/wp-content\/uploads\/2025\/12\/Ecografia-en-la-emergencia-300x209.webp",300,209,true],"medium_large":["https:\/\/colmedicosantafe1.org.ar\/wp-content\/uploads\/2025\/12\/Ecografia-en-la-emergencia-768x535.webp",768,535,true],"large":["https:\/\/colmedicosantafe1.org.ar\/wp-content\/uploads\/2025\/12\/Ecografia-en-la-emergencia.webp",862,600,false],"1536x1536":["https:\/\/colmedicosantafe1.org.ar\/wp-content\/uploads\/2025\/12\/Ecografia-en-la-emergencia.webp",862,600,false],"2048x2048":["https:\/\/colmedicosantafe1.org.ar\/wp-content\/uploads\/2025\/12\/Ecografia-en-la-emergencia.webp",862,600,false]},"uagb_author_info":{"display_name":"admin","author_link":"https:\/\/colmedicosantafe1.org.ar\/?author=1"},"uagb_comment_info":0,"uagb_excerpt":"El Colegio invita a la realizaci\u00f3n del Curso Te\u00f3rico-Pr\u00e1ctico Intensivo de POCUS \u2013 WINFOCUS USLS, una capacitaci\u00f3n de excelencia dise\u00f1ada para fortalecer las habilidades en ultrasonido aplicado a la emergencia, la guardia y al paciente cr\u00edtico. La formaci\u00f3n estar\u00e1 a cargo de WINFOCUS Latinoam\u00e9rica, referente internacional en educaci\u00f3n y estandarizaci\u00f3n en ecograf\u00eda cl\u00ednica. \ud83d\udcc5 Fecha:&hellip;","_links":{"self":[{"href":"https:\/\/colmedicosantafe1.org.ar\/index.php?rest_route=\/wp\/v2\/posts\/5717","targetHints":{"allow":["GET"]}}],"collection":[{"href":"https:\/\/colmedicosantafe1.org.ar\/index.php?rest_route=\/wp\/v2\/posts"}],"about":[{"href":"https:\/\/colmedicosantafe1.org.ar\/index.php?rest_route=\/wp\/v2\/types\/post"}],"author":[{"embeddable":true,"href":"https:\/\/colmedicosantafe1.org.ar\/index.php?rest_route=\/wp\/v2\/users\/1"}],"replies":[{"embeddable":true,"href":"https:\/\/colmedicosantafe1.org.ar\/index.php?rest_route=%2Fwp%2Fv2%2Fcomments&post=5717"}],"version-history":[{"count":5,"href":"https:\/\/colmedicosantafe1.org.ar\/index.php?rest_route=\/wp\/v2\/posts\/5717\/revisions"}],"predecessor-version":[{"id":5763,"href":"https:\/\/colmedicosantafe1.org.ar\/index.php?rest_route=\/wp\/v2\/posts\/5717\/revisions\/5763"}],"wp:featuredmedia":[{"embeddable":true,"href":"https:\/\/colmedicosantafe1.org.ar\/index.php?rest_route=\/wp\/v2\/media\/5718"}],"wp:attachment":[{"href":"https:\/\/colmedicosantafe1.org.ar\/index.php?rest_route=%2Fwp%2Fv2%2Fmedia&parent=5717"}],"wp:term":[{"taxonomy":"category","embeddable":true,"href":"https:\/\/colmedicosantafe1.org.ar\/index.php?rest_route=%2Fwp%2Fv2%2Fcategories&post=5717"},{"taxonomy":"post_tag","embeddable":true,"href":"https:\/\/colmedicosantafe1.org.ar\/index.php?rest_route=%2Fwp%2Fv2%2Ftags&post=5717"}],"curies":[{"name":"wp","href":"https:\/\/api.w.org\/{rel}","templated":true}]}}