{"id":5308,"date":"2025-09-03T10:12:47","date_gmt":"2025-09-03T13:12:47","guid":{"rendered":"https:\/\/colmedicosantafe1.org.ar\/?p=5308"},"modified":"2025-09-22T10:28:37","modified_gmt":"2025-09-22T13:28:37","slug":"%f0%9f%9a%91%f0%9f%a7%91%e2%9a%95%ef%b8%8f-simulacro-con-victimas-multiples-en-el-parque-garay-una-experiencia-formativa-y-de-conciencia-ciudadana-%f0%9f%91%a9%f0%9f%9a%92","status":"publish","type":"post","link":"https:\/\/colmedicosantafe1.org.ar\/?p=5308","title":{"rendered":"\ud83d\ude91\ud83e\uddd1\u200d\u2695\ufe0f Simulacro con v\u00edctimas m\u00faltiples en el parque Garay: una experiencia formativa y de conciencia ciudadana. \ud83d\udc69\u200d\ud83d\ude92"},"content":{"rendered":"\n<figure class=\"wp-block-image aligncenter size-full is-resized\"><img loading=\"lazy\" decoding=\"async\" width=\"600\" height=\"445\" src=\"https:\/\/colmedicosantafe1.org.ar\/wp-content\/uploads\/2025\/09\/simulacro_2025.webp\" alt=\"\" class=\"wp-image-5310\" style=\"width:770px;height:auto\" srcset=\"https:\/\/colmedicosantafe1.org.ar\/wp-content\/uploads\/2025\/09\/simulacro_2025.webp 600w, https:\/\/colmedicosantafe1.org.ar\/wp-content\/uploads\/2025\/09\/simulacro_2025-300x223.webp 300w\" sizes=\"auto, (max-width: 600px) 100vw, 600px\" \/><\/figure>\n\n\n\n<div style=\"height:36px\" aria-hidden=\"true\" class=\"wp-block-spacer\"><\/div>\n\n\n\n<p>El pasado<strong> s\u00e1bado 6 de septiembre<\/strong>, Santa Fe fue escenario de una experiencia \u00fanica: un simulacro de accidente vial con v\u00edctimas m\u00faltiples, organizado por el Colegio de M\u00e9dicos y llevado a cabo en el Parque Garay entre las 14:00 y las 18:00 hs.<\/p>\n\n\n\n<div style=\"height:20px\" aria-hidden=\"true\" class=\"wp-block-spacer\"><\/div>\n\n\n\n<p>Esta actividad form\u00f3 parte del<strong> Curso de Actualizaci\u00f3n y Capacitaci\u00f3n en Urgencias M\u00e9dicas<\/strong>, una propuesta formativa anual que combina instancias te\u00f3ricas y pr\u00e1cticas dirigidas a profesionales y estudiantes avanzados del \u00e1rea de la salud. El simulacro represent\u00f3 la <strong>pr\u00e1ctica integradora final del curso<\/strong>, en la que los participantes aplicaron los conocimientos y destrezas adquiridas a lo largo del a\u00f1o.<\/p>\n\n\n\n<div style=\"height:19px\" aria-hidden=\"true\" class=\"wp-block-spacer\"><\/div>\n\n\n\n<p>Durante la<strong> simulaci\u00f3n se represent\u00f3 un incidente vial con m\u00faltiples v\u00edctimas<\/strong> que demandaron la coordinaci\u00f3n entre los diferentes actores del sistema sanitario y de emergencias.<\/p>\n\n\n\n<div style=\"height:21px\" aria-hidden=\"true\" class=\"wp-block-spacer\"><\/div>\n\n\n\n<p>Participaron los bomberos voluntarios de recreo, el equipo de Cobem, <strong>equipos de salud de la regi\u00f3n, estudiantes de medicina, ambulancias de entidades p\u00fablicas y privadas<\/strong>, representantes de la <strong>Cruz Roja Argentina<\/strong>, la <strong>Municipalidad de Santa Fe<\/strong> y<strong> otros servicios de emergencias prehospitalarias.<\/strong><\/p>\n\n\n\n<div style=\"height:25px\" aria-hidden=\"true\" class=\"wp-block-spacer\"><\/div>\n\n\n\n<p>Adem\u00e1s la puesta en escena fue cuidadosamente dirigida por el profesor de teatro Federico Nicolas Celario Ocampo, quien aport\u00f3 realismo y dramatismo a las representaciones.<\/p>\n\n\n\n<div style=\"height:24px\" aria-hidden=\"true\" class=\"wp-block-spacer\"><\/div>\n\n\n\n<p>Esta experiencia estuvo abierta a toda la comunidad. No solo represent\u00f3 una valiosa instancia de formaci\u00f3n profesional para implementar la respuesta articulada y eficiente ante situaciones cr\u00edticas sino tambi\u00e9n una oportunidad para promover la conciencia ciudadana para observar y conocer c\u00f3mo act\u00faan los equipos ante este tipo de emergencias..<\/p>\n\n\n\n<div style=\"height:23px\" aria-hidden=\"true\" class=\"wp-block-spacer\"><\/div>\n\n\n\n<p>Desde el Colegio de M\u00e9dicos de Santa Fe agradecemos muy especialmente a:<\/p>\n\n\n\n<div style=\"height:11px\" aria-hidden=\"true\" class=\"wp-block-spacer\"><\/div>\n\n\n\n<ul class=\"wp-block-list\">\n<li>La comisi\u00f3n de educaci\u00f3n continua que coordino y organizo toda la actividad: Dr. Arturo Serrano, Dr. Horacio Locatelli, Dra. Daniela Longo, Dra. Paola Perez, Dr. Luis Moulin y Dr. Guillermo Kenz.<\/li>\n\n\n\n<li>A las bomberas voluntarias de Recreo: oficial inspector Lia Gonzalez, Suboficial principal Daniela Florentino y bombero Selene Gonzalez.<\/li>\n\n\n\n<li>Al equipo de gesti\u00f3n de riesgos y desastres del Cobem: Luis Mario Cabal<\/li>\n\n\n\n<li>Al director de escena: profe Federico Nicolas Celario Ocampo<\/li>\n\n\n\n<li>Al equipo de la Municipalidad y al intendente Juan Pablo Poletti por su acompa\u00f1amiento y compromiso con este tipo de iniciativas.<\/li>\n<\/ul>\n","protected":false},"excerpt":{"rendered":"<p>El pasado s\u00e1bado 6 de septiembre, Santa Fe fue escenario de una experiencia \u00fanica: un simulacro de accidente vial con v\u00edctimas m\u00faltiples, organizado por el Colegio de M\u00e9dicos y llevado a cabo en el Parque Garay entre las 14:00 y las 18:00 hs. Esta actividad form\u00f3 parte del Curso de Actualizaci\u00f3n y Capacitaci\u00f3n en Urgencias [&hellip;]<\/p>\n","protected":false},"author":1,"featured_media":5310,"comment_status":"closed","ping_status":"open","sticky":false,"template":"wp-custom-template-cursos","format":"standard","meta":{"_uag_custom_page_level_css":"","_jetpack_memberships_contains_paid_content":false,"footnotes":""},"categories":[28,12],"tags":[],"class_list":["post-5308","post","type-post","status-publish","format-standard","has-post-thumbnail","hentry","category-novedades","category-slider"],"jetpack_sharing_enabled":true,"jetpack_featured_media_url":"https:\/\/colmedicosantafe1.org.ar\/wp-content\/uploads\/2025\/09\/simulacro_2025.webp","uagb_featured_image_src":{"full":["https:\/\/colmedicosantafe1.org.ar\/wp-content\/uploads\/2025\/09\/simulacro_2025.webp",600,445,false],"thumbnail":["https:\/\/colmedicosantafe1.org.ar\/wp-content\/uploads\/2025\/09\/simulacro_2025-150x150.webp",150,150,true],"medium":["https:\/\/colmedicosantafe1.org.ar\/wp-content\/uploads\/2025\/09\/simulacro_2025-300x223.webp",300,223,true],"medium_large":["https:\/\/colmedicosantafe1.org.ar\/wp-content\/uploads\/2025\/09\/simulacro_2025.webp",600,445,false],"large":["https:\/\/colmedicosantafe1.org.ar\/wp-content\/uploads\/2025\/09\/simulacro_2025.webp",600,445,false],"1536x1536":["https:\/\/colmedicosantafe1.org.ar\/wp-content\/uploads\/2025\/09\/simulacro_2025.webp",600,445,false],"2048x2048":["https:\/\/colmedicosantafe1.org.ar\/wp-content\/uploads\/2025\/09\/simulacro_2025.webp",600,445,false]},"uagb_author_info":{"display_name":"admin","author_link":"https:\/\/colmedicosantafe1.org.ar\/?author=1"},"uagb_comment_info":0,"uagb_excerpt":"El pasado s\u00e1bado 6 de septiembre, Santa Fe fue escenario de una experiencia \u00fanica: un simulacro de accidente vial con v\u00edctimas m\u00faltiples, organizado por el Colegio de M\u00e9dicos y llevado a cabo en el Parque Garay entre las 14:00 y las 18:00 hs. Esta actividad form\u00f3 parte del Curso de Actualizaci\u00f3n y Capacitaci\u00f3n en Urgencias&hellip;","_links":{"self":[{"href":"https:\/\/colmedicosantafe1.org.ar\/index.php?rest_route=\/wp\/v2\/posts\/5308","targetHints":{"allow":["GET"]}}],"collection":[{"href":"https:\/\/colmedicosantafe1.org.ar\/index.php?rest_route=\/wp\/v2\/posts"}],"about":[{"href":"https:\/\/colmedicosantafe1.org.ar\/index.php?rest_route=\/wp\/v2\/types\/post"}],"author":[{"embeddable":true,"href":"https:\/\/colmedicosantafe1.org.ar\/index.php?rest_route=\/wp\/v2\/users\/1"}],"replies":[{"embeddable":true,"href":"https:\/\/colmedicosantafe1.org.ar\/index.php?rest_route=%2Fwp%2Fv2%2Fcomments&post=5308"}],"version-history":[{"count":5,"href":"https:\/\/colmedicosantafe1.org.ar\/index.php?rest_route=\/wp\/v2\/posts\/5308\/revisions"}],"predecessor-version":[{"id":5315,"href":"https:\/\/colmedicosantafe1.org.ar\/index.php?rest_route=\/wp\/v2\/posts\/5308\/revisions\/5315"}],"wp:featuredmedia":[{"embeddable":true,"href":"https:\/\/colmedicosantafe1.org.ar\/index.php?rest_route=\/wp\/v2\/media\/5310"}],"wp:attachment":[{"href":"https:\/\/colmedicosantafe1.org.ar\/index.php?rest_route=%2Fwp%2Fv2%2Fmedia&parent=5308"}],"wp:term":[{"taxonomy":"category","embeddable":true,"href":"https:\/\/colmedicosantafe1.org.ar\/index.php?rest_route=%2Fwp%2Fv2%2Fcategories&post=5308"},{"taxonomy":"post_tag","embeddable":true,"href":"https:\/\/colmedicosantafe1.org.ar\/index.php?rest_route=%2Fwp%2Fv2%2Ftags&post=5308"}],"curies":[{"name":"wp","href":"https:\/\/api.w.org\/{rel}","templated":true}]}}