{"id":5269,"date":"2025-09-05T12:01:55","date_gmt":"2025-09-05T15:01:55","guid":{"rendered":"https:\/\/colmedicosantafe1.org.ar\/?p=5269"},"modified":"2025-09-05T12:07:06","modified_gmt":"2025-09-05T15:07:06","slug":"%f0%9f%8f%ab%f0%9f%93%9a%f0%9f%97%93%ef%b8%8f-el-colegio-presenta-su-propuesta-academica-para-el-segundo-cuatrimestre-2025","status":"publish","type":"post","link":"https:\/\/colmedicosantafe1.org.ar\/?p=5269","title":{"rendered":"\ud83c\udfeb\ud83d\udcda\ud83d\uddd3\ufe0f El colegio presenta su propuesta acad\u00e9mica para el segundo cuatrimestre 2025"},"content":{"rendered":"\n<figure class=\"wp-block-image aligncenter size-full\"><img loading=\"lazy\" decoding=\"async\" width=\"612\" height=\"408\" src=\"https:\/\/colmedicosantafe1.org.ar\/wp-content\/uploads\/2025\/09\/Propuesta_Academica.jpg\" alt=\"\" class=\"wp-image-5270\" srcset=\"https:\/\/colmedicosantafe1.org.ar\/wp-content\/uploads\/2025\/09\/Propuesta_Academica.jpg 612w, https:\/\/colmedicosantafe1.org.ar\/wp-content\/uploads\/2025\/09\/Propuesta_Academica-300x200.jpg 300w\" sizes=\"auto, (max-width: 612px) 100vw, 612px\" \/><\/figure>\n\n\n\n<div style=\"height:16px\" aria-hidden=\"true\" class=\"wp-block-spacer\"><\/div>\n\n\n\n<p>El <strong>Colegio de M\u00e9dicos de Santa Fe 1ra C. <\/strong>lanza su agenda acad\u00e9mica para el segundo cuatrimestre, con una variada oferta de capacitaciones orientadas a fortalecer el ejercicio m\u00e9dico y promover el trabajo colaborativo con las instituciones formadoras, las asociaciones cient\u00edficas, los delegados departamentales y nuestra comunidad m\u00e9dica.<\/p>\n\n\n\n<div style=\"height:16px\" aria-hidden=\"true\" class=\"wp-block-spacer\"><\/div>\n\n\n\n<p>Las propuestas est\u00e1n dise\u00f1adas para acompa\u00f1ar de manera accesible, flexible y con alta calidad cient\u00edfica.<\/p>\n\n\n\n<div style=\"height:22px\" aria-hidden=\"true\" class=\"wp-block-spacer\"><\/div>\n\n\n\n<h4 class=\"wp-block-heading\">\ud83d\udcda<strong> <a href=\"https:\/\/colmedicosantafe1.org.ar\/wp-content\/uploads\/2025\/09\/PROPUESTA_ACADEMICA_2DO_CUATRIMESTRE.pdf\" data-type=\"link\" data-id=\"https:\/\/colmedicosantafe1.org.ar\/wp-content\/uploads\/2025\/09\/PROPUESTA_ACADEMICA_2DO_CUATRIMESTRE.pdf\" target=\"_blank\" rel=\"noreferrer noopener\">Propuestas 2do Cuatrimestre:<\/a><\/strong><\/h4>\n\n\n\n<div style=\"height:18px\" aria-hidden=\"true\" class=\"wp-block-spacer\"><\/div>\n\n\n\n<p>\ud83d\udd39 <strong>Seminarios de Actualizaci\u00f3n Online (gratuitos)<\/strong><\/p>\n\n\n\n<p>Todos los lunes, de 20:00 a 21:00 hs, por Zoom.<\/p>\n\n\n\n<div style=\"height:16px\" aria-hidden=\"true\" class=\"wp-block-spacer\"><\/div>\n\n\n\n<p>\ud83d\udd39 <strong>Taller de Conversaci\u00f3n en Ingl\u00e9s para M\u00e9dico (gratuito)<\/strong><\/p>\n\n\n\n<ol class=\"wp-block-list\"><\/ol>\n\n\n\n<p>Segundos (on line por zoom) y cuartos (presencial en el Colegio) mi\u00e9rcoles de cada mes. Un espacio distendido     que busca fortalecer las competencias ling\u00fc\u00edsticas y comunicativas del idioma.<br>\ud83d\udc49 <a href=\"https:\/\/colmedicosantafe1.org.ar\/?p=4846&amp;utm_source=chatgpt.com\" data-type=\"link\" data-id=\"https:\/\/colmedicosantafe1.org.ar\/?p=4846&amp;utm_source=chatgpt.com\" target=\"_blank\" rel=\"noreferrer noopener\">M\u00e1s info<\/a><\/p>\n\n\n\n<div style=\"height:16px\" aria-hidden=\"true\" class=\"wp-block-spacer\"><\/div>\n\n\n\n<p><strong>\ud83d\udd39 Historias Endocrinas (gratuito)<\/strong><br>Ciclo de charlas de la Asociaci\u00f3n de Endocrinolog\u00eda y Metabolismo de Santa Fe que combina ciencia, experiencia y arte cl\u00ednico.<br>\ud83d\udc49 <a href=\"https:\/\/colmedicosantafe1.org.ar\/?p=5213&amp;utm_source=chatgpt.com\" data-type=\"link\" data-id=\"https:\/\/colmedicosantafe1.org.ar\/?p=5213&amp;utm_source=chatgpt.com\" target=\"_blank\" rel=\"noreferrer noopener\">Conoc\u00e9 el ciclo<\/a><\/p>\n\n\n\n<div style=\"height:16px\" aria-hidden=\"true\" class=\"wp-block-spacer\"><\/div>\n\n\n\n<p>\ud83d\udd39 <strong>Curso de Formaci\u00f3n Anual \u2013 CONFEMECO <\/strong>(gratuito): Curso de Actualizaci\u00f3n M\u00e9dica 2025, estructurado en m\u00f3dulos independientes y dise\u00f1ado para ofrecer m\u00e1xima flexibilidad a los profesionales. El curso se dicta a trav\u00e9s de la plataforma Barcel\u00f3, perteneciente a la Universidad de La Rioja, y permite que cada m\u00e9dico decida c\u00f3mo y cu\u00e1ndo capacitarse: pueden optar por realizar m\u00f3dulos individuales o completar el curso en su totalidad.<\/p>\n\n\n\n<p>\ud83d\udc49 <a href=\"https:\/\/colmedicosantafe1.org.ar\/?p=5187&amp;utm_source=chatgpt.com\" data-type=\"link\" data-id=\"https:\/\/colmedicosantafe1.org.ar\/?p=5187&amp;utm_source=chatgpt.com\" target=\"_blank\" rel=\"noreferrer noopener\">Ver m\u00e1s<\/a><\/p>\n\n\n\n<div style=\"height:16px\" aria-hidden=\"true\" class=\"wp-block-spacer\"><\/div>\n\n\n\n<p><strong>\ud83d\udd39 Simulacro de Accidente con M\u00faltiples V\u00edctimas- S\u00e1bado 6\/9<\/strong><\/p>\n\n\n\n<p>Una experiencia pr\u00e1ctica de intervenci\u00f3n en emergencias organizada en conjunto que involucra la coordinaci\u00f3n entre distintos actores del sistema sanitario y de emergencias.<\/p>\n\n\n\n<p>\ud83d\udc49 <a href=\"https:\/\/colmedicosantafe1.org.ar\/?p=5156&amp;utm_source=chatgpt.com\" data-type=\"link\" data-id=\"https:\/\/colmedicosantafe1.org.ar\/?p=5156&amp;utm_source=chatgpt.com\" target=\"_blank\" rel=\"noreferrer noopener\">Ver m\u00e1s<\/a><\/p>\n\n\n\n<div style=\"height:16px\" aria-hidden=\"true\" class=\"wp-block-spacer\"><\/div>\n\n\n\n<p>\ud83d\udd39 <strong>Cursos de Actualizaci\u00f3n Profesional (accesibles):<\/strong><br>\u25aa\ufe0f <a href=\"https:\/\/colmedicosantafe1.org.ar\/?p=5174&amp;utm_source=chatgpt.com\" data-type=\"link\" data-id=\"https:\/\/colmedicosantafe1.org.ar\/?p=5174&amp;utm_source=chatgpt.com\" target=\"_blank\" rel=\"noreferrer noopener\">Investigaci\u00f3n y Medicina Basada en Evidencia<\/a><br>\u25aa\ufe0f <a href=\"https:\/\/colmedicosantafe1.org.ar\/?p=5119&amp;utm_source=chatgpt.com\" data-type=\"link\" data-id=\"https:\/\/colmedicosantafe1.org.ar\/?p=5119&amp;utm_source=chatgpt.com\" target=\"_blank\" rel=\"noreferrer noopener\">Diagn\u00f3stico por Im\u00e1genes<\/a><br>\u25aa\ufe0f <a href=\"https:\/\/colmedicosantafe1.org.ar\/?p=5181&amp;utm_source=chatgpt.com\" data-type=\"link\" data-id=\"https:\/\/colmedicosantafe1.org.ar\/?p=5181&amp;utm_source=chatgpt.com\" target=\"_blank\" rel=\"noreferrer noopener\">Urgencias en Salud Mental 2025<\/a><br>\u25aa\ufe0f <a href=\"https:\/\/colmedicosantafe1.org.ar\/?p=5159&amp;utm_source=chatgpt.com\" data-type=\"link\" data-id=\"https:\/\/colmedicosantafe1.org.ar\/?p=5159&amp;utm_source=chatgpt.com\" target=\"_blank\" rel=\"noreferrer noopener\">Electrocardiograf\u00eda B\u00e1sica<\/a><\/p>\n\n\n\n<div style=\"height:16px\" aria-hidden=\"true\" class=\"wp-block-spacer\"><\/div>\n\n\n\n<p>Adem\u00e1s, el Colegio reafirma el apoyo a las<strong> sociedades cient\u00edficas locales<\/strong>, facilitando espacios para sus actividades y se promueve el desarrollo de propuestas orientadas a una formaci\u00f3n m\u00e9dica de calidad.<\/p>\n\n\n\n<div style=\"height:16px\" aria-hidden=\"true\" class=\"wp-block-spacer\"><\/div>\n\n\n\n<p>Invitamos a todos los colegas a participar, difundir y seguir construyendo juntos una medicina de excelencia, comprometida, humana de actualizaci\u00f3n permanente.<\/p>\n\n\n\n<p><\/p>\n","protected":false},"excerpt":{"rendered":"<p>El Colegio de M\u00e9dicos de Santa Fe 1ra C. lanza su agenda acad\u00e9mica para el segundo cuatrimestre, con una variada oferta de capacitaciones orientadas a fortalecer el ejercicio m\u00e9dico y promover el trabajo colaborativo con las instituciones formadoras, las asociaciones cient\u00edficas, los delegados departamentales y nuestra comunidad m\u00e9dica. Las propuestas est\u00e1n dise\u00f1adas para acompa\u00f1ar de [&hellip;]<\/p>\n","protected":false},"author":1,"featured_media":5270,"comment_status":"closed","ping_status":"open","sticky":false,"template":"wp-custom-template-cursos","format":"standard","meta":{"_uag_custom_page_level_css":"","_jetpack_memberships_contains_paid_content":false,"footnotes":""},"categories":[30,28,12],"tags":[],"class_list":["post-5269","post","type-post","status-publish","format-standard","has-post-thumbnail","hentry","category-cursos","category-novedades","category-slider"],"jetpack_sharing_enabled":true,"jetpack_featured_media_url":"https:\/\/colmedicosantafe1.org.ar\/wp-content\/uploads\/2025\/09\/Propuesta_Academica.jpg","uagb_featured_image_src":{"full":["https:\/\/colmedicosantafe1.org.ar\/wp-content\/uploads\/2025\/09\/Propuesta_Academica.jpg",612,408,false],"thumbnail":["https:\/\/colmedicosantafe1.org.ar\/wp-content\/uploads\/2025\/09\/Propuesta_Academica-150x150.jpg",150,150,true],"medium":["https:\/\/colmedicosantafe1.org.ar\/wp-content\/uploads\/2025\/09\/Propuesta_Academica-300x200.jpg",300,200,true],"medium_large":["https:\/\/colmedicosantafe1.org.ar\/wp-content\/uploads\/2025\/09\/Propuesta_Academica.jpg",612,408,false],"large":["https:\/\/colmedicosantafe1.org.ar\/wp-content\/uploads\/2025\/09\/Propuesta_Academica.jpg",612,408,false],"1536x1536":["https:\/\/colmedicosantafe1.org.ar\/wp-content\/uploads\/2025\/09\/Propuesta_Academica.jpg",612,408,false],"2048x2048":["https:\/\/colmedicosantafe1.org.ar\/wp-content\/uploads\/2025\/09\/Propuesta_Academica.jpg",612,408,false]},"uagb_author_info":{"display_name":"admin","author_link":"https:\/\/colmedicosantafe1.org.ar\/?author=1"},"uagb_comment_info":0,"uagb_excerpt":"El Colegio de M\u00e9dicos de Santa Fe 1ra C. lanza su agenda acad\u00e9mica para el segundo cuatrimestre, con una variada oferta de capacitaciones orientadas a fortalecer el ejercicio m\u00e9dico y promover el trabajo colaborativo con las instituciones formadoras, las asociaciones cient\u00edficas, los delegados departamentales y nuestra comunidad m\u00e9dica. Las propuestas est\u00e1n dise\u00f1adas para acompa\u00f1ar de&hellip;","_links":{"self":[{"href":"https:\/\/colmedicosantafe1.org.ar\/index.php?rest_route=\/wp\/v2\/posts\/5269","targetHints":{"allow":["GET"]}}],"collection":[{"href":"https:\/\/colmedicosantafe1.org.ar\/index.php?rest_route=\/wp\/v2\/posts"}],"about":[{"href":"https:\/\/colmedicosantafe1.org.ar\/index.php?rest_route=\/wp\/v2\/types\/post"}],"author":[{"embeddable":true,"href":"https:\/\/colmedicosantafe1.org.ar\/index.php?rest_route=\/wp\/v2\/users\/1"}],"replies":[{"embeddable":true,"href":"https:\/\/colmedicosantafe1.org.ar\/index.php?rest_route=%2Fwp%2Fv2%2Fcomments&post=5269"}],"version-history":[{"count":6,"href":"https:\/\/colmedicosantafe1.org.ar\/index.php?rest_route=\/wp\/v2\/posts\/5269\/revisions"}],"predecessor-version":[{"id":5277,"href":"https:\/\/colmedicosantafe1.org.ar\/index.php?rest_route=\/wp\/v2\/posts\/5269\/revisions\/5277"}],"wp:featuredmedia":[{"embeddable":true,"href":"https:\/\/colmedicosantafe1.org.ar\/index.php?rest_route=\/wp\/v2\/media\/5270"}],"wp:attachment":[{"href":"https:\/\/colmedicosantafe1.org.ar\/index.php?rest_route=%2Fwp%2Fv2%2Fmedia&parent=5269"}],"wp:term":[{"taxonomy":"category","embeddable":true,"href":"https:\/\/colmedicosantafe1.org.ar\/index.php?rest_route=%2Fwp%2Fv2%2Fcategories&post=5269"},{"taxonomy":"post_tag","embeddable":true,"href":"https:\/\/colmedicosantafe1.org.ar\/index.php?rest_route=%2Fwp%2Fv2%2Ftags&post=5269"}],"curies":[{"name":"wp","href":"https:\/\/api.w.org\/{rel}","templated":true}]}}