{"id":5237,"date":"2025-09-03T10:41:37","date_gmt":"2025-09-03T13:41:37","guid":{"rendered":"https:\/\/colmedicosantafe1.org.ar\/?p=5237"},"modified":"2025-09-03T11:21:52","modified_gmt":"2025-09-03T14:21:52","slug":"%f0%9f%8f%9b%ef%b8%8f%f0%9f%93%9c-historico-reconocimiento-constitucional-a-los-colegios-y-consejos-profesionales","status":"publish","type":"post","link":"https:\/\/colmedicosantafe1.org.ar\/?p=5237","title":{"rendered":"\ud83c\udfdb\ufe0f\ud83d\udcdc Hist\u00f3rico reconocimiento constitucional a los Colegios y Consejos Profesionales"},"content":{"rendered":"\n<figure class=\"wp-block-image size-large\"><img loading=\"lazy\" decoding=\"async\" width=\"1024\" height=\"504\" src=\"https:\/\/colmedicosantafe1.org.ar\/wp-content\/uploads\/2025\/09\/Colegios_y_Consejos-1-1024x504.webp\" alt=\"\" class=\"wp-image-5246\" srcset=\"https:\/\/colmedicosantafe1.org.ar\/wp-content\/uploads\/2025\/09\/Colegios_y_Consejos-1-1024x504.webp 1024w, https:\/\/colmedicosantafe1.org.ar\/wp-content\/uploads\/2025\/09\/Colegios_y_Consejos-1-300x148.webp 300w, https:\/\/colmedicosantafe1.org.ar\/wp-content\/uploads\/2025\/09\/Colegios_y_Consejos-1-768x378.webp 768w, https:\/\/colmedicosantafe1.org.ar\/wp-content\/uploads\/2025\/09\/Colegios_y_Consejos-1.webp 1214w\" sizes=\"auto, (max-width: 1024px) 100vw, 1024px\" \/><\/figure>\n\n\n\n<h6 class=\"wp-block-heading has-text-align-center\">Foto: gentileza Diario el Litoral<\/h6>\n\n\n\n<div style=\"height:16px\" aria-hidden=\"true\" class=\"wp-block-spacer\"><\/div>\n\n\n\n<p>En un hecho trascendental para los profesionales de la provincia, los Colegios y Consejos Profesionales fueron incorporados formalmente a la <strong>nueva Constituci\u00f3n de Santa Fe<\/strong>, tras la aprobaci\u00f3n de un dictamen que reconoce su existencia y funci\u00f3n en la Carta Magna provincial.<\/p>\n\n\n\n<div style=\"height:16px\" aria-hidden=\"true\" class=\"wp-block-spacer\"><\/div>\n\n\n\n<p>Este reconocimiento fortalece institucionalmente a nuestras entidades y refuerza nuestro rol en la sociedad. Adem\u00e1s, la inclusi\u00f3n constitucional <strong>brinda protecci\u00f3n jur\u00eddica<\/strong> frente a eventuales intentos de limitar sus funciones, garantizando su permanencia y autonom\u00eda como actores fundamentales en la labor profesional en Santa Fe.<\/p>\n\n\n\n<div style=\"height:16px\" aria-hidden=\"true\" class=\"wp-block-spacer\"><\/div>\n\n\n\n<div class=\"wp-block-file\"><a id=\"wp-block-file--media-38243ac3-4078-4971-8b01-131d6fed560e\" href=\"https:\/\/colmedicosantafe1.org.ar\/wp-content\/uploads\/2025\/09\/Reconocimiento-_Constitucional_de_los_Colegios_y_Consejos_Profesionales.pdf\" target=\"_blank\" rel=\"noreferrer noopener\">Parte de prensa: Reconocimiento constitucional de los Colegios y Consejos Profesionales<\/a><\/div>\n","protected":false},"excerpt":{"rendered":"<p>Foto: gentileza Diario el Litoral En un hecho trascendental para los profesionales de la provincia, los Colegios y Consejos Profesionales fueron incorporados formalmente a la nueva Constituci\u00f3n de Santa Fe, tras la aprobaci\u00f3n de un dictamen que reconoce su existencia y funci\u00f3n en la Carta Magna provincial. Este reconocimiento fortalece institucionalmente a nuestras entidades y [&hellip;]<\/p>\n","protected":false},"author":1,"featured_media":5246,"comment_status":"closed","ping_status":"open","sticky":false,"template":"wp-custom-template-cursos","format":"standard","meta":{"_uag_custom_page_level_css":"","_jetpack_memberships_contains_paid_content":false,"footnotes":""},"categories":[28,12],"tags":[],"class_list":["post-5237","post","type-post","status-publish","format-standard","has-post-thumbnail","hentry","category-novedades","category-slider"],"jetpack_sharing_enabled":true,"jetpack_featured_media_url":"https:\/\/colmedicosantafe1.org.ar\/wp-content\/uploads\/2025\/09\/Colegios_y_Consejos-1.webp","uagb_featured_image_src":{"full":["https:\/\/colmedicosantafe1.org.ar\/wp-content\/uploads\/2025\/09\/Colegios_y_Consejos-1.webp",1214,597,false],"thumbnail":["https:\/\/colmedicosantafe1.org.ar\/wp-content\/uploads\/2025\/09\/Colegios_y_Consejos-1-150x150.webp",150,150,true],"medium":["https:\/\/colmedicosantafe1.org.ar\/wp-content\/uploads\/2025\/09\/Colegios_y_Consejos-1-300x148.webp",300,148,true],"medium_large":["https:\/\/colmedicosantafe1.org.ar\/wp-content\/uploads\/2025\/09\/Colegios_y_Consejos-1-768x378.webp",768,378,true],"large":["https:\/\/colmedicosantafe1.org.ar\/wp-content\/uploads\/2025\/09\/Colegios_y_Consejos-1-1024x504.webp",1024,504,true],"1536x1536":["https:\/\/colmedicosantafe1.org.ar\/wp-content\/uploads\/2025\/09\/Colegios_y_Consejos-1.webp",1214,597,false],"2048x2048":["https:\/\/colmedicosantafe1.org.ar\/wp-content\/uploads\/2025\/09\/Colegios_y_Consejos-1.webp",1214,597,false]},"uagb_author_info":{"display_name":"admin","author_link":"https:\/\/colmedicosantafe1.org.ar\/?author=1"},"uagb_comment_info":0,"uagb_excerpt":"Foto: gentileza Diario el Litoral En un hecho trascendental para los profesionales de la provincia, los Colegios y Consejos Profesionales fueron incorporados formalmente a la nueva Constituci\u00f3n de Santa Fe, tras la aprobaci\u00f3n de un dictamen que reconoce su existencia y funci\u00f3n en la Carta Magna provincial. Este reconocimiento fortalece institucionalmente a nuestras entidades y&hellip;","_links":{"self":[{"href":"https:\/\/colmedicosantafe1.org.ar\/index.php?rest_route=\/wp\/v2\/posts\/5237","targetHints":{"allow":["GET"]}}],"collection":[{"href":"https:\/\/colmedicosantafe1.org.ar\/index.php?rest_route=\/wp\/v2\/posts"}],"about":[{"href":"https:\/\/colmedicosantafe1.org.ar\/index.php?rest_route=\/wp\/v2\/types\/post"}],"author":[{"embeddable":true,"href":"https:\/\/colmedicosantafe1.org.ar\/index.php?rest_route=\/wp\/v2\/users\/1"}],"replies":[{"embeddable":true,"href":"https:\/\/colmedicosantafe1.org.ar\/index.php?rest_route=%2Fwp%2Fv2%2Fcomments&post=5237"}],"version-history":[{"count":8,"href":"https:\/\/colmedicosantafe1.org.ar\/index.php?rest_route=\/wp\/v2\/posts\/5237\/revisions"}],"predecessor-version":[{"id":5252,"href":"https:\/\/colmedicosantafe1.org.ar\/index.php?rest_route=\/wp\/v2\/posts\/5237\/revisions\/5252"}],"wp:featuredmedia":[{"embeddable":true,"href":"https:\/\/colmedicosantafe1.org.ar\/index.php?rest_route=\/wp\/v2\/media\/5246"}],"wp:attachment":[{"href":"https:\/\/colmedicosantafe1.org.ar\/index.php?rest_route=%2Fwp%2Fv2%2Fmedia&parent=5237"}],"wp:term":[{"taxonomy":"category","embeddable":true,"href":"https:\/\/colmedicosantafe1.org.ar\/index.php?rest_route=%2Fwp%2Fv2%2Fcategories&post=5237"},{"taxonomy":"post_tag","embeddable":true,"href":"https:\/\/colmedicosantafe1.org.ar\/index.php?rest_route=%2Fwp%2Fv2%2Ftags&post=5237"}],"curies":[{"name":"wp","href":"https:\/\/api.w.org\/{rel}","templated":true}]}}