{"id":4766,"date":"2025-05-22T08:37:02","date_gmt":"2025-05-22T11:37:02","guid":{"rendered":"https:\/\/colmedicosantafe1.org.ar\/?p=4766"},"modified":"2025-05-22T08:40:27","modified_gmt":"2025-05-22T11:40:27","slug":"%f0%9f%9a%a8-webinario-incidentes-con-victimas-multiples-y-desastres-como-nos-preparamos","status":"publish","type":"post","link":"https:\/\/colmedicosantafe1.org.ar\/?p=4766","title":{"rendered":"\ud83d\udea8 Webinario: \u201cIncidentes con V\u00edctimas M\u00faltiples y Desastres \u00bfC\u00f3mo nos preparamos?\u201d"},"content":{"rendered":"\n<figure class=\"wp-block-image aligncenter size-full\" style=\"margin-top:0;margin-bottom:var(--wp--preset--spacing--20)\"><img loading=\"lazy\" decoding=\"async\" width=\"612\" height=\"408\" src=\"https:\/\/colmedicosantafe1.org.ar\/wp-content\/uploads\/2025\/05\/Webin_Incidentes_Victimas.png\" alt=\"\" class=\"wp-image-4768\" srcset=\"https:\/\/colmedicosantafe1.org.ar\/wp-content\/uploads\/2025\/05\/Webin_Incidentes_Victimas.png 612w, https:\/\/colmedicosantafe1.org.ar\/wp-content\/uploads\/2025\/05\/Webin_Incidentes_Victimas-300x200.png 300w\" sizes=\"auto, (max-width: 612px) 100vw, 612px\" \/><\/figure>\n\n\n\n<p>\ud83d\uddd3\ufe0f El lunes 26 de mayo, a las \ud83d\udd63 20:30 horas, el Colegio de M\u00e9dicos de Santa Fe organiza un encuentro webinario donde se abordar\u00e1 el tema: \u201cIncidentes con V\u00edctimas M\u00faltiples y Desastres. \u00bfC\u00f3mo nos preparamos?\u201d.<\/p>\n\n\n\n<div style=\"height:20px\" aria-hidden=\"true\" class=\"wp-block-spacer\"><\/div>\n\n\n\n<p>\ud83c\udf99\ufe0f La actividad estar\u00e1 a cargo del Dr. Emilio N. Scarinci, m\u00e9dico cirujano, especialista en trauma, miembro del equipo de atenci\u00f3n a v\u00edctimas m\u00faltiples del SAME e instructor del curso ATLS (Advanced Trauma Life Support).<\/p>\n\n\n\n<div style=\"height:20px\" aria-hidden=\"true\" class=\"wp-block-spacer\"><\/div>\n\n\n\n<p>\ud83d\udc49\ud83d\udcdd<a href=\"https:\/\/us06web.zoom.us\/webinar\/register\/WN_s6m2PKqFTvaOP7xg0V_7Rg\" data-type=\"link\" data-id=\"https:\/\/us06web.zoom.us\/webinar\/register\/WN_s6m2PKqFTvaOP7xg0V_7Rg\" target=\"_blank\" rel=\"noreferrer noopener\"> <\/a><strong><a href=\"https:\/\/us06web.zoom.us\/webinar\/register\/WN_5SgPrtEpTKe9z9n2-WRASg\" data-type=\"link\" data-id=\"https:\/\/us06web.zoom.us\/webinar\/register\/WN_5SgPrtEpTKe9z9n2-WRASg\" target=\"_blank\" rel=\"noreferrer noopener\">Formulario de inscripci\u00f3n.<\/a><\/strong><\/p>\n\n\n\n<p><br>\ud83c\udfaf <strong>Objetivos:<\/strong><br>&#8211; Describir las caracter\u00edsticas de los eventos con v\u00edctimas m\u00faltiples y situaciones de desastre.<br>&#8211; Analizar los componentes del riesgo y c\u00f3mo los determinantes propios de cada comunidad influyen en su configuraci\u00f3n.<br>&#8211; Exponer los elementos clave del ciclo de gesti\u00f3n de riesgos.<br>&#8211; Destacar la importancia de la elaboraci\u00f3n de mapas de riesgo y del trabajo basado en hip\u00f3tesis de m\u00e1xima.<br>&#8211; Conocer la sistem\u00e1tica del triage y su aplicaci\u00f3n en escenarios con m\u00faltiples v\u00edctimas.<br>&#8211; Presentar casos reales que permitan contextualizar y analizar los conceptos desarrollados.<\/p>\n\n\n\n<p><\/p>\n\n\n\n<div style=\"height:20px\" aria-hidden=\"true\" class=\"wp-block-spacer\"><\/div>\n\n\n\n<p>Este webinario representa una valiosa oportunidad para fortalecer conocimientos y capacidades en el manejo de situaciones cr\u00edticas, con especial foco en la planificaci\u00f3n, la organizaci\u00f3n y la respuesta m\u00e9dica ante emergencias colectivas.<\/p>\n\n\n\n<p><br>\ud83c\udd93 La participaci\u00f3n es libre y gratuita a trav\u00e9s de la plataforma Zoom de la instituci\u00f3n, con inscripci\u00f3n previa.<\/p>\n\n\n\n<p><\/p>\n\n\n\n<!--more-->\n\n\n\n<p><\/p>\n\n\n\n<div style=\"height:20px\" aria-hidden=\"true\" class=\"wp-block-spacer\"><\/div>\n\n\n\n<div class=\"wp-block-media-text is-stacked-on-mobile is-vertically-aligned-top\" style=\"grid-template-columns:35% auto\"><figure class=\"wp-block-media-text__media\"><img loading=\"lazy\" decoding=\"async\" width=\"741\" height=\"709\" src=\"https:\/\/colmedicosantafe1.org.ar\/wp-content\/uploads\/2025\/05\/Dr_Emiliano_Scarinci.jpeg\" alt=\"\" class=\"wp-image-4771 size-full\" srcset=\"https:\/\/colmedicosantafe1.org.ar\/wp-content\/uploads\/2025\/05\/Dr_Emiliano_Scarinci.jpeg 741w, https:\/\/colmedicosantafe1.org.ar\/wp-content\/uploads\/2025\/05\/Dr_Emiliano_Scarinci-300x287.jpeg 300w\" sizes=\"auto, (max-width: 741px) 100vw, 741px\" \/><\/figure><div class=\"wp-block-media-text__content\">\n<p>\ud83d\udc69\u200d\u2695\ufe0f Dr. Emilio N. Scarinci<br>&#8211; M\u00e9dico. MN 126.526 \u2013 MP 7.408<br>&#8211; Especialista en Cirug\u00eda General<br>&#8211; Miembro del Equipo de V\u00edctimas M\u00faltiples y Triage. SAME. Buenos Aires<br>&#8211; Miembro voluntario. Comisi\u00f3n Cascos Blancos. Cancilleria Argentina<br>&#8211; Instructor ATLS. American College of Surgeons<br>&#8211; Provincial Faculty. Comit\u00e9 de Trauma. Cap\u00edtulo Argentino. American College of Surgeons<br>&#8211; Cirujano del Hospital Jaime Ferr\u00e9 y Sanatorio Moreno, Rafaela<\/p>\n\n\n\n<p><\/p>\n<\/div><\/div>\n","protected":false},"excerpt":{"rendered":"<p>\ud83d\uddd3\ufe0f El lunes 26 de mayo, a las \ud83d\udd63 20:30 horas, el Colegio de M\u00e9dicos de Santa Fe organiza un encuentro webinario donde se abordar\u00e1 el tema: \u201cIncidentes con V\u00edctimas M\u00faltiples y Desastres. \u00bfC\u00f3mo nos preparamos?\u201d. \ud83c\udf99\ufe0f La actividad estar\u00e1 a cargo del Dr. Emilio N. Scarinci, m\u00e9dico cirujano, especialista en trauma, miembro del equipo [&hellip;]<\/p>\n","protected":false},"author":1,"featured_media":4768,"comment_status":"open","ping_status":"open","sticky":false,"template":"wp-custom-template-webinarios","format":"standard","meta":{"_uag_custom_page_level_css":"","_jetpack_memberships_contains_paid_content":false,"footnotes":""},"categories":[12,29],"tags":[],"class_list":["post-4766","post","type-post","status-publish","format-standard","has-post-thumbnail","hentry","category-slider","category-webinarios"],"jetpack_sharing_enabled":true,"jetpack_featured_media_url":"https:\/\/colmedicosantafe1.org.ar\/wp-content\/uploads\/2025\/05\/Webin_Incidentes_Victimas.png","uagb_featured_image_src":{"full":["https:\/\/colmedicosantafe1.org.ar\/wp-content\/uploads\/2025\/05\/Webin_Incidentes_Victimas.png",612,408,false],"thumbnail":["https:\/\/colmedicosantafe1.org.ar\/wp-content\/uploads\/2025\/05\/Webin_Incidentes_Victimas-150x150.png",150,150,true],"medium":["https:\/\/colmedicosantafe1.org.ar\/wp-content\/uploads\/2025\/05\/Webin_Incidentes_Victimas-300x200.png",300,200,true],"medium_large":["https:\/\/colmedicosantafe1.org.ar\/wp-content\/uploads\/2025\/05\/Webin_Incidentes_Victimas.png",612,408,false],"large":["https:\/\/colmedicosantafe1.org.ar\/wp-content\/uploads\/2025\/05\/Webin_Incidentes_Victimas.png",612,408,false],"1536x1536":["https:\/\/colmedicosantafe1.org.ar\/wp-content\/uploads\/2025\/05\/Webin_Incidentes_Victimas.png",612,408,false],"2048x2048":["https:\/\/colmedicosantafe1.org.ar\/wp-content\/uploads\/2025\/05\/Webin_Incidentes_Victimas.png",612,408,false]},"uagb_author_info":{"display_name":"admin","author_link":"https:\/\/colmedicosantafe1.org.ar\/?author=1"},"uagb_comment_info":0,"uagb_excerpt":"\ud83d\uddd3\ufe0f El lunes 26 de mayo, a las \ud83d\udd63 20:30 horas, el Colegio de M\u00e9dicos de Santa Fe organiza un encuentro webinario donde se abordar\u00e1 el tema: \u201cIncidentes con V\u00edctimas M\u00faltiples y Desastres. \u00bfC\u00f3mo nos preparamos?\u201d. \ud83c\udf99\ufe0f La actividad estar\u00e1 a cargo del Dr. Emilio N. Scarinci, m\u00e9dico cirujano, especialista en trauma, miembro del equipo&hellip;","_links":{"self":[{"href":"https:\/\/colmedicosantafe1.org.ar\/index.php?rest_route=\/wp\/v2\/posts\/4766","targetHints":{"allow":["GET"]}}],"collection":[{"href":"https:\/\/colmedicosantafe1.org.ar\/index.php?rest_route=\/wp\/v2\/posts"}],"about":[{"href":"https:\/\/colmedicosantafe1.org.ar\/index.php?rest_route=\/wp\/v2\/types\/post"}],"author":[{"embeddable":true,"href":"https:\/\/colmedicosantafe1.org.ar\/index.php?rest_route=\/wp\/v2\/users\/1"}],"replies":[{"embeddable":true,"href":"https:\/\/colmedicosantafe1.org.ar\/index.php?rest_route=%2Fwp%2Fv2%2Fcomments&post=4766"}],"version-history":[{"count":6,"href":"https:\/\/colmedicosantafe1.org.ar\/index.php?rest_route=\/wp\/v2\/posts\/4766\/revisions"}],"predecessor-version":[{"id":4774,"href":"https:\/\/colmedicosantafe1.org.ar\/index.php?rest_route=\/wp\/v2\/posts\/4766\/revisions\/4774"}],"wp:featuredmedia":[{"embeddable":true,"href":"https:\/\/colmedicosantafe1.org.ar\/index.php?rest_route=\/wp\/v2\/media\/4768"}],"wp:attachment":[{"href":"https:\/\/colmedicosantafe1.org.ar\/index.php?rest_route=%2Fwp%2Fv2%2Fmedia&parent=4766"}],"wp:term":[{"taxonomy":"category","embeddable":true,"href":"https:\/\/colmedicosantafe1.org.ar\/index.php?rest_route=%2Fwp%2Fv2%2Fcategories&post=4766"},{"taxonomy":"post_tag","embeddable":true,"href":"https:\/\/colmedicosantafe1.org.ar\/index.php?rest_route=%2Fwp%2Fv2%2Ftags&post=4766"}],"curies":[{"name":"wp","href":"https:\/\/api.w.org\/{rel}","templated":true}]}}