{"id":4616,"date":"2025-04-25T10:31:00","date_gmt":"2025-04-25T13:31:00","guid":{"rendered":"https:\/\/colmedicosantafe1.org.ar\/?p=4616"},"modified":"2025-04-25T11:25:01","modified_gmt":"2025-04-25T14:25:01","slug":"%f0%9f%a4%b0%e2%9a%a0%ef%b8%8f-jornada-sobre-trombofilia-y-embarazo-su-desconocimiento-es-igual-a-mala-praxis","status":"publish","type":"post","link":"https:\/\/colmedicosantafe1.org.ar\/?p=4616","title":{"rendered":"\ud83e\udd30\u26a0\ufe0f \u201cJornada sobre Trombofilia y Embarazo: su desconocimiento es igual a Mala Praxis\u201d"},"content":{"rendered":"\n<figure class=\"wp-block-image aligncenter size-full\" style=\"margin-top:0;margin-bottom:var(--wp--preset--spacing--20)\"><img loading=\"lazy\" decoding=\"async\" width=\"612\" height=\"408\" src=\"https:\/\/colmedicosantafe1.org.ar\/wp-content\/uploads\/2025\/04\/ateneo_trombofilia_y_embarazo.png\" alt=\"\" class=\"wp-image-4617\" srcset=\"https:\/\/colmedicosantafe1.org.ar\/wp-content\/uploads\/2025\/04\/ateneo_trombofilia_y_embarazo.png 612w, https:\/\/colmedicosantafe1.org.ar\/wp-content\/uploads\/2025\/04\/ateneo_trombofilia_y_embarazo-300x200.png 300w\" sizes=\"auto, (max-width: 612px) 100vw, 612px\" \/><\/figure>\n\n\n\n<p><br>\ud83d\udc49\ud83d\udcdd<a href=\"https:\/\/us06web.zoom.us\/webinar\/register\/WN_s6m2PKqFTvaOP7xg0V_7Rg\" data-type=\"link\" data-id=\"https:\/\/us06web.zoom.us\/webinar\/register\/WN_s6m2PKqFTvaOP7xg0V_7Rg\" target=\"_blank\" rel=\"noreferrer noopener\"> <\/a><a href=\"https:\/\/us06web.zoom.us\/webinar\/register\/WN_q4Mjz33jSI2S0jHoJdww8g\" data-type=\"link\" data-id=\"https:\/\/us06web.zoom.us\/webinar\/register\/WN_q4Mjz33jSI2S0jHoJdww8g\" target=\"_blank\" rel=\"noreferrer noopener\">Formulario de inscripci\u00f3n.<\/a><\/p>\n\n\n\n<div style=\"height:21px\" aria-hidden=\"true\" class=\"wp-block-spacer\"><\/div>\n\n\n\n<p><\/p>\n\n\n\n<p>\ud83d\uddd3\ufe0f El lunes 05 de mayo, a las \ud83d\udd63 19:30 horas, el Colegio de M\u00e9dicos de Santa Fe 1ra C y la Asociaci\u00f3n de Obstetricia y Ginecolog\u00eda de Santa Fe invitan al encuentro donde se abordar\u00e1 el tema: \u201cJornada sobre Trombofilia y Embarazo: su Desconocimiento es igual a Mala Praxis\u201d<\/p>\n\n\n\n<p><br>\ud83c\udf99\ufe0f La disertaci\u00f3n estar\u00e1 a cargo del Jos\u00e9 Omar Latino: especialista en Obstetricia y Ginecolog\u00eda, Mag\u00edster en Trombosis y Doctor en Medicina.<\/p>\n\n\n\n<p><br>\ud83c\udd93 Ser\u00e1 de modalidad h\u00edbrida: presencial y en l\u00ednea mediante la plataforma Zoom de nuestra instituci\u00f3n. Acceso libre con inscripci\u00f3n previa<\/p>\n\n\n\n<!--more-->\n\n\n\n<p><\/p>\n\n\n\n<div style=\"height:20px\" aria-hidden=\"true\" class=\"wp-block-spacer\"><\/div>\n\n\n\n<p>\ud83c\udfaf Objetivos:<\/p>\n\n\n\n<ul class=\"wp-block-list\">\n<li>Actualizaci\u00f3n de trombofilia y embarazo : \u00bfQu\u00e9 hay de nuevo en diagn\u00f3stico y tratamiento?<\/li>\n\n\n\n<li>Mala praxis en trombofilia y embarazo: \u00bfCu\u00e1ndo y por qu\u00e9?<\/li>\n\n\n\n<li>\u00bfHay una edad gestacional segura en la finalizaci\u00f3n del embarazo?<\/li>\n<\/ul>\n\n\n\n<p><\/p>\n\n\n\n<div style=\"height:20px\" aria-hidden=\"true\" class=\"wp-block-spacer\"><\/div>\n\n\n\n<div class=\"wp-block-media-text is-stacked-on-mobile is-vertically-aligned-top\" style=\"grid-template-columns:37% auto\"><figure class=\"wp-block-media-text__media\"><img loading=\"lazy\" decoding=\"async\" width=\"800\" height=\"781\" src=\"https:\/\/colmedicosantafe1.org.ar\/wp-content\/uploads\/2025\/04\/Dr_Jose_Omar_Latino.jpg\" alt=\"\" class=\"wp-image-4619 size-full\" srcset=\"https:\/\/colmedicosantafe1.org.ar\/wp-content\/uploads\/2025\/04\/Dr_Jose_Omar_Latino.jpg 800w, https:\/\/colmedicosantafe1.org.ar\/wp-content\/uploads\/2025\/04\/Dr_Jose_Omar_Latino-300x293.jpg 300w, https:\/\/colmedicosantafe1.org.ar\/wp-content\/uploads\/2025\/04\/Dr_Jose_Omar_Latino-768x750.jpg 768w\" sizes=\"auto, (max-width: 800px) 100vw, 800px\" \/><\/figure><div class=\"wp-block-media-text__content\">\n<p>\ud83d\udc68\u200d\u2695\ufe0f Dr. Jos\u00e9 Omar Latino. MN 53859<\/p>\n\n\n\n<p>-Doctor en Medicina<\/p>\n\n\n\n<p>-Especialista en Obstetricia y Ginecolog\u00eda<\/p>\n\n\n\n<p>-Profesor Titular de Obstetricia Facultad de Medicina U.B.A.<\/p>\n\n\n\n<p>-Ex Jefe de Unidad Obstetricia Htal. Dr. Carlos G. Durand<\/p>\n\n\n\n<p>-M\u00e9dico Consulto del Dep. Materno Infantil del Htal. Dr. Carlos G. Durand<\/p>\n\n\n\n<p>-Fellow American College of Obstetrician and Gynecologisis<\/p>\n\n\n\n<p>-Magister en Trombosis<\/p>\n\n\n\n<p>-Coordinador del Consultorio de Enfermedades Autoinmunes Trombof\u00edlicas y Embarazo Htal Dr. Carlos Durand desde 1988<\/p>\n\n\n\n<p>\u2060-Autor de m\u00e1s de 150 Trabajos Cient\u00edficos Nacionales e Internacionales<\/p>\n\n\n\n<p>\u2060-Autor de numerosos Trabajos Cient\u00edficos Premiados<\/p>\n\n\n\n<p>\u2060-Autor de 6 libros de la especialidad Editorial Ascune y de numerosas cap\u00edtulos en colaboraci\u00f3n<\/p>\n\n\n\n<p>-Ex Presidente de la Sociedad de Obstetricia y Ginecolog\u00eda de Buenos Aires \u00a8SOGIBA\u00a8 (2023-2024)<\/p>\n\n\n\n<p>-Secretario General de la Federaci\u00f3n Argentina de Sociedades de Ginecolog\u00eda y Obstetricia (2024-2025)<\/p>\n\n\n\n<p><\/p>\n\n\n\n<p><\/p>\n<\/div><\/div>\n","protected":false},"excerpt":{"rendered":"<p>\ud83d\udc49\ud83d\udcdd Formulario de inscripci\u00f3n. \ud83d\uddd3\ufe0f El lunes 05 de mayo, a las \ud83d\udd63 19:30 horas, el Colegio de M\u00e9dicos de Santa Fe 1ra C y la Asociaci\u00f3n de Obstetricia y Ginecolog\u00eda de Santa Fe invitan al encuentro donde se abordar\u00e1 el tema: \u201cJornada sobre Trombofilia y Embarazo: su Desconocimiento es igual a Mala Praxis\u201d \ud83c\udf99\ufe0f [&hellip;]<\/p>\n","protected":false},"author":1,"featured_media":4617,"comment_status":"open","ping_status":"open","sticky":false,"template":"wp-custom-template-webinarios","format":"standard","meta":{"_uag_custom_page_level_css":"","_jetpack_memberships_contains_paid_content":false,"footnotes":""},"categories":[28,29],"tags":[],"class_list":["post-4616","post","type-post","status-publish","format-standard","has-post-thumbnail","hentry","category-novedades","category-webinarios"],"jetpack_sharing_enabled":true,"jetpack_featured_media_url":"https:\/\/colmedicosantafe1.org.ar\/wp-content\/uploads\/2025\/04\/ateneo_trombofilia_y_embarazo.png","uagb_featured_image_src":{"full":["https:\/\/colmedicosantafe1.org.ar\/wp-content\/uploads\/2025\/04\/ateneo_trombofilia_y_embarazo.png",612,408,false],"thumbnail":["https:\/\/colmedicosantafe1.org.ar\/wp-content\/uploads\/2025\/04\/ateneo_trombofilia_y_embarazo-150x150.png",150,150,true],"medium":["https:\/\/colmedicosantafe1.org.ar\/wp-content\/uploads\/2025\/04\/ateneo_trombofilia_y_embarazo-300x200.png",300,200,true],"medium_large":["https:\/\/colmedicosantafe1.org.ar\/wp-content\/uploads\/2025\/04\/ateneo_trombofilia_y_embarazo.png",612,408,false],"large":["https:\/\/colmedicosantafe1.org.ar\/wp-content\/uploads\/2025\/04\/ateneo_trombofilia_y_embarazo.png",612,408,false],"1536x1536":["https:\/\/colmedicosantafe1.org.ar\/wp-content\/uploads\/2025\/04\/ateneo_trombofilia_y_embarazo.png",612,408,false],"2048x2048":["https:\/\/colmedicosantafe1.org.ar\/wp-content\/uploads\/2025\/04\/ateneo_trombofilia_y_embarazo.png",612,408,false]},"uagb_author_info":{"display_name":"admin","author_link":"https:\/\/colmedicosantafe1.org.ar\/?author=1"},"uagb_comment_info":0,"uagb_excerpt":"\ud83d\udc49\ud83d\udcdd Formulario de inscripci\u00f3n. \ud83d\uddd3\ufe0f El lunes 05 de mayo, a las \ud83d\udd63 19:30 horas, el Colegio de M\u00e9dicos de Santa Fe 1ra C y la Asociaci\u00f3n de Obstetricia y Ginecolog\u00eda de Santa Fe invitan al encuentro donde se abordar\u00e1 el tema: \u201cJornada sobre Trombofilia y Embarazo: su Desconocimiento es igual a Mala Praxis\u201d \ud83c\udf99\ufe0f&hellip;","_links":{"self":[{"href":"https:\/\/colmedicosantafe1.org.ar\/index.php?rest_route=\/wp\/v2\/posts\/4616","targetHints":{"allow":["GET"]}}],"collection":[{"href":"https:\/\/colmedicosantafe1.org.ar\/index.php?rest_route=\/wp\/v2\/posts"}],"about":[{"href":"https:\/\/colmedicosantafe1.org.ar\/index.php?rest_route=\/wp\/v2\/types\/post"}],"author":[{"embeddable":true,"href":"https:\/\/colmedicosantafe1.org.ar\/index.php?rest_route=\/wp\/v2\/users\/1"}],"replies":[{"embeddable":true,"href":"https:\/\/colmedicosantafe1.org.ar\/index.php?rest_route=%2Fwp%2Fv2%2Fcomments&post=4616"}],"version-history":[{"count":8,"href":"https:\/\/colmedicosantafe1.org.ar\/index.php?rest_route=\/wp\/v2\/posts\/4616\/revisions"}],"predecessor-version":[{"id":4626,"href":"https:\/\/colmedicosantafe1.org.ar\/index.php?rest_route=\/wp\/v2\/posts\/4616\/revisions\/4626"}],"wp:featuredmedia":[{"embeddable":true,"href":"https:\/\/colmedicosantafe1.org.ar\/index.php?rest_route=\/wp\/v2\/media\/4617"}],"wp:attachment":[{"href":"https:\/\/colmedicosantafe1.org.ar\/index.php?rest_route=%2Fwp%2Fv2%2Fmedia&parent=4616"}],"wp:term":[{"taxonomy":"category","embeddable":true,"href":"https:\/\/colmedicosantafe1.org.ar\/index.php?rest_route=%2Fwp%2Fv2%2Fcategories&post=4616"},{"taxonomy":"post_tag","embeddable":true,"href":"https:\/\/colmedicosantafe1.org.ar\/index.php?rest_route=%2Fwp%2Fv2%2Ftags&post=4616"}],"curies":[{"name":"wp","href":"https:\/\/api.w.org\/{rel}","templated":true}]}}