{"id":4568,"date":"2025-04-23T12:00:00","date_gmt":"2025-04-23T15:00:00","guid":{"rendered":"https:\/\/colmedicosantafe1.org.ar\/?p=4568"},"modified":"2025-04-25T10:38:41","modified_gmt":"2025-04-25T13:38:41","slug":"%f0%9f%92%a4-webinario-abordaje-integral-de-los-trastornos-del-sueno","status":"publish","type":"post","link":"https:\/\/colmedicosantafe1.org.ar\/?p=4568","title":{"rendered":"\ud83d\udca4 Webinario: \u201cAbordaje Integral de los Trastornos del Sue\u00f1o\u201d"},"content":{"rendered":"\n<figure class=\"wp-block-image aligncenter size-full\" style=\"margin-top:0;margin-bottom:var(--wp--preset--spacing--20)\"><img loading=\"lazy\" decoding=\"async\" width=\"612\" height=\"408\" src=\"https:\/\/colmedicosantafe1.org.ar\/wp-content\/uploads\/2025\/04\/trastornos_del_suenio.png\" alt=\"\" class=\"wp-image-4570\" srcset=\"https:\/\/colmedicosantafe1.org.ar\/wp-content\/uploads\/2025\/04\/trastornos_del_suenio.png 612w, https:\/\/colmedicosantafe1.org.ar\/wp-content\/uploads\/2025\/04\/trastornos_del_suenio-300x200.png 300w\" sizes=\"auto, (max-width: 612px) 100vw, 612px\" \/><\/figure>\n\n\n\n<p>\ud83d\uddd3\ufe0f El jueves 24 de abril, a las \ud83d\udd6320.30 horas se realizar\u00e1 un encuentro webinario de actualizaci\u00f3n sobre: \u201cAbordaje Integral de los Trastornos del Sue\u00f1o\u201d.<\/p>\n\n\n\n<p><br>\ud83c\udf99\ufe0f La disertaci\u00f3n estar\u00e1 a cargo de la Dra. Antonella Vera, m\u00e9dica neur\u00f3loga, master en Medicina del sue\u00f1o.<br>\ud83d\udcbb Ser\u00e1 a trav\u00e9s de la plataforma Zoom del Colegio de M\u00e9dicos de Santa Fe.<br>\ud83c\udd93 Actividad gratuita de acceso libre con inscripci\u00f3n previa.<\/p>\n\n\n\n<p><br>\ud83d\udc49\ud83d\udcdd <a href=\"https:\/\/us06web.zoom.us\/webinar\/register\/WN_6fkQaPIXRtaJyEkYbkH9fA\" data-type=\"link\" data-id=\"https:\/\/us06web.zoom.us\/webinar\/register\/WN_6fkQaPIXRtaJyEkYbkH9fA\" target=\"_blank\" rel=\"noreferrer noopener\">Formulario de inscripci\u00f3n.<\/a><\/p>\n\n\n\n<!--more-->\n\n\n\n<p><\/p>\n\n\n\n<div style=\"height:20px\" aria-hidden=\"true\" class=\"wp-block-spacer\"><\/div>\n\n\n\n<p>\ud83c\udfaf Objetivos:<\/p>\n\n\n\n<ol class=\"wp-block-list\">\n<li>Reconocer y Diagnosticar los Trastornos del Sue\u00f1o:<br>\u2013 Identificar los s\u00edntomas y signos cl\u00ednicos de los trastornos del sue\u00f1o m\u00e1s comunes en la pr\u00e1ctica general.<br>\u2013 Comprender los criterios diagn\u00f3sticos para diferentes trastornos del sue\u00f1o, como insomnio, apnea del sue\u00f1o, s\u00edndrome de piernas inquietas y narcolepsia.<\/li>\n\n\n\n<li>Implementar Estrategias de Evaluaci\u00f3n:<br>\u2013 Aprender a utilizar herramientas y cuestionarios de evaluaci\u00f3n del sue\u00f1o en la consulta general.<br>\u2013 Conocer cu\u00e1ndo derivar a los pacientes a un especialista en sue\u00f1o o a un laboratorio de sue\u00f1o para estudios adicionales.<\/li>\n\n\n\n<li>Promover la Educaci\u00f3n y Prevenci\u00f3n del Sue\u00f1o:<br>\u2013 Capacitar a los pacientes sobre la importancia de la higiene del sue\u00f1o y estrategias para mejorar la calidad del sue\u00f1o.<br>\u2013 Identificar factores de riesgo modificables que contribuyen a los trastornos del sue\u00f1o y desarrollar planes preventivos.<\/li>\n<\/ol>\n\n\n\n<p><\/p>\n\n\n\n<p><\/p>\n\n\n\n<div style=\"height:20px\" aria-hidden=\"true\" class=\"wp-block-spacer\"><\/div>\n\n\n\n<div class=\"wp-block-media-text is-stacked-on-mobile is-vertically-aligned-top\" style=\"grid-template-columns:29% auto\"><figure class=\"wp-block-media-text__media\"><img loading=\"lazy\" decoding=\"async\" width=\"497\" height=\"640\" src=\"https:\/\/colmedicosantafe1.org.ar\/wp-content\/uploads\/2025\/04\/Dra_Antonella_Vera.jpeg\" alt=\"\" class=\"wp-image-4576 size-full\" srcset=\"https:\/\/colmedicosantafe1.org.ar\/wp-content\/uploads\/2025\/04\/Dra_Antonella_Vera.jpeg 497w, https:\/\/colmedicosantafe1.org.ar\/wp-content\/uploads\/2025\/04\/Dra_Antonella_Vera-233x300.jpeg 233w\" sizes=\"auto, (max-width: 497px) 100vw, 497px\" \/><\/figure><div class=\"wp-block-media-text__content\">\n<p>\ud83d\udc69\u200d\u2695\ufe0f Disertante: Dra. Antonella Vera<br>\u2013 Neur\u00f3loga. Formaci\u00f3n completa en Programa de Concurrencia Servicio de Neurolog\u00eda Hospital Jos\u00e9 Mar\u00eda Cullen, Santa Fe.<br>\u2013 Instructora de residentes Hospital Jos\u00e9 Mar\u00eda Cullen Santa Fe.<br>\u2013 Diplomatura en Medicina del Sue\u00f1o \u2013 Facultad de Ciencias Biom\u00e9dicas de la Universidad Austral.<br>\u2013 Master en Medicina del Sue\u00f1o \u2013 Universidad de TECH.<br>\u2013 M\u00e9dica Asociada Secci\u00f3n de Medicina del Sue\u00f1o. Servicio de Neurolog\u00eda del Hospital Italiano de Buenos Aires.<br>\u2013 Miembro de la Asociaci\u00f3n Neurol\u00f3gica Argentina.<br>\u2013 Miembro de la Asociaci\u00f3n Argentina de Medicina del Sue\u00f1o.<br>\u2013 Miembro de la Comisi\u00f3n Directiva de la Asociaci\u00f3n Neurol\u00f3gica de Santa Fe.<\/p>\n<\/div><\/div>\n","protected":false},"excerpt":{"rendered":"<p>\ud83d\uddd3\ufe0f El jueves 24 de abril, a las \ud83d\udd6320.30 horas se realizar\u00e1 un encuentro webinario de actualizaci\u00f3n sobre: \u201cAbordaje Integral de los Trastornos del Sue\u00f1o\u201d. \ud83c\udf99\ufe0f La disertaci\u00f3n estar\u00e1 a cargo de la Dra. Antonella Vera, m\u00e9dica neur\u00f3loga, master en Medicina del sue\u00f1o.\ud83d\udcbb Ser\u00e1 a trav\u00e9s de la plataforma Zoom del Colegio de M\u00e9dicos de [&hellip;]<\/p>\n","protected":false},"author":1,"featured_media":4570,"comment_status":"open","ping_status":"open","sticky":false,"template":"wp-custom-template-webinarios","format":"standard","meta":{"_uag_custom_page_level_css":"","_jetpack_memberships_contains_paid_content":false,"footnotes":""},"categories":[29],"tags":[],"class_list":["post-4568","post","type-post","status-publish","format-standard","has-post-thumbnail","hentry","category-webinarios"],"jetpack_sharing_enabled":true,"jetpack_featured_media_url":"https:\/\/colmedicosantafe1.org.ar\/wp-content\/uploads\/2025\/04\/trastornos_del_suenio.png","uagb_featured_image_src":{"full":["https:\/\/colmedicosantafe1.org.ar\/wp-content\/uploads\/2025\/04\/trastornos_del_suenio.png",612,408,false],"thumbnail":["https:\/\/colmedicosantafe1.org.ar\/wp-content\/uploads\/2025\/04\/trastornos_del_suenio-150x150.png",150,150,true],"medium":["https:\/\/colmedicosantafe1.org.ar\/wp-content\/uploads\/2025\/04\/trastornos_del_suenio-300x200.png",300,200,true],"medium_large":["https:\/\/colmedicosantafe1.org.ar\/wp-content\/uploads\/2025\/04\/trastornos_del_suenio.png",612,408,false],"large":["https:\/\/colmedicosantafe1.org.ar\/wp-content\/uploads\/2025\/04\/trastornos_del_suenio.png",612,408,false],"1536x1536":["https:\/\/colmedicosantafe1.org.ar\/wp-content\/uploads\/2025\/04\/trastornos_del_suenio.png",612,408,false],"2048x2048":["https:\/\/colmedicosantafe1.org.ar\/wp-content\/uploads\/2025\/04\/trastornos_del_suenio.png",612,408,false]},"uagb_author_info":{"display_name":"admin","author_link":"https:\/\/colmedicosantafe1.org.ar\/?author=1"},"uagb_comment_info":0,"uagb_excerpt":"\ud83d\uddd3\ufe0f El jueves 24 de abril, a las \ud83d\udd6320.30 horas se realizar\u00e1 un encuentro webinario de actualizaci\u00f3n sobre: \u201cAbordaje Integral de los Trastornos del Sue\u00f1o\u201d. \ud83c\udf99\ufe0f La disertaci\u00f3n estar\u00e1 a cargo de la Dra. Antonella Vera, m\u00e9dica neur\u00f3loga, master en Medicina del sue\u00f1o.\ud83d\udcbb Ser\u00e1 a trav\u00e9s de la plataforma Zoom del Colegio de M\u00e9dicos de&hellip;","_links":{"self":[{"href":"https:\/\/colmedicosantafe1.org.ar\/index.php?rest_route=\/wp\/v2\/posts\/4568","targetHints":{"allow":["GET"]}}],"collection":[{"href":"https:\/\/colmedicosantafe1.org.ar\/index.php?rest_route=\/wp\/v2\/posts"}],"about":[{"href":"https:\/\/colmedicosantafe1.org.ar\/index.php?rest_route=\/wp\/v2\/types\/post"}],"author":[{"embeddable":true,"href":"https:\/\/colmedicosantafe1.org.ar\/index.php?rest_route=\/wp\/v2\/users\/1"}],"replies":[{"embeddable":true,"href":"https:\/\/colmedicosantafe1.org.ar\/index.php?rest_route=%2Fwp%2Fv2%2Fcomments&post=4568"}],"version-history":[{"count":11,"href":"https:\/\/colmedicosantafe1.org.ar\/index.php?rest_route=\/wp\/v2\/posts\/4568\/revisions"}],"predecessor-version":[{"id":4591,"href":"https:\/\/colmedicosantafe1.org.ar\/index.php?rest_route=\/wp\/v2\/posts\/4568\/revisions\/4591"}],"wp:featuredmedia":[{"embeddable":true,"href":"https:\/\/colmedicosantafe1.org.ar\/index.php?rest_route=\/wp\/v2\/media\/4570"}],"wp:attachment":[{"href":"https:\/\/colmedicosantafe1.org.ar\/index.php?rest_route=%2Fwp%2Fv2%2Fmedia&parent=4568"}],"wp:term":[{"taxonomy":"category","embeddable":true,"href":"https:\/\/colmedicosantafe1.org.ar\/index.php?rest_route=%2Fwp%2Fv2%2Fcategories&post=4568"},{"taxonomy":"post_tag","embeddable":true,"href":"https:\/\/colmedicosantafe1.org.ar\/index.php?rest_route=%2Fwp%2Fv2%2Ftags&post=4568"}],"curies":[{"name":"wp","href":"https:\/\/api.w.org\/{rel}","templated":true}]}}