{"id":4552,"date":"2025-04-16T10:31:26","date_gmt":"2025-04-16T13:31:26","guid":{"rendered":"https:\/\/colmedicosantafe1.org.ar\/?p=4552"},"modified":"2025-04-16T10:31:26","modified_gmt":"2025-04-16T13:31:26","slug":"%f0%9f%93%b8-taller-practico-de-fotografia-con-celular-una-propuesta-creativa-para-comenzar-el-mes-aniversario","status":"publish","type":"post","link":"https:\/\/colmedicosantafe1.org.ar\/?p=4552","title":{"rendered":"\ud83d\udcf8 Taller Pr\u00e1ctico de Fotograf\u00eda con Celular: una propuesta creativa para comenzar el mes aniversario"},"content":{"rendered":"\n<div style=\"height:20px\" aria-hidden=\"true\" class=\"wp-block-spacer\"><\/div>\n\n\n\n<figure class=\"wp-block-image size-full is-resized\"><img loading=\"lazy\" decoding=\"async\" width=\"612\" height=\"408\" src=\"https:\/\/colmedicosantafe1.org.ar\/wp-content\/uploads\/2025\/04\/Curso_Fotografia_con_Celular.png\" alt=\"\" class=\"wp-image-4553\" style=\"width:611px;height:auto\" srcset=\"https:\/\/colmedicosantafe1.org.ar\/wp-content\/uploads\/2025\/04\/Curso_Fotografia_con_Celular.png 612w, https:\/\/colmedicosantafe1.org.ar\/wp-content\/uploads\/2025\/04\/Curso_Fotografia_con_Celular-300x200.png 300w\" sizes=\"auto, (max-width: 612px) 100vw, 612px\" \/><\/figure>\n\n\n\n<div style=\"height:20px\" aria-hidden=\"true\" class=\"wp-block-spacer\"><\/div>\n\n\n\n<p>En el marco del 73\u00b0 aniversario del Colegio de M\u00e9dicos de Santa Fe \u2013 Primera Circunscripci\u00f3n, la Mesa Directiva da inicio a un mes repleto de actividades gratuitas pensadas para el bienestar, la creatividad y el encuentro entre colegas.<\/p>\n\n\n\n<p><br>La primera propuesta llega este s\u00e1bado 3 de mayo, con un Taller Pr\u00e1ctico de Fotograf\u00eda con Celular, exclusivo para m\u00e9dicos y m\u00e9dicas de la Primera Circunscripci\u00f3n. Una oportunidad para explorar la fotograf\u00eda como herramienta de expresi\u00f3n, atenci\u00f3n plena y reducci\u00f3n del estr\u00e9s, mientras se aprende a sacar el m\u00e1ximo provecho a la c\u00e1mara del celular. \ud83d\udc49\ud83d\udcdd <a href=\"https:\/\/forms.gle\/i4t8me2wojVc2PTM6\" data-type=\"link\" data-id=\"https:\/\/forms.gle\/i4t8me2wojVc2PTM6\" target=\"_blank\" rel=\"noreferrer noopener\"><strong>Formulario de Inscripci\u00f3n<\/strong><\/a><\/p>\n\n\n\n<p><br>\ud83d\uddd3\ufe0f Detalles del taller:<br>Fecha: S\u00e1bado 3 de mayo<br>Horario: De 9:00 a 12:00 hs<br>Duraci\u00f3n: 2 a 3 horas<br>Modalidad: Presencial Te\u00f3rico-pr\u00e1ctico<\/p>\n\n\n\n<div style=\"height:20px\" aria-hidden=\"true\" class=\"wp-block-spacer\"><\/div>\n\n\n\n<p>Docente: Hugo Pascucci \u2013 Fot\u00f3grafo profesional, reportero gr\u00e1fico y docente de la UNL<br>Teor\u00eda: En las instalaciones del Colegio (9 de julio 2464)<br>Pr\u00e1ctica: En Plaza San Mart\u00edn y zona del Puerto<br>Actividad gratuita (exclusiva para m\u00e9dicos\/as colegiados de la Primera Circunscripci\u00f3n)<\/p>\n\n\n\n<div style=\"height:20px\" aria-hidden=\"true\" class=\"wp-block-spacer\"><\/div>\n\n\n\n<p>\ud83e\udde0 \u00bfQu\u00e9 vas a aprender?<br>Durante la primera parte del taller (60 minutos), se abordar\u00e1n conceptos fundamentales sobre:<br>herramientas b\u00e1sicas de la fotograf\u00eda (diafragma, velocidad, autoenfoque)<br>estructura y composici\u00f3n de la imagen<br>trabajo con planos y modos de la c\u00e1mara<br>aplicaci\u00f3n de las herramientas b\u00e1sica en la pr\u00e1ctica<\/p>\n\n\n\n<div style=\"height:20px\" aria-hidden=\"true\" class=\"wp-block-spacer\"><\/div>\n\n\n\n<p>Luego, se realizar\u00e1 una salida pr\u00e1ctica al aire libre, donde los participantes podr\u00e1n poner en juego lo aprendido, capturando im\u00e1genes en espacios ic\u00f3nicos de la ciudad, con acompa\u00f1amiento y devoluciones del docente.<\/p>\n\n\n\n<div style=\"height:20px\" aria-hidden=\"true\" class=\"wp-block-spacer\"><\/div>\n\n\n\n<p>\u00a1Te esperamos para dar inicio a este mes de celebraci\u00f3n con una propuesta creativa y transformadora!<br>\ud83d\udccc Actividad gratuita con cupos limitados. Inscripci\u00f3n previa obligatoria.<\/p>\n\n\n\n<div style=\"height:20px\" aria-hidden=\"true\" class=\"wp-block-spacer\"><\/div>\n\n\n\n<p><\/p>\n","protected":false},"excerpt":{"rendered":"<p>En el marco del 73\u00b0 aniversario del Colegio de M\u00e9dicos de Santa Fe \u2013 Primera Circunscripci\u00f3n, la Mesa Directiva da inicio a un mes repleto de actividades gratuitas pensadas para el bienestar, la creatividad y el encuentro entre colegas. La primera propuesta llega este s\u00e1bado 3 de mayo, con un Taller Pr\u00e1ctico de Fotograf\u00eda con [&hellip;]<\/p>\n","protected":false},"author":1,"featured_media":4553,"comment_status":"open","ping_status":"open","sticky":false,"template":"noticias_novedades","format":"standard","meta":{"_uag_custom_page_level_css":"","_jetpack_memberships_contains_paid_content":false,"footnotes":""},"categories":[28,12],"tags":[],"class_list":["post-4552","post","type-post","status-publish","format-standard","has-post-thumbnail","hentry","category-novedades","category-slider"],"jetpack_sharing_enabled":true,"jetpack_featured_media_url":"https:\/\/colmedicosantafe1.org.ar\/wp-content\/uploads\/2025\/04\/Curso_Fotografia_con_Celular.png","uagb_featured_image_src":{"full":["https:\/\/colmedicosantafe1.org.ar\/wp-content\/uploads\/2025\/04\/Curso_Fotografia_con_Celular.png",612,408,false],"thumbnail":["https:\/\/colmedicosantafe1.org.ar\/wp-content\/uploads\/2025\/04\/Curso_Fotografia_con_Celular-150x150.png",150,150,true],"medium":["https:\/\/colmedicosantafe1.org.ar\/wp-content\/uploads\/2025\/04\/Curso_Fotografia_con_Celular-300x200.png",300,200,true],"medium_large":["https:\/\/colmedicosantafe1.org.ar\/wp-content\/uploads\/2025\/04\/Curso_Fotografia_con_Celular.png",612,408,false],"large":["https:\/\/colmedicosantafe1.org.ar\/wp-content\/uploads\/2025\/04\/Curso_Fotografia_con_Celular.png",612,408,false],"1536x1536":["https:\/\/colmedicosantafe1.org.ar\/wp-content\/uploads\/2025\/04\/Curso_Fotografia_con_Celular.png",612,408,false],"2048x2048":["https:\/\/colmedicosantafe1.org.ar\/wp-content\/uploads\/2025\/04\/Curso_Fotografia_con_Celular.png",612,408,false]},"uagb_author_info":{"display_name":"admin","author_link":"https:\/\/colmedicosantafe1.org.ar\/?author=1"},"uagb_comment_info":0,"uagb_excerpt":"En el marco del 73\u00b0 aniversario del Colegio de M\u00e9dicos de Santa Fe \u2013 Primera Circunscripci\u00f3n, la Mesa Directiva da inicio a un mes repleto de actividades gratuitas pensadas para el bienestar, la creatividad y el encuentro entre colegas. La primera propuesta llega este s\u00e1bado 3 de mayo, con un Taller Pr\u00e1ctico de Fotograf\u00eda con&hellip;","_links":{"self":[{"href":"https:\/\/colmedicosantafe1.org.ar\/index.php?rest_route=\/wp\/v2\/posts\/4552","targetHints":{"allow":["GET"]}}],"collection":[{"href":"https:\/\/colmedicosantafe1.org.ar\/index.php?rest_route=\/wp\/v2\/posts"}],"about":[{"href":"https:\/\/colmedicosantafe1.org.ar\/index.php?rest_route=\/wp\/v2\/types\/post"}],"author":[{"embeddable":true,"href":"https:\/\/colmedicosantafe1.org.ar\/index.php?rest_route=\/wp\/v2\/users\/1"}],"replies":[{"embeddable":true,"href":"https:\/\/colmedicosantafe1.org.ar\/index.php?rest_route=%2Fwp%2Fv2%2Fcomments&post=4552"}],"version-history":[{"count":5,"href":"https:\/\/colmedicosantafe1.org.ar\/index.php?rest_route=\/wp\/v2\/posts\/4552\/revisions"}],"predecessor-version":[{"id":4561,"href":"https:\/\/colmedicosantafe1.org.ar\/index.php?rest_route=\/wp\/v2\/posts\/4552\/revisions\/4561"}],"wp:featuredmedia":[{"embeddable":true,"href":"https:\/\/colmedicosantafe1.org.ar\/index.php?rest_route=\/wp\/v2\/media\/4553"}],"wp:attachment":[{"href":"https:\/\/colmedicosantafe1.org.ar\/index.php?rest_route=%2Fwp%2Fv2%2Fmedia&parent=4552"}],"wp:term":[{"taxonomy":"category","embeddable":true,"href":"https:\/\/colmedicosantafe1.org.ar\/index.php?rest_route=%2Fwp%2Fv2%2Fcategories&post=4552"},{"taxonomy":"post_tag","embeddable":true,"href":"https:\/\/colmedicosantafe1.org.ar\/index.php?rest_route=%2Fwp%2Fv2%2Ftags&post=4552"}],"curies":[{"name":"wp","href":"https:\/\/api.w.org\/{rel}","templated":true}]}}