{"id":4119,"date":"2024-06-26T22:29:05","date_gmt":"2024-06-27T01:29:05","guid":{"rendered":"https:\/\/cmsf.org.ar\/sitio\/?p=4119"},"modified":"2024-06-26T22:29:05","modified_gmt":"2024-06-27T01:29:05","slug":"acto-dia-medico-2024","status":"publish","type":"post","link":"https:\/\/colmedicosantafe1.org.ar\/?p=4119","title":{"rendered":"Celebraci\u00f3n del D\u00eda del M\u00e9dico: Reconocimientos y un Cierre de A\u00f1o Especial"},"content":{"rendered":"<p><img loading=\"lazy\" decoding=\"async\" class=\"pull-left size-full wp-image-4118\" style=\"margin: 5px;\" src=\"https:\/\/colmedicosantafe1.org.ar\/wp-content\/uploads\/2024\/06\/Acto-Academico-2024.jpeg\" width=\"200\" height=\"130\" \/>El pasado viernes 29 de noviembre se llev\u00f3 a cabo el tradicional acto acad\u00e9mico del Colegio de M\u00e9dicos, en el que se reconoci\u00f3 la destacada trayectoria de los profesionales que cumplieron 50 y 25 a\u00f1os de ejercicio de la medicina. Adem\u00e1s, se entregaron diplomas a aquellos colegas que finalizaron sus estudios de posgrado y obtuvieron su especialidad. El encuentro fue en el marco de la celebraci\u00f3n por el D\u00eda del M\u00e9dico, cont\u00f3 con un emotivo discurso inaugural del Dr. Julio Bedini, presidente recientemente elegido del Colegio de M\u00e9dicos.<\/p>\n<p><!--more--><\/p>\n<p>\u00a0<\/p>\n<p>El pasado viernes 29 de noviembre, el Colegio de M\u00e9dicos de la 1.\u00aa Circunscripci\u00f3n de la Provincia de Santa Fe celebr\u00f3 un emotivo acto acad\u00e9mico con motivo del D\u00eda del M\u00e9dico y el tradicional cierre de a\u00f1o. El evento, realizado en el Centro de Convenciones &#8220;Los Maderos&#8221; Sur, cont\u00f3 con la destacada presencia de autoridades locales, entre ellas el Intendente de la ciudad, Dr Juan Pablo P\u00f3letti; el Secretario de Salud municipal, Carlos Estrada; el Decano de la Facultad de Medicina, Dr. Mat\u00edas Candioti Busaniche; Ramiro Dall&#8217;Aglio, en representaci\u00f3n del Ministerio de Salud; y el Dr. Bruno Moroni, Director del Hospital Cullen, quienes acompa\u00f1aron junto a representantes de instituciones acad\u00e9micas de la ciudad y colegios profesionales a los m\u00e9dicos en esta significativa jornada.<\/p>\n<p>La ceremonia comenz\u00f3 con el discurso de apertura del Dr. Julio Bedini, quien asumi\u00f3 recientemente la presidencia del Colegio de M\u00e9dicos. En su intervenci\u00f3n, Bedini subray\u00f3 la importancia de la formaci\u00f3n continua y del trabajo colaborativo para mejorar la atenci\u00f3n m\u00e9dica y reflexion\u00f3 sobre c\u00f3mo las crisis, nos impulsan a sacar lo mejor de nosotros mismos, promoviendo nuestro crecimiento y desarrollo. Destac\u00f3 que, a trav\u00e9s de los desaf\u00edos, se genera un impulso hacia el progreso.<\/p>\n<p>El evento tambi\u00e9n fue un espacio para la reflexi\u00f3n de aquellos m\u00e9dicos que celebraron hitos importantes en su carrera. Los profesionales Dr. Luis Eduardo Gaite y el Dr. Daniel Croatto que cumplieron respectivamente 50 y 25 a\u00f1os en el ejercicio de la medicina compartieron breves pero emocionantes discursos, recordando sus experiencias a lo largo de su trayectoria y la evoluci\u00f3n de la profesi\u00f3n en la provincia. Este momento conmovi\u00f3 a todos los presentes, reflejando el legado y la dedicaci\u00f3n de quienes han dedicado su vida al cuidado de la salud.<\/p>\n<p>Un toque innovador se sum\u00f3 a la celebraci\u00f3n este a\u00f1o: una cabina fotogr\u00e1fica que se instal\u00f3 para que los m\u00e9dicos pudieran capturar momentos especiales de la noche. Los profesionales se mostraron entusiastas y r\u00e1pidamente se sumaron a esta divertida iniciativa, dejando recuerdos espont\u00e1neos y \u00fanicos de una velada memorable.<\/p>\n<p>El acto culmin\u00f3 con la entrega de certificados a los nuevos especialistas, quienes recibieron su reconocimiento por haber alcanzado esta importante meta en su desarrollo profesional. La emoci\u00f3n y el orgullo se hicieron palpables en el sal\u00f3n mientras se aplaud\u00eda el esfuerzo y la dedicaci\u00f3n de estos nuevos profesionales.<br \/>Este acto acad\u00e9mico, que reuni\u00f3 a autoridades, m\u00e9dicos y sus familiares y amigos, fue una muestra m\u00e1s del compromiso del Colegio de M\u00e9dicos de Santa Fe con la formaci\u00f3n, el desarrollo de los profesionales m\u00e9dicos concluyendo un a\u00f1o lleno de desaf\u00edos y logros para nuestra amada profesi\u00f3n.<\/p>\n","protected":false},"excerpt":{"rendered":"<p>El pasado viernes 29 de noviembre se llev\u00f3 a cabo el tradicional acto acad\u00e9mico del Colegio de M\u00e9dicos, en el que se reconoci\u00f3 la destacada trayectoria de los profesionales que cumplieron 50 y 25 a\u00f1os de ejercicio de la medicina. Adem\u00e1s, se entregaron diplomas a aquellos colegas que finalizaron sus estudios de posgrado y obtuvieron [&hellip;]<\/p>\n","protected":false},"author":1,"featured_media":4118,"comment_status":"open","ping_status":"open","sticky":true,"template":"","format":"standard","meta":{"_uag_custom_page_level_css":"","_jetpack_memberships_contains_paid_content":false,"footnotes":""},"categories":[30],"tags":[],"class_list":["post-4119","post","type-post","status-publish","format-standard","has-post-thumbnail","hentry","category-cursos"],"jetpack_sharing_enabled":true,"jetpack_featured_media_url":"https:\/\/colmedicosantafe1.org.ar\/wp-content\/uploads\/2024\/06\/Acto-Academico-2024.jpeg","uagb_featured_image_src":{"full":["https:\/\/colmedicosantafe1.org.ar\/wp-content\/uploads\/2024\/06\/Acto-Academico-2024.jpeg",1599,1066,false],"thumbnail":["https:\/\/colmedicosantafe1.org.ar\/wp-content\/uploads\/2024\/06\/Acto-Academico-2024-150x150.jpeg",150,150,true],"medium":["https:\/\/colmedicosantafe1.org.ar\/wp-content\/uploads\/2024\/06\/Acto-Academico-2024-300x200.jpeg",300,200,true],"medium_large":["https:\/\/colmedicosantafe1.org.ar\/wp-content\/uploads\/2024\/06\/Acto-Academico-2024-768x512.jpeg",768,512,true],"large":["https:\/\/colmedicosantafe1.org.ar\/wp-content\/uploads\/2024\/06\/Acto-Academico-2024-1024x683.jpeg",1024,683,true],"1536x1536":["https:\/\/colmedicosantafe1.org.ar\/wp-content\/uploads\/2024\/06\/Acto-Academico-2024-1536x1024.jpeg",1536,1024,true],"2048x2048":["https:\/\/colmedicosantafe1.org.ar\/wp-content\/uploads\/2024\/06\/Acto-Academico-2024.jpeg",1599,1066,false]},"uagb_author_info":{"display_name":"admin","author_link":"https:\/\/colmedicosantafe1.org.ar\/?author=1"},"uagb_comment_info":0,"uagb_excerpt":"El pasado viernes 29 de noviembre se llev\u00f3 a cabo el tradicional acto acad\u00e9mico del Colegio de M\u00e9dicos, en el que se reconoci\u00f3 la destacada trayectoria de los profesionales que cumplieron 50 y 25 a\u00f1os de ejercicio de la medicina. Adem\u00e1s, se entregaron diplomas a aquellos colegas que finalizaron sus estudios de posgrado y obtuvieron&hellip;","_links":{"self":[{"href":"https:\/\/colmedicosantafe1.org.ar\/index.php?rest_route=\/wp\/v2\/posts\/4119","targetHints":{"allow":["GET"]}}],"collection":[{"href":"https:\/\/colmedicosantafe1.org.ar\/index.php?rest_route=\/wp\/v2\/posts"}],"about":[{"href":"https:\/\/colmedicosantafe1.org.ar\/index.php?rest_route=\/wp\/v2\/types\/post"}],"author":[{"embeddable":true,"href":"https:\/\/colmedicosantafe1.org.ar\/index.php?rest_route=\/wp\/v2\/users\/1"}],"replies":[{"embeddable":true,"href":"https:\/\/colmedicosantafe1.org.ar\/index.php?rest_route=%2Fwp%2Fv2%2Fcomments&post=4119"}],"version-history":[{"count":0,"href":"https:\/\/colmedicosantafe1.org.ar\/index.php?rest_route=\/wp\/v2\/posts\/4119\/revisions"}],"wp:featuredmedia":[{"embeddable":true,"href":"https:\/\/colmedicosantafe1.org.ar\/index.php?rest_route=\/wp\/v2\/media\/4118"}],"wp:attachment":[{"href":"https:\/\/colmedicosantafe1.org.ar\/index.php?rest_route=%2Fwp%2Fv2%2Fmedia&parent=4119"}],"wp:term":[{"taxonomy":"category","embeddable":true,"href":"https:\/\/colmedicosantafe1.org.ar\/index.php?rest_route=%2Fwp%2Fv2%2Fcategories&post=4119"},{"taxonomy":"post_tag","embeddable":true,"href":"https:\/\/colmedicosantafe1.org.ar\/index.php?rest_route=%2Fwp%2Fv2%2Ftags&post=4119"}],"curies":[{"name":"wp","href":"https:\/\/api.w.org\/{rel}","templated":true}]}}