{"id":4112,"date":"2024-06-26T22:29:05","date_gmt":"2024-06-27T01:29:05","guid":{"rendered":"https:\/\/cmsf.org.ar\/sitio\/?p=4112"},"modified":"2024-06-26T22:29:05","modified_gmt":"2024-06-27T01:29:05","slug":"webinario-entrenamiento-fuerza","status":"publish","type":"post","link":"https:\/\/colmedicosantafe1.org.ar\/?p=4112","title":{"rendered":"Webinario: &#8220;Entrenamiento de la fuerza como factor clave de la calidad de vida&#8221;"},"content":{"rendered":"<p><img loading=\"lazy\" decoding=\"async\" class=\"pull-left size-full wp-image-4110\" style=\"margin: 5px;\" src=\"https:\/\/colmedicosantafe1.org.ar\/wp-content\/uploads\/2024\/06\/fuerza.jpg\" width=\"200\" height=\"130\" \/>El pr\u00f3ximo lunes 9 de diciembre, a las 20 horas, el Colegio de M\u00e9dicos de Santa Fe llevar\u00e1 a cabo un webinar titulado: Entrenamiento de la fuerza como factor clave de la calidad de vida . La conferencia ser\u00e1 dictada por Rodrigo Pereyra, entrenador y preparador f\u00edsico, Maestr\u00eda en Actividad F\u00edsica. Ser\u00e1 a trav\u00e9s de la plataforma Zoom de nuestra instituci\u00f3n. Acceso libre con inscripci\u00f3n previa en la web. <a href=\"https:\/\/us06web.zoom.us\/webinar\/register\/WN_J2TilC53TFit5zH5MfBnKQ\" target=\"_blank\" rel=\"noopener noreferrer\">Formulario de inscripci\u00f3n<\/a><\/p>\n<p><!--more--><\/p>\n<p>\u00a0<\/p>\n<p>El evento se realizar\u00e1 a trav\u00e9s de la plataforma Zoom, habilitada por nuestra instituci\u00f3n. El acceso es libre, pero requiere inscripci\u00f3n previa a trav\u00e9s del formulario disponible en la p\u00e1gina web.<\/p>\n<p>Objetivos:<br \/>Visibilizar el entrenamiento de fuerza como una estrategia eficaz y econ\u00f3mica en la incorporaci\u00f3n de h\u00e1bitos saludables de vida.<br \/>No te pierdas esta oportunidad de actualizarte en un tema de gran relevancia en la medicina actual.<\/p>\n<p>Disertante:<\/p>\n<p><img loading=\"lazy\" decoding=\"async\" class=\" size-full wp-image-4111\" src=\"https:\/\/colmedicosantafe1.org.ar\/wp-content\/uploads\/2024\/06\/Rodrigo-Pereyra-pef.jpg\" width=\"102\" height=\"125\" \/><\/p>\n<p>Disertante: <br \/>Rodrigo Pereyra.<br \/>Entrenador y Preparador f\u00edsico. Maestr\u00eda en Actividad F\u00edsica.<br \/>Profesor de las c\u00e1tedras de Entrenamiento y Sistemas de Entrenamiento \u2013 ISEF 27<br \/>Profesor de la c\u00e1tedra M\u00e9todos de Entrenamiento \u2013 Tecnicatura en Ciencias del Entrenamiento \u2013 UnRAF<\/p>\n<p>*Aclaraci\u00f3n: para la entrega de constancia de realizaci\u00f3n del webinar es requisito completar como m\u00ednimo 45 minutos en l\u00ednea, y la misma puede tener una demora de 10 d\u00edas h\u00e1biles desde su solicitud.<\/p>\n<p>\u00a0<\/p>\n","protected":false},"excerpt":{"rendered":"<p>El pr\u00f3ximo lunes 9 de diciembre, a las 20 horas, el Colegio de M\u00e9dicos de Santa Fe llevar\u00e1 a cabo un webinar titulado: Entrenamiento de la fuerza como factor clave de la calidad de vida . La conferencia ser\u00e1 dictada por Rodrigo Pereyra, entrenador y preparador f\u00edsico, Maestr\u00eda en Actividad F\u00edsica. Ser\u00e1 a trav\u00e9s de [&hellip;]<\/p>\n","protected":false},"author":1,"featured_media":4110,"comment_status":"open","ping_status":"open","sticky":true,"template":"","format":"standard","meta":{"_uag_custom_page_level_css":"","_jetpack_memberships_contains_paid_content":false,"footnotes":""},"categories":[30],"tags":[],"class_list":["post-4112","post","type-post","status-publish","format-standard","has-post-thumbnail","hentry","category-cursos"],"jetpack_sharing_enabled":true,"jetpack_featured_media_url":"https:\/\/colmedicosantafe1.org.ar\/wp-content\/uploads\/2024\/06\/fuerza.jpg","uagb_featured_image_src":{"full":["https:\/\/colmedicosantafe1.org.ar\/wp-content\/uploads\/2024\/06\/fuerza.jpg",1380,920,false],"thumbnail":["https:\/\/colmedicosantafe1.org.ar\/wp-content\/uploads\/2024\/06\/fuerza-150x150.jpg",150,150,true],"medium":["https:\/\/colmedicosantafe1.org.ar\/wp-content\/uploads\/2024\/06\/fuerza-300x200.jpg",300,200,true],"medium_large":["https:\/\/colmedicosantafe1.org.ar\/wp-content\/uploads\/2024\/06\/fuerza-768x512.jpg",768,512,true],"large":["https:\/\/colmedicosantafe1.org.ar\/wp-content\/uploads\/2024\/06\/fuerza-1024x683.jpg",1024,683,true],"1536x1536":["https:\/\/colmedicosantafe1.org.ar\/wp-content\/uploads\/2024\/06\/fuerza.jpg",1380,920,false],"2048x2048":["https:\/\/colmedicosantafe1.org.ar\/wp-content\/uploads\/2024\/06\/fuerza.jpg",1380,920,false]},"uagb_author_info":{"display_name":"admin","author_link":"https:\/\/colmedicosantafe1.org.ar\/?author=1"},"uagb_comment_info":0,"uagb_excerpt":"El pr\u00f3ximo lunes 9 de diciembre, a las 20 horas, el Colegio de M\u00e9dicos de Santa Fe llevar\u00e1 a cabo un webinar titulado: Entrenamiento de la fuerza como factor clave de la calidad de vida . La conferencia ser\u00e1 dictada por Rodrigo Pereyra, entrenador y preparador f\u00edsico, Maestr\u00eda en Actividad F\u00edsica. Ser\u00e1 a trav\u00e9s de&hellip;","_links":{"self":[{"href":"https:\/\/colmedicosantafe1.org.ar\/index.php?rest_route=\/wp\/v2\/posts\/4112","targetHints":{"allow":["GET"]}}],"collection":[{"href":"https:\/\/colmedicosantafe1.org.ar\/index.php?rest_route=\/wp\/v2\/posts"}],"about":[{"href":"https:\/\/colmedicosantafe1.org.ar\/index.php?rest_route=\/wp\/v2\/types\/post"}],"author":[{"embeddable":true,"href":"https:\/\/colmedicosantafe1.org.ar\/index.php?rest_route=\/wp\/v2\/users\/1"}],"replies":[{"embeddable":true,"href":"https:\/\/colmedicosantafe1.org.ar\/index.php?rest_route=%2Fwp%2Fv2%2Fcomments&post=4112"}],"version-history":[{"count":0,"href":"https:\/\/colmedicosantafe1.org.ar\/index.php?rest_route=\/wp\/v2\/posts\/4112\/revisions"}],"wp:featuredmedia":[{"embeddable":true,"href":"https:\/\/colmedicosantafe1.org.ar\/index.php?rest_route=\/wp\/v2\/media\/4110"}],"wp:attachment":[{"href":"https:\/\/colmedicosantafe1.org.ar\/index.php?rest_route=%2Fwp%2Fv2%2Fmedia&parent=4112"}],"wp:term":[{"taxonomy":"category","embeddable":true,"href":"https:\/\/colmedicosantafe1.org.ar\/index.php?rest_route=%2Fwp%2Fv2%2Fcategories&post=4112"},{"taxonomy":"post_tag","embeddable":true,"href":"https:\/\/colmedicosantafe1.org.ar\/index.php?rest_route=%2Fwp%2Fv2%2Ftags&post=4112"}],"curies":[{"name":"wp","href":"https:\/\/api.w.org\/{rel}","templated":true}]}}