{"id":4109,"date":"2024-06-26T22:29:05","date_gmt":"2024-06-27T01:29:05","guid":{"rendered":"https:\/\/cmsf.org.ar\/sitio\/?p=4109"},"modified":"2024-06-26T22:29:05","modified_gmt":"2024-06-27T01:29:05","slug":"webinario-vih-sida","status":"publish","type":"post","link":"https:\/\/colmedicosantafe1.org.ar\/?p=4109","title":{"rendered":"Webinario: \u00bfQu\u00e9 necesitamos saber sobre VIH-SIDA en la pr\u00e1ctica diaria?"},"content":{"rendered":"<p><img loading=\"lazy\" decoding=\"async\" class=\"pull-left size-full wp-image-4108\" style=\"margin: 5px;\" src=\"https:\/\/colmedicosantafe1.org.ar\/wp-content\/uploads\/2024\/06\/web-hiv.jpg\" width=\"200\" height=\"130\" \/>El pr\u00f3ximo mi\u00e9rcoles 4 de diciembre, a las 20 horas, el Colegio de M\u00e9dicos de Santa Fe llevar\u00e1 a cabo un webinar titulado \u00bfQu\u00e9 necesitamos saber sobre VIH-SIDA en la pr\u00e1ctica diaria?. La conferencia ser\u00e1 dictada por la Dra. Laura Trosch, m\u00e9dica especialista en Cl\u00ednica M\u00e9dica, y el Dr. Alejandro Crespo, m\u00e9dico especialista en Infectolog\u00eda. Ambos son miembros del equipo de VIH de CEMAFE y cuentan con una amplia experiencia en la tem\u00e1tica. El evento se realizar\u00e1 a trav\u00e9s de la plataforma Zoom de nuestra instituci\u00f3n. El acceso es libre con inscripci\u00f3n previa. <a href=\"https:\/\/us06web.zoom.us\/webinar\/register\/WN_sB868u2OTJavYdaQol-o6A\" target=\"_blank\" rel=\"noopener noreferrer\">Formulario de inscripci\u00f3n.<\/a><\/p>\n<p><!--more--><\/p>\n<p>\u00a0<\/p>\n<p>El jueves 15\u00a0 de agosto, a las 20 horas, se realizar\u00e1 un encuentro webinario organizado por el Colegio de M\u00e9dicos de Santa Fe, donde se abordar\u00e1 el tema: Hablemos sobre Qdenga: todo sobre vacuna contra el dengue. <\/p>\n<p>Objetivos:<br \/>Conocer los conceptos b\u00e1sicos sobre la epidemiolog\u00eda del VIH.<br \/>Identificar cu\u00e1ndo sospechar de una infecci\u00f3n por VIH y c\u00f3mo realizar un diagn\u00f3stico adecuado.<br \/>Reflexionar sobre el rol del m\u00e9dico en el manejo de la enfermedad en la pr\u00e1ctica diaria.<br \/>No te pierdas esta oportunidad de actualizarte en un tema de gran relevancia en la medicina actual.<\/p>\n<p>Disertantes:<\/p>\n<p>Dra. Laura Trosch. M\u00e9dica Especialista en Cl\u00ednica M\u00e9dica<br \/>Miembro del equipo de infectolog\u00eda de CEMAFE<\/p>\n<p>Dr. Alejandro Crespo. Medico especialista en Infectolog\u00eda<br \/>Miembro del equipo de infectolog\u00eda de CEMAFE<\/p>\n","protected":false},"excerpt":{"rendered":"<p>El pr\u00f3ximo mi\u00e9rcoles 4 de diciembre, a las 20 horas, el Colegio de M\u00e9dicos de Santa Fe llevar\u00e1 a cabo un webinar titulado \u00bfQu\u00e9 necesitamos saber sobre VIH-SIDA en la pr\u00e1ctica diaria?. La conferencia ser\u00e1 dictada por la Dra. Laura Trosch, m\u00e9dica especialista en Cl\u00ednica M\u00e9dica, y el Dr. Alejandro Crespo, m\u00e9dico especialista en Infectolog\u00eda. [&hellip;]<\/p>\n","protected":false},"author":1,"featured_media":4108,"comment_status":"open","ping_status":"open","sticky":true,"template":"","format":"standard","meta":{"_uag_custom_page_level_css":"","_jetpack_memberships_contains_paid_content":false,"footnotes":""},"categories":[30],"tags":[],"class_list":["post-4109","post","type-post","status-publish","format-standard","has-post-thumbnail","hentry","category-cursos"],"jetpack_sharing_enabled":true,"jetpack_featured_media_url":"https:\/\/colmedicosantafe1.org.ar\/wp-content\/uploads\/2024\/06\/web-hiv.jpg","uagb_featured_image_src":{"full":["https:\/\/colmedicosantafe1.org.ar\/wp-content\/uploads\/2024\/06\/web-hiv.jpg",612,409,false],"thumbnail":["https:\/\/colmedicosantafe1.org.ar\/wp-content\/uploads\/2024\/06\/web-hiv-150x150.jpg",150,150,true],"medium":["https:\/\/colmedicosantafe1.org.ar\/wp-content\/uploads\/2024\/06\/web-hiv-300x200.jpg",300,200,true],"medium_large":["https:\/\/colmedicosantafe1.org.ar\/wp-content\/uploads\/2024\/06\/web-hiv.jpg",612,409,false],"large":["https:\/\/colmedicosantafe1.org.ar\/wp-content\/uploads\/2024\/06\/web-hiv.jpg",612,409,false],"1536x1536":["https:\/\/colmedicosantafe1.org.ar\/wp-content\/uploads\/2024\/06\/web-hiv.jpg",612,409,false],"2048x2048":["https:\/\/colmedicosantafe1.org.ar\/wp-content\/uploads\/2024\/06\/web-hiv.jpg",612,409,false]},"uagb_author_info":{"display_name":"admin","author_link":"https:\/\/colmedicosantafe1.org.ar\/?author=1"},"uagb_comment_info":0,"uagb_excerpt":"El pr\u00f3ximo mi\u00e9rcoles 4 de diciembre, a las 20 horas, el Colegio de M\u00e9dicos de Santa Fe llevar\u00e1 a cabo un webinar titulado \u00bfQu\u00e9 necesitamos saber sobre VIH-SIDA en la pr\u00e1ctica diaria?. La conferencia ser\u00e1 dictada por la Dra. Laura Trosch, m\u00e9dica especialista en Cl\u00ednica M\u00e9dica, y el Dr. Alejandro Crespo, m\u00e9dico especialista en Infectolog\u00eda.&hellip;","_links":{"self":[{"href":"https:\/\/colmedicosantafe1.org.ar\/index.php?rest_route=\/wp\/v2\/posts\/4109","targetHints":{"allow":["GET"]}}],"collection":[{"href":"https:\/\/colmedicosantafe1.org.ar\/index.php?rest_route=\/wp\/v2\/posts"}],"about":[{"href":"https:\/\/colmedicosantafe1.org.ar\/index.php?rest_route=\/wp\/v2\/types\/post"}],"author":[{"embeddable":true,"href":"https:\/\/colmedicosantafe1.org.ar\/index.php?rest_route=\/wp\/v2\/users\/1"}],"replies":[{"embeddable":true,"href":"https:\/\/colmedicosantafe1.org.ar\/index.php?rest_route=%2Fwp%2Fv2%2Fcomments&post=4109"}],"version-history":[{"count":0,"href":"https:\/\/colmedicosantafe1.org.ar\/index.php?rest_route=\/wp\/v2\/posts\/4109\/revisions"}],"wp:featuredmedia":[{"embeddable":true,"href":"https:\/\/colmedicosantafe1.org.ar\/index.php?rest_route=\/wp\/v2\/media\/4108"}],"wp:attachment":[{"href":"https:\/\/colmedicosantafe1.org.ar\/index.php?rest_route=%2Fwp%2Fv2%2Fmedia&parent=4109"}],"wp:term":[{"taxonomy":"category","embeddable":true,"href":"https:\/\/colmedicosantafe1.org.ar\/index.php?rest_route=%2Fwp%2Fv2%2Fcategories&post=4109"},{"taxonomy":"post_tag","embeddable":true,"href":"https:\/\/colmedicosantafe1.org.ar\/index.php?rest_route=%2Fwp%2Fv2%2Ftags&post=4109"}],"curies":[{"name":"wp","href":"https:\/\/api.w.org\/{rel}","templated":true}]}}