{"id":4107,"date":"2024-06-26T22:29:05","date_gmt":"2024-06-27T01:29:05","guid":{"rendered":"https:\/\/cmsf.org.ar\/sitio\/?p=4107"},"modified":"2024-06-26T22:29:05","modified_gmt":"2024-06-27T01:29:05","slug":"acto-dia-medico","status":"publish","type":"post","link":"https:\/\/colmedicosantafe1.org.ar\/?p=4107","title":{"rendered":"Acto por el D\u00eda del M\u00e9dico y Cierre de A\u00f1o del Colegio de M\u00e9dicos"},"content":{"rendered":"<p><img loading=\"lazy\" decoding=\"async\" class=\"pull-left size-full wp-image-4106\" style=\"margin: 5px;\" src=\"https:\/\/colmedicosantafe1.org.ar\/wp-content\/uploads\/2024\/06\/acto-dia-medico-scaled.jpg\" width=\"200\" height=\"130\" \/>El pasado viernes 29 de noviembre, a las 20:00 horas, se llevar\u00e1 a cabo el acto acad\u00e9mico en conmemoraci\u00f3n del D\u00eda del M\u00e9dico y el cierre del a\u00f1o del Colegio de M\u00e9dicos, en el Centro de Convenciones Los Maderos. Durante la ceremonia, se rendir\u00e1 homenaje a los m\u00e9dicos que celebran 50 y 25 a\u00f1os de dedicaci\u00f3n al ejercicio de la profesi\u00f3n, reconociendo su trayectoria y compromiso con la salud. Adem\u00e1s, se entregar\u00e1n los t\u00edtulos a los nuevos especialistas, destacando el esfuerzo y la formaci\u00f3n continua de los profesionales.<\/p>\n<p>Ser\u00e1 una noche de celebraci\u00f3n y reconocimiento para todos los miembros de la comunidad m\u00e9dica.<\/p>\n","protected":false},"excerpt":{"rendered":"<p>El pasado viernes 29 de noviembre, a las 20:00 horas, se llevar\u00e1 a cabo el acto acad\u00e9mico en conmemoraci\u00f3n del D\u00eda del M\u00e9dico y el cierre del a\u00f1o del Colegio de M\u00e9dicos, en el Centro de Convenciones Los Maderos. Durante la ceremonia, se rendir\u00e1 homenaje a los m\u00e9dicos que celebran 50 y 25 a\u00f1os de [&hellip;]<\/p>\n","protected":false},"author":1,"featured_media":4106,"comment_status":"open","ping_status":"open","sticky":true,"template":"","format":"standard","meta":{"_uag_custom_page_level_css":"","_jetpack_memberships_contains_paid_content":false,"footnotes":""},"categories":[30],"tags":[],"class_list":["post-4107","post","type-post","status-publish","format-standard","has-post-thumbnail","hentry","category-cursos"],"jetpack_sharing_enabled":true,"jetpack_featured_media_url":"https:\/\/colmedicosantafe1.org.ar\/wp-content\/uploads\/2024\/06\/acto-dia-medico-scaled.jpg","uagb_featured_image_src":{"full":["https:\/\/colmedicosantafe1.org.ar\/wp-content\/uploads\/2024\/06\/acto-dia-medico-scaled.jpg",2560,1709,false],"thumbnail":["https:\/\/colmedicosantafe1.org.ar\/wp-content\/uploads\/2024\/06\/acto-dia-medico-150x150.jpg",150,150,true],"medium":["https:\/\/colmedicosantafe1.org.ar\/wp-content\/uploads\/2024\/06\/acto-dia-medico-300x200.jpg",300,200,true],"medium_large":["https:\/\/colmedicosantafe1.org.ar\/wp-content\/uploads\/2024\/06\/acto-dia-medico-768x513.jpg",768,513,true],"large":["https:\/\/colmedicosantafe1.org.ar\/wp-content\/uploads\/2024\/06\/acto-dia-medico-1024x684.jpg",1024,684,true],"1536x1536":["https:\/\/colmedicosantafe1.org.ar\/wp-content\/uploads\/2024\/06\/acto-dia-medico-1536x1025.jpg",1536,1025,true],"2048x2048":["https:\/\/colmedicosantafe1.org.ar\/wp-content\/uploads\/2024\/06\/acto-dia-medico-2048x1367.jpg",2048,1367,true]},"uagb_author_info":{"display_name":"admin","author_link":"https:\/\/colmedicosantafe1.org.ar\/?author=1"},"uagb_comment_info":0,"uagb_excerpt":"El pasado viernes 29 de noviembre, a las 20:00 horas, se llevar\u00e1 a cabo el acto acad\u00e9mico en conmemoraci\u00f3n del D\u00eda del M\u00e9dico y el cierre del a\u00f1o del Colegio de M\u00e9dicos, en el Centro de Convenciones Los Maderos. Durante la ceremonia, se rendir\u00e1 homenaje a los m\u00e9dicos que celebran 50 y 25 a\u00f1os de&hellip;","_links":{"self":[{"href":"https:\/\/colmedicosantafe1.org.ar\/index.php?rest_route=\/wp\/v2\/posts\/4107","targetHints":{"allow":["GET"]}}],"collection":[{"href":"https:\/\/colmedicosantafe1.org.ar\/index.php?rest_route=\/wp\/v2\/posts"}],"about":[{"href":"https:\/\/colmedicosantafe1.org.ar\/index.php?rest_route=\/wp\/v2\/types\/post"}],"author":[{"embeddable":true,"href":"https:\/\/colmedicosantafe1.org.ar\/index.php?rest_route=\/wp\/v2\/users\/1"}],"replies":[{"embeddable":true,"href":"https:\/\/colmedicosantafe1.org.ar\/index.php?rest_route=%2Fwp%2Fv2%2Fcomments&post=4107"}],"version-history":[{"count":0,"href":"https:\/\/colmedicosantafe1.org.ar\/index.php?rest_route=\/wp\/v2\/posts\/4107\/revisions"}],"wp:featuredmedia":[{"embeddable":true,"href":"https:\/\/colmedicosantafe1.org.ar\/index.php?rest_route=\/wp\/v2\/media\/4106"}],"wp:attachment":[{"href":"https:\/\/colmedicosantafe1.org.ar\/index.php?rest_route=%2Fwp%2Fv2%2Fmedia&parent=4107"}],"wp:term":[{"taxonomy":"category","embeddable":true,"href":"https:\/\/colmedicosantafe1.org.ar\/index.php?rest_route=%2Fwp%2Fv2%2Fcategories&post=4107"},{"taxonomy":"post_tag","embeddable":true,"href":"https:\/\/colmedicosantafe1.org.ar\/index.php?rest_route=%2Fwp%2Fv2%2Ftags&post=4107"}],"curies":[{"name":"wp","href":"https:\/\/api.w.org\/{rel}","templated":true}]}}