{"id":4100,"date":"2024-06-26T22:29:05","date_gmt":"2024-06-27T01:29:05","guid":{"rendered":"https:\/\/cmsf.org.ar\/sitio\/?p=4100"},"modified":"2024-06-26T22:29:05","modified_gmt":"2024-06-27T01:29:05","slug":"jornada-puesta-al-dia-en-salud-fetal-en-santa-fe-asogisfe","status":"publish","type":"post","link":"https:\/\/colmedicosantafe1.org.ar\/?p=4100","title":{"rendered":"\u201cJornada: Puesta al d\u00eda en salud fetal en Santa Fe\u201d &#8211; ASOGISFE"},"content":{"rendered":"<p><img loading=\"lazy\" decoding=\"async\" class=\"pull-left size-full wp-image-4099\" style=\"margin: 5px;\" src=\"https:\/\/colmedicosantafe1.org.ar\/wp-content\/uploads\/2024\/06\/Foto_Jornada_Salud_Fetal.jpg\" width=\"200\" height=\"130\" \/>El pr\u00f3ximo mi\u00e9rcoles 27 de noviembre, a las 19.30hs, el Colegio de M\u00e9dicos de Santa Fe y la Asociaci\u00f3n de Obstetricia y Ginecolog\u00eda de Santa Fe invitan al encuentro donde se abordar\u00e1 el tema: Puesta al d\u00eda en salud fetal en Santa Fe. La disertaci\u00f3n estar\u00e1 a cargo del Dr. Ivan Chillik (Buenos Aires), la Dra &#8211; Mar\u00eda Emilia De Gaetani (Rosario) y el Dr Juan Jos\u00e9 Lunghi (Santa Fe). Coordinan la Dra Patricia Monasterolo y el Dr. Guillermo Kerz. Ser\u00e1 de modalidad h\u00edbrida: presencial y en l\u00ednea mediante la plataforma Zoom de nuestra instituci\u00f3n.<\/p>\n<p>Acceso libre con inscripci\u00f3n previa en la web. <a href=\"https:\/\/us06web.zoom.us\/webinar\/register\/WN_GLg-Wt6JTBaVB-fg5Co_uQ\" target=\"_blank\" rel=\"noopener noreferrer\">Formulario de inscripci\u00f3n<\/a><\/p>\n<p><!--more--><\/p>\n<p>El mi\u00e9rcoles 27 de noviembre, a las 19.30 horas, se realizar\u00e1 un encuentro organizado por\u00a0 la Asociaci\u00f3n de Obstetricia y Ginecolog\u00eda de Santa Fe (ASOGISFE) y en colaboraci\u00f3n con el Colegio de M\u00e9dicos de Santa Fe, donde se abordar\u00e1 el tema: \u201cPuesta al d\u00eda en salud fetal en Santa Fe\u201d<\/p>\n<p><strong>PROGRAMA<\/strong><br \/>Introducci\u00f3n: Dra. Patricia Monasterolo<br \/>Medicina regenerativa: Invitado especial y presencial, por primera vez en Santa Fe, Dr. Ivan Chillik.\u00a0 Salud fetal: &#8211;<br \/>\u201c\u00daltimos aportes de Fetal Medicine Fundation 2024\u201d, Dr. Juan Jos\u00e9 Lunghi. &#8211;<br \/>\u201cScreening semana 11-14\u201d, Dr Juan Lunghi. &#8211;<br \/>\u201cABC eco Doppler screening semana 11-14\u201d, Dra. Emilia De Gaetani, invitada especial de la Unidad de medicina materno fetal del Sanatorio Brit\u00e1nico, Rosario. &#8211;<\/p>\n<p><strong>DISERTANTES POR ORDEN DE APARICI\u00d3N<\/strong><\/p>\n<p>Dra Patricia Monasterolo\u00a0 Medica Tocoginecologa MP 3422.<br \/>M\u00e9dica de planta del servicio de Ginecolog\u00eda del nuevo hospital Iturraspe<br \/>Ex M\u00e9dica de planta del Servicio de maternidad Iturraspe &#8211; Ecograf\u00eda obst\u00e9trica Especialista en Salud Fetal Docente Universitaria UNL.<br \/>Representante de la Comisi\u00f3n ASOSGIFE. (Asociaci\u00f3n de Ginecolog\u00eda y obstetrica de santa fe)<\/p>\n<p>Dr. Ivan Chillik\u00a0 Director de Mater Cell \u2013 C\u00e9lulas Madres.\u00a0 Invitado desde Buenos Aires Presencial \u2013 Matr\u00edcula 148748<\/p>\n<p>Dr Juan Jos\u00e9 Lunghi Especialista en tocoginecolog\u00eda y medicina fetal MP 5874 Miembro del servicio de obstetricia del Hospital JB Iturraspe<br \/>Director m\u00e9dico en Medicina Fetal Santa Fe Miembro de SADIPT<\/p>\n<p>Dra Mar\u00eda Emilia De Gaetani Especialista en Ginecolog\u00eda y Obstetricia. MP 21647. RE 50\/0467<br \/>Especialista y diplomada en Medicina materno fetal. Hospital Universitario Austral. Co directora de la Unidad de Medicina Materno Fetal del Sanatorio Brit\u00e1nico. Rosario, Santa Fe.<\/p>\n","protected":false},"excerpt":{"rendered":"<p>El pr\u00f3ximo mi\u00e9rcoles 27 de noviembre, a las 19.30hs, el Colegio de M\u00e9dicos de Santa Fe y la Asociaci\u00f3n de Obstetricia y Ginecolog\u00eda de Santa Fe invitan al encuentro donde se abordar\u00e1 el tema: Puesta al d\u00eda en salud fetal en Santa Fe. La disertaci\u00f3n estar\u00e1 a cargo del Dr. Ivan Chillik (Buenos Aires), la [&hellip;]<\/p>\n","protected":false},"author":1,"featured_media":4099,"comment_status":"open","ping_status":"open","sticky":true,"template":"","format":"standard","meta":{"_uag_custom_page_level_css":"","_jetpack_memberships_contains_paid_content":false,"footnotes":""},"categories":[30],"tags":[],"class_list":["post-4100","post","type-post","status-publish","format-standard","has-post-thumbnail","hentry","category-cursos"],"jetpack_sharing_enabled":true,"jetpack_featured_media_url":"https:\/\/colmedicosantafe1.org.ar\/wp-content\/uploads\/2024\/06\/Foto_Jornada_Salud_Fetal.jpg","uagb_featured_image_src":{"full":["https:\/\/colmedicosantafe1.org.ar\/wp-content\/uploads\/2024\/06\/Foto_Jornada_Salud_Fetal.jpg",1380,920,false],"thumbnail":["https:\/\/colmedicosantafe1.org.ar\/wp-content\/uploads\/2024\/06\/Foto_Jornada_Salud_Fetal-150x150.jpg",150,150,true],"medium":["https:\/\/colmedicosantafe1.org.ar\/wp-content\/uploads\/2024\/06\/Foto_Jornada_Salud_Fetal-300x200.jpg",300,200,true],"medium_large":["https:\/\/colmedicosantafe1.org.ar\/wp-content\/uploads\/2024\/06\/Foto_Jornada_Salud_Fetal-768x512.jpg",768,512,true],"large":["https:\/\/colmedicosantafe1.org.ar\/wp-content\/uploads\/2024\/06\/Foto_Jornada_Salud_Fetal-1024x683.jpg",1024,683,true],"1536x1536":["https:\/\/colmedicosantafe1.org.ar\/wp-content\/uploads\/2024\/06\/Foto_Jornada_Salud_Fetal.jpg",1380,920,false],"2048x2048":["https:\/\/colmedicosantafe1.org.ar\/wp-content\/uploads\/2024\/06\/Foto_Jornada_Salud_Fetal.jpg",1380,920,false]},"uagb_author_info":{"display_name":"admin","author_link":"https:\/\/colmedicosantafe1.org.ar\/?author=1"},"uagb_comment_info":0,"uagb_excerpt":"El pr\u00f3ximo mi\u00e9rcoles 27 de noviembre, a las 19.30hs, el Colegio de M\u00e9dicos de Santa Fe y la Asociaci\u00f3n de Obstetricia y Ginecolog\u00eda de Santa Fe invitan al encuentro donde se abordar\u00e1 el tema: Puesta al d\u00eda en salud fetal en Santa Fe. La disertaci\u00f3n estar\u00e1 a cargo del Dr. Ivan Chillik (Buenos Aires), la&hellip;","_links":{"self":[{"href":"https:\/\/colmedicosantafe1.org.ar\/index.php?rest_route=\/wp\/v2\/posts\/4100","targetHints":{"allow":["GET"]}}],"collection":[{"href":"https:\/\/colmedicosantafe1.org.ar\/index.php?rest_route=\/wp\/v2\/posts"}],"about":[{"href":"https:\/\/colmedicosantafe1.org.ar\/index.php?rest_route=\/wp\/v2\/types\/post"}],"author":[{"embeddable":true,"href":"https:\/\/colmedicosantafe1.org.ar\/index.php?rest_route=\/wp\/v2\/users\/1"}],"replies":[{"embeddable":true,"href":"https:\/\/colmedicosantafe1.org.ar\/index.php?rest_route=%2Fwp%2Fv2%2Fcomments&post=4100"}],"version-history":[{"count":0,"href":"https:\/\/colmedicosantafe1.org.ar\/index.php?rest_route=\/wp\/v2\/posts\/4100\/revisions"}],"wp:featuredmedia":[{"embeddable":true,"href":"https:\/\/colmedicosantafe1.org.ar\/index.php?rest_route=\/wp\/v2\/media\/4099"}],"wp:attachment":[{"href":"https:\/\/colmedicosantafe1.org.ar\/index.php?rest_route=%2Fwp%2Fv2%2Fmedia&parent=4100"}],"wp:term":[{"taxonomy":"category","embeddable":true,"href":"https:\/\/colmedicosantafe1.org.ar\/index.php?rest_route=%2Fwp%2Fv2%2Fcategories&post=4100"},{"taxonomy":"post_tag","embeddable":true,"href":"https:\/\/colmedicosantafe1.org.ar\/index.php?rest_route=%2Fwp%2Fv2%2Ftags&post=4100"}],"curies":[{"name":"wp","href":"https:\/\/api.w.org\/{rel}","templated":true}]}}