{"id":4089,"date":"2024-06-26T22:29:05","date_gmt":"2024-06-27T01:29:05","guid":{"rendered":"https:\/\/cmsf.org.ar\/sitio\/?p=4089"},"modified":"2024-06-26T22:29:05","modified_gmt":"2024-06-27T01:29:05","slug":"dia-mundial-diabetes","status":"publish","type":"post","link":"https:\/\/colmedicosantafe1.org.ar\/?p=4089","title":{"rendered":"Conmemoraci\u00f3n del D\u00eda Mundial de la Diabetes: Evento Educativo en la Plaza del Soldado"},"content":{"rendered":"<p><img loading=\"lazy\" decoding=\"async\" class=\"pull-left size-full wp-image-4088\" style=\"margin: 5px;\" src=\"https:\/\/colmedicosantafe1.org.ar\/wp-content\/uploads\/2024\/06\/Evento-DBT.jpeg\" width=\"200\" height=\"225\" \/>El pr\u00f3ximo jueves 14 de noviembre, de 9:30 a 12 hs, se llevar\u00e1 a cabo un importante evento en la Plaza del Soldado en conmemoraci\u00f3n del D\u00eda Mundial de la Diabetes. Esta jornada, organizada por la Municipalidad de Santa Fe, contar\u00e1 con la colaboraci\u00f3n del Colegio de M\u00e9dicos, la Facultad de Ciencias M\u00e9dicas y el Programa Provincial de Diabetes. Su objetivo principal es sensibilizar y educar a la comunidad sobre esta enfermedad, promoviendo un enfoque integral para su manejo y tratamiento.<\/p>\n<p>Actividades y Talleres Interactivos<br \/>Durante el evento, los asistentes podr\u00e1n participar en diversas actividades dise\u00f1adas para ofrecer informaci\u00f3n pr\u00e1ctica y accesible sobre el manejo de la diabetes. Se llevar\u00e1n a cabo talleres sobre alimentaci\u00f3n saludable, ejercicio f\u00edsico y cuidados generales, as\u00ed como charlas educativas sobre la importancia de los controles preventivos en la salud en general.<\/p>\n<p><!--more--><\/p>\n<p>\u00a0<\/p>\n<p>Adem\u00e1s, se abordar\u00e1 la responsabilidad individual en el tratamiento de la diabetes, resaltando la importancia del autocuidado y fomentando la conciencia colectiva sobre los desaf\u00edos que enfrentan quienes conviven con esta condici\u00f3n. Los participantes tendr\u00e1n la oportunidad de interactuar con especialistas y profesionales de la salud en este campo.<\/p>\n<p>Un evento para la comunidad<br \/>Este evento tiene como objetivo no solo informar, sino tambi\u00e9n crear un espacio de inclusi\u00f3n y comprensi\u00f3n sobre la diabetes, una enfermedad que afecta a miles de personas y que, en muchas ocasiones, no es plenamente comprendida. Con un enfoque integral y de educaci\u00f3n continua, se busca proporcionar herramientas \u00fatiles para el bienestar de las personas que viven con diabetes y sus familias.<\/p>\n<p>El evento es completamente gratuito y abierto al p\u00fablico en general. Se invita a toda la comunidad a participar y aprovechar esta oportunidad para aprender, compartir y generar conciencia sobre la importancia del autocuidado y la salud emocional.<\/p>\n<p>Te esperamos el 14 de noviembre en la Plaza del Soldado de 9.30 a 12hs , para seguir construyendo una sociedad m\u00e1s informada y comprometida con el cuidado de la salud.<\/p>\n","protected":false},"excerpt":{"rendered":"<p>El pr\u00f3ximo jueves 14 de noviembre, de 9:30 a 12 hs, se llevar\u00e1 a cabo un importante evento en la Plaza del Soldado en conmemoraci\u00f3n del D\u00eda Mundial de la Diabetes. Esta jornada, organizada por la Municipalidad de Santa Fe, contar\u00e1 con la colaboraci\u00f3n del Colegio de M\u00e9dicos, la Facultad de Ciencias M\u00e9dicas y el [&hellip;]<\/p>\n","protected":false},"author":1,"featured_media":4088,"comment_status":"open","ping_status":"open","sticky":true,"template":"","format":"standard","meta":{"_uag_custom_page_level_css":"","_jetpack_memberships_contains_paid_content":false,"footnotes":""},"categories":[30],"tags":[],"class_list":["post-4089","post","type-post","status-publish","format-standard","has-post-thumbnail","hentry","category-cursos"],"jetpack_sharing_enabled":true,"jetpack_featured_media_url":"https:\/\/colmedicosantafe1.org.ar\/wp-content\/uploads\/2024\/06\/Evento-DBT.jpeg","uagb_featured_image_src":{"full":["https:\/\/colmedicosantafe1.org.ar\/wp-content\/uploads\/2024\/06\/Evento-DBT.jpeg",1022,912,false],"thumbnail":["https:\/\/colmedicosantafe1.org.ar\/wp-content\/uploads\/2024\/06\/Evento-DBT-150x150.jpeg",150,150,true],"medium":["https:\/\/colmedicosantafe1.org.ar\/wp-content\/uploads\/2024\/06\/Evento-DBT-300x268.jpeg",300,268,true],"medium_large":["https:\/\/colmedicosantafe1.org.ar\/wp-content\/uploads\/2024\/06\/Evento-DBT-768x685.jpeg",768,685,true],"large":["https:\/\/colmedicosantafe1.org.ar\/wp-content\/uploads\/2024\/06\/Evento-DBT.jpeg",1022,912,false],"1536x1536":["https:\/\/colmedicosantafe1.org.ar\/wp-content\/uploads\/2024\/06\/Evento-DBT.jpeg",1022,912,false],"2048x2048":["https:\/\/colmedicosantafe1.org.ar\/wp-content\/uploads\/2024\/06\/Evento-DBT.jpeg",1022,912,false]},"uagb_author_info":{"display_name":"admin","author_link":"https:\/\/colmedicosantafe1.org.ar\/?author=1"},"uagb_comment_info":0,"uagb_excerpt":"El pr\u00f3ximo jueves 14 de noviembre, de 9:30 a 12 hs, se llevar\u00e1 a cabo un importante evento en la Plaza del Soldado en conmemoraci\u00f3n del D\u00eda Mundial de la Diabetes. Esta jornada, organizada por la Municipalidad de Santa Fe, contar\u00e1 con la colaboraci\u00f3n del Colegio de M\u00e9dicos, la Facultad de Ciencias M\u00e9dicas y el&hellip;","_links":{"self":[{"href":"https:\/\/colmedicosantafe1.org.ar\/index.php?rest_route=\/wp\/v2\/posts\/4089","targetHints":{"allow":["GET"]}}],"collection":[{"href":"https:\/\/colmedicosantafe1.org.ar\/index.php?rest_route=\/wp\/v2\/posts"}],"about":[{"href":"https:\/\/colmedicosantafe1.org.ar\/index.php?rest_route=\/wp\/v2\/types\/post"}],"author":[{"embeddable":true,"href":"https:\/\/colmedicosantafe1.org.ar\/index.php?rest_route=\/wp\/v2\/users\/1"}],"replies":[{"embeddable":true,"href":"https:\/\/colmedicosantafe1.org.ar\/index.php?rest_route=%2Fwp%2Fv2%2Fcomments&post=4089"}],"version-history":[{"count":0,"href":"https:\/\/colmedicosantafe1.org.ar\/index.php?rest_route=\/wp\/v2\/posts\/4089\/revisions"}],"wp:featuredmedia":[{"embeddable":true,"href":"https:\/\/colmedicosantafe1.org.ar\/index.php?rest_route=\/wp\/v2\/media\/4088"}],"wp:attachment":[{"href":"https:\/\/colmedicosantafe1.org.ar\/index.php?rest_route=%2Fwp%2Fv2%2Fmedia&parent=4089"}],"wp:term":[{"taxonomy":"category","embeddable":true,"href":"https:\/\/colmedicosantafe1.org.ar\/index.php?rest_route=%2Fwp%2Fv2%2Fcategories&post=4089"},{"taxonomy":"post_tag","embeddable":true,"href":"https:\/\/colmedicosantafe1.org.ar\/index.php?rest_route=%2Fwp%2Fv2%2Ftags&post=4089"}],"curies":[{"name":"wp","href":"https:\/\/api.w.org\/{rel}","templated":true}]}}