{"id":4070,"date":"2024-06-26T22:29:05","date_gmt":"2024-06-27T01:29:05","guid":{"rendered":"https:\/\/cmsf.org.ar\/sitio\/?p=4070"},"modified":"2024-06-26T22:29:05","modified_gmt":"2024-06-27T01:29:05","slug":"dia-mundial-polio","status":"publish","type":"post","link":"https:\/\/colmedicosantafe1.org.ar\/?p=4070","title":{"rendered":"D\u00eda Mundial de la Poliomielitis: Celebrando 40 A\u00f1os Sin Polio en Argentina"},"content":{"rendered":"<p><img loading=\"lazy\" decoding=\"async\" class=\"pull-left size-full wp-image-4069\" style=\"margin: 5px;\" src=\"https:\/\/colmedicosantafe1.org.ar\/wp-content\/uploads\/2024\/06\/dia-mundial-poliomielitis.jpg\" width=\"201\" height=\"149\" \/>Cada 24 de octubre se conmemora el D\u00eda Mundial de la Poliomielitis, una fecha que nos recuerda la importancia de la vacunaci\u00f3n y la erradicaci\u00f3n de esta enfermedad devastadora. La poliomielitis, tambi\u00e9n conocida como polio, es una enfermedad viral que puede causar complicaciones graves. Sin embargo, gracias a los esfuerzos globales de vacunaci\u00f3n, la polio ha sido casi erradicada en muchas partes del mundo.<\/p>\n<p><!--more--><\/p>\n<p>\u00a0<\/p>\n<p>\u00a0<\/p>\n<p>Argentina es un ejemplo inspirador en la lucha contra la poliomielitis. Desde 1984, el pa\u00eds no ha reportado casos de polio, lo que significa que han pasado m\u00e1s de 40 a\u00f1os sin la presencia de esta enfermedad en nuestra poblaci\u00f3n. Este logro es resultado de campa\u00f1as de vacunaci\u00f3n sistem\u00e1ticas y el compromiso de la comunidad de mantener altas tasas de inmunizaci\u00f3n.<\/p>\n<p>La vacuna contra la poliomielitis (IPV o SALK) es segura y efectiva, y su implementaci\u00f3n ha sido clave para proteger a generaciones de ni\u00f1os. La cobertura de vacunaci\u00f3n ha permitido que Argentina se mantenga libre de la enfermedad.<\/p>\n<p>Aunque no hemos visto casos de polio en d\u00e9cadas, es fundamental no bajar la guardia. La erradicaci\u00f3n total de la poliomielitis en el mundo todav\u00eda est\u00e1 en progreso, y la vigilancia constante es crucial para evitar un resurgimiento. Es vital que todos los ni\u00f1os reciban sus dosis de vacunaci\u00f3n seg\u00fan el calendario establecido, y que los adultos tambi\u00e9n est\u00e9n informados sobre la importancia de esta inmunizaci\u00f3n.<\/p>\n<p>Este D\u00eda Mundial de la Poliomielitis, celebremos el \u00e9xito de la vacunaci\u00f3n en Argentina, pero tambi\u00e9n recordemos que la lucha no ha terminado. Alentemos a mantener el compromiso con la salud p\u00fablica y a apoyar las iniciativas de vacunaci\u00f3n. Cada paso cuenta en la protecci\u00f3n de nuestras futuras generaciones.<\/p>\n<p>\u00a1Juntos, sigamos trabajando por un mundo libre de poliomielitis!<\/p>\n","protected":false},"excerpt":{"rendered":"<p>Cada 24 de octubre se conmemora el D\u00eda Mundial de la Poliomielitis, una fecha que nos recuerda la importancia de la vacunaci\u00f3n y la erradicaci\u00f3n de esta enfermedad devastadora. La poliomielitis, tambi\u00e9n conocida como polio, es una enfermedad viral que puede causar complicaciones graves. Sin embargo, gracias a los esfuerzos globales de vacunaci\u00f3n, la polio [&hellip;]<\/p>\n","protected":false},"author":1,"featured_media":4069,"comment_status":"open","ping_status":"open","sticky":true,"template":"","format":"standard","meta":{"_uag_custom_page_level_css":"","_jetpack_memberships_contains_paid_content":false,"footnotes":""},"categories":[30],"tags":[],"class_list":["post-4070","post","type-post","status-publish","format-standard","has-post-thumbnail","hentry","category-cursos"],"jetpack_sharing_enabled":true,"jetpack_featured_media_url":"https:\/\/colmedicosantafe1.org.ar\/wp-content\/uploads\/2024\/06\/dia-mundial-poliomielitis.jpg","uagb_featured_image_src":{"full":["https:\/\/colmedicosantafe1.org.ar\/wp-content\/uploads\/2024\/06\/dia-mundial-poliomielitis.jpg",612,408,false],"thumbnail":["https:\/\/colmedicosantafe1.org.ar\/wp-content\/uploads\/2024\/06\/dia-mundial-poliomielitis-150x150.jpg",150,150,true],"medium":["https:\/\/colmedicosantafe1.org.ar\/wp-content\/uploads\/2024\/06\/dia-mundial-poliomielitis-300x200.jpg",300,200,true],"medium_large":["https:\/\/colmedicosantafe1.org.ar\/wp-content\/uploads\/2024\/06\/dia-mundial-poliomielitis.jpg",612,408,false],"large":["https:\/\/colmedicosantafe1.org.ar\/wp-content\/uploads\/2024\/06\/dia-mundial-poliomielitis.jpg",612,408,false],"1536x1536":["https:\/\/colmedicosantafe1.org.ar\/wp-content\/uploads\/2024\/06\/dia-mundial-poliomielitis.jpg",612,408,false],"2048x2048":["https:\/\/colmedicosantafe1.org.ar\/wp-content\/uploads\/2024\/06\/dia-mundial-poliomielitis.jpg",612,408,false]},"uagb_author_info":{"display_name":"admin","author_link":"https:\/\/colmedicosantafe1.org.ar\/?author=1"},"uagb_comment_info":0,"uagb_excerpt":"Cada 24 de octubre se conmemora el D\u00eda Mundial de la Poliomielitis, una fecha que nos recuerda la importancia de la vacunaci\u00f3n y la erradicaci\u00f3n de esta enfermedad devastadora. La poliomielitis, tambi\u00e9n conocida como polio, es una enfermedad viral que puede causar complicaciones graves. Sin embargo, gracias a los esfuerzos globales de vacunaci\u00f3n, la polio&hellip;","_links":{"self":[{"href":"https:\/\/colmedicosantafe1.org.ar\/index.php?rest_route=\/wp\/v2\/posts\/4070","targetHints":{"allow":["GET"]}}],"collection":[{"href":"https:\/\/colmedicosantafe1.org.ar\/index.php?rest_route=\/wp\/v2\/posts"}],"about":[{"href":"https:\/\/colmedicosantafe1.org.ar\/index.php?rest_route=\/wp\/v2\/types\/post"}],"author":[{"embeddable":true,"href":"https:\/\/colmedicosantafe1.org.ar\/index.php?rest_route=\/wp\/v2\/users\/1"}],"replies":[{"embeddable":true,"href":"https:\/\/colmedicosantafe1.org.ar\/index.php?rest_route=%2Fwp%2Fv2%2Fcomments&post=4070"}],"version-history":[{"count":0,"href":"https:\/\/colmedicosantafe1.org.ar\/index.php?rest_route=\/wp\/v2\/posts\/4070\/revisions"}],"wp:featuredmedia":[{"embeddable":true,"href":"https:\/\/colmedicosantafe1.org.ar\/index.php?rest_route=\/wp\/v2\/media\/4069"}],"wp:attachment":[{"href":"https:\/\/colmedicosantafe1.org.ar\/index.php?rest_route=%2Fwp%2Fv2%2Fmedia&parent=4070"}],"wp:term":[{"taxonomy":"category","embeddable":true,"href":"https:\/\/colmedicosantafe1.org.ar\/index.php?rest_route=%2Fwp%2Fv2%2Fcategories&post=4070"},{"taxonomy":"post_tag","embeddable":true,"href":"https:\/\/colmedicosantafe1.org.ar\/index.php?rest_route=%2Fwp%2Fv2%2Ftags&post=4070"}],"curies":[{"name":"wp","href":"https:\/\/api.w.org\/{rel}","templated":true}]}}