{"id":4068,"date":"2024-06-26T22:29:05","date_gmt":"2024-06-27T01:29:05","guid":{"rendered":"https:\/\/cmsf.org.ar\/sitio\/?p=4068"},"modified":"2024-06-26T22:29:05","modified_gmt":"2024-06-27T01:29:05","slug":"fechas-examenes-especialidad","status":"publish","type":"post","link":"https:\/\/colmedicosantafe1.org.ar\/?p=4068","title":{"rendered":"\u00a1Est\u00e1n las fechas confirmadas para Ex\u00e1menes de Acreditaci\u00f3n de Especialidades M\u00e9dicas!"},"content":{"rendered":"<p><img loading=\"lazy\" decoding=\"async\" class=\"pull-left size-full wp-image-4067\" style=\"margin: 5px;\" src=\"https:\/\/colmedicosantafe1.org.ar\/wp-content\/uploads\/2024\/06\/examen-especilidad.jpg\" width=\"200\" height=\"130\" \/>El Colegio de M\u00e9dicos se complace en comunicar las fechas definitivas para los ex\u00e1menes de acreditaci\u00f3n de especialidades m\u00e9dicas. Este proceso est\u00e1 dirigido a todos los profesionales que han cumplido con los requisitos de inscripci\u00f3n.<\/p>\n<p><!--more--><\/p>\n<p>\u00a0<\/p>\n<p>Los m\u00e9dicos que hayan completado su inscripci\u00f3n deben presentarse en las sedes asignadas, donde se llevar\u00e1n a cabo las pruebas te\u00f3ricas y pr\u00e1cticas correspondientes. Este es un paso importante para validar sus competencias y avanzar en su desarrollo profesional.<\/p>\n<p>El Colegio reafirma su compromiso con la excelencia en la formaci\u00f3n m\u00e9dica y conf\u00eda en que estos ex\u00e1menes servir\u00e1n como un puente hacia un futuro m\u00e1s s\u00f3lido y competente en el \u00e1mbito de la salud.<\/p>\n<p>Link: <a href=\"https:\/\/colmedicosantafe1.org.ar\/wp-content\/uploads\/2013\/07\/Calendario-de-Examenes-acred-Esp.pdf\" target=\"_blank\" rel=\"noopener noreferrer\">CRONOGRAMA para ex\u00e1menes de acreditaci\u00f3n de especialidades m\u00e9dicas.<\/a><\/p>\n<p>Para obtener m\u00e1s informaci\u00f3n sobre el cronograma, las sedes de examen y recomendaciones para los postulantes, se recomienda contactar a la Comisi\u00f3n de Especialidades y Evaluaci\u00f3n de Servicios a trav\u00e9s del correo electr\u00f3nico especialidades@cmsf.org.ar o por tel\u00e9fono al (0342) 4520176 \/ 77 \/ 82, interno 3 correspondiente.<\/p>\n<p>IMPORTANTE: Las fechas de los ex\u00e1menes que no aparecen en el calendario a\u00fan no han sido anunciadas por el tribunal examinador. En breve, ser\u00e1n a\u00f1adidas al cronograma.<\/p>\n","protected":false},"excerpt":{"rendered":"<p>El Colegio de M\u00e9dicos se complace en comunicar las fechas definitivas para los ex\u00e1menes de acreditaci\u00f3n de especialidades m\u00e9dicas. Este proceso est\u00e1 dirigido a todos los profesionales que han cumplido con los requisitos de inscripci\u00f3n.<\/p>\n","protected":false},"author":1,"featured_media":4067,"comment_status":"open","ping_status":"open","sticky":true,"template":"","format":"standard","meta":{"_uag_custom_page_level_css":"","_jetpack_memberships_contains_paid_content":false,"footnotes":""},"categories":[30],"tags":[],"class_list":["post-4068","post","type-post","status-publish","format-standard","has-post-thumbnail","hentry","category-cursos"],"jetpack_sharing_enabled":true,"jetpack_featured_media_url":"https:\/\/colmedicosantafe1.org.ar\/wp-content\/uploads\/2024\/06\/examen-especilidad.jpg","uagb_featured_image_src":{"full":["https:\/\/colmedicosantafe1.org.ar\/wp-content\/uploads\/2024\/06\/examen-especilidad.jpg",612,408,false],"thumbnail":["https:\/\/colmedicosantafe1.org.ar\/wp-content\/uploads\/2024\/06\/examen-especilidad-150x150.jpg",150,150,true],"medium":["https:\/\/colmedicosantafe1.org.ar\/wp-content\/uploads\/2024\/06\/examen-especilidad-300x200.jpg",300,200,true],"medium_large":["https:\/\/colmedicosantafe1.org.ar\/wp-content\/uploads\/2024\/06\/examen-especilidad.jpg",612,408,false],"large":["https:\/\/colmedicosantafe1.org.ar\/wp-content\/uploads\/2024\/06\/examen-especilidad.jpg",612,408,false],"1536x1536":["https:\/\/colmedicosantafe1.org.ar\/wp-content\/uploads\/2024\/06\/examen-especilidad.jpg",612,408,false],"2048x2048":["https:\/\/colmedicosantafe1.org.ar\/wp-content\/uploads\/2024\/06\/examen-especilidad.jpg",612,408,false]},"uagb_author_info":{"display_name":"admin","author_link":"https:\/\/colmedicosantafe1.org.ar\/?author=1"},"uagb_comment_info":0,"uagb_excerpt":"El Colegio de M\u00e9dicos se complace en comunicar las fechas definitivas para los ex\u00e1menes de acreditaci\u00f3n de especialidades m\u00e9dicas. Este proceso est\u00e1 dirigido a todos los profesionales que han cumplido con los requisitos de inscripci\u00f3n.","_links":{"self":[{"href":"https:\/\/colmedicosantafe1.org.ar\/index.php?rest_route=\/wp\/v2\/posts\/4068","targetHints":{"allow":["GET"]}}],"collection":[{"href":"https:\/\/colmedicosantafe1.org.ar\/index.php?rest_route=\/wp\/v2\/posts"}],"about":[{"href":"https:\/\/colmedicosantafe1.org.ar\/index.php?rest_route=\/wp\/v2\/types\/post"}],"author":[{"embeddable":true,"href":"https:\/\/colmedicosantafe1.org.ar\/index.php?rest_route=\/wp\/v2\/users\/1"}],"replies":[{"embeddable":true,"href":"https:\/\/colmedicosantafe1.org.ar\/index.php?rest_route=%2Fwp%2Fv2%2Fcomments&post=4068"}],"version-history":[{"count":0,"href":"https:\/\/colmedicosantafe1.org.ar\/index.php?rest_route=\/wp\/v2\/posts\/4068\/revisions"}],"wp:featuredmedia":[{"embeddable":true,"href":"https:\/\/colmedicosantafe1.org.ar\/index.php?rest_route=\/wp\/v2\/media\/4067"}],"wp:attachment":[{"href":"https:\/\/colmedicosantafe1.org.ar\/index.php?rest_route=%2Fwp%2Fv2%2Fmedia&parent=4068"}],"wp:term":[{"taxonomy":"category","embeddable":true,"href":"https:\/\/colmedicosantafe1.org.ar\/index.php?rest_route=%2Fwp%2Fv2%2Fcategories&post=4068"},{"taxonomy":"post_tag","embeddable":true,"href":"https:\/\/colmedicosantafe1.org.ar\/index.php?rest_route=%2Fwp%2Fv2%2Ftags&post=4068"}],"curies":[{"name":"wp","href":"https:\/\/api.w.org\/{rel}","templated":true}]}}