{"id":4061,"date":"2024-06-26T22:29:05","date_gmt":"2024-06-27T01:29:05","guid":{"rendered":"https:\/\/cmsf.org.ar\/sitio\/?p=4061"},"modified":"2024-06-26T22:29:05","modified_gmt":"2024-06-27T01:29:05","slug":"webinario-manejo-heridas","status":"publish","type":"post","link":"https:\/\/colmedicosantafe1.org.ar\/?p=4061","title":{"rendered":"Webinario: Actualizaci\u00f3n en el manejo de heridas"},"content":{"rendered":"<p><img loading=\"lazy\" decoding=\"async\" class=\"pull-left size-full wp-image-4059\" style=\"margin: 5px;\" src=\"https:\/\/colmedicosantafe1.org.ar\/wp-content\/uploads\/2024\/06\/Herida-4.jpg\" width=\"200\" height=\"130\" \/>El jueves 17 de Octubre el Colegio de M\u00e9dicos de Santa Fe organiza un encuentro webinario donde se abordar\u00e1 el tema: Actualizaci\u00f3n\u00a0 en el manejo de heridas. La disertaci\u00f3n estar\u00e1 a cargo de la Dra. Aneley Porto, m\u00e9dica cirujana pl\u00e1stica est\u00e9tica y reparadora. Ser\u00e1 a trav\u00e9s de la plataforma Zoom de nuestra instituci\u00f3n. Acceso libre con inscripci\u00f3n previa en la web.<\/p>\n<p><a href=\"https:\/\/us06web.zoom.us\/webinar\/register\/WN_AmN6KGfDQdORY2i2Rj8hoA\" target=\"_blank\" rel=\"noopener noreferrer\">Formulario de inscripci\u00f3n<\/a><\/p>\n<p><!--more--><\/p>\n<p>\u00a0<\/p>\n<p>\u00a0<\/p>\n<p>El jueves 17 de octubre, a las 20 horas, se realizar\u00e1 un encuentro webinario organizado por el Colegio de M\u00e9dicos de Santa Fe, donde se abordar\u00e1 el tema: Actualizaci\u00f3n\u00a0 en el manejo de heridas. La disertaci\u00f3n estar\u00e1 a cargo de la Dra Aneley Porto, m\u00e9dica cirujana pl\u00e1stica, est\u00e9tica y reparadora. <\/p>\n<p>Objetivo<\/p>\n<p>\u00a0\u00a0\u00a0 Repasar las fases de la cicatrizaci\u00f3n<\/p>\n<p>\u00a0\u00a0\u00a0 C\u00f3mo dejar la menor cicatriz posible\u00a0\u00a0\u00a0\u00a0\u00a0\u00a0\u00a0\u00a0\u00a0\u00a0\u00a0\u00a0\u00a0\u00a0\u00a0\u00a0\u00a0\u00a0\u00a0\u00a0\u00a0\u00a0\u00a0\u00a0\u00a0\u00a0\u00a0\u00a0\u00a0\u00a0\u00a0\u00a0\u00a0\u00a0\u00a0\u00a0\u00a0\u00a0\u00a0\u00a0\u00a0\u00a0\u00a0\u00a0\u00a0\u00a0\u00a0\u00a0\u00a0\u00a0\u00a0\u00a0\u00a0\u00a0\u00a0\u00a0\u00a0\u00a0\u00a0\u00a0\u00a0\u00a0\u00a0\u00a0\u00a0\u00a0\u00a0\u00a0\u00a0\u00a0\u00a0\u00a0\u00a0\u00a0\u00a0\u00a0\u00a0\u00a0\u00a0\u00a0\u00a0\u00a0\u00a0\u00a0\u00a0\u00a0\u00a0\u00a0 \u00a0<\/p>\n<p>\u00a0\u00a0\u00a0 C\u00f3mo abordar una herida infectada<\/p>\n<p>\u00a0\u00a0\u00a0 Reconocer los distintos tipos de curaci\u00f3n avanzada<\/p>\n<p>Disertante:<\/p>\n<p><img loading=\"lazy\" decoding=\"async\" class=\" size-full wp-image-4060\" src=\"https:\/\/colmedicosantafe1.org.ar\/wp-content\/uploads\/2024\/06\/Dra-Aneley-Porto.jpeg\" alt=\"\" width=\"93\" height=\"116\" srcset=\"https:\/\/colmedicosantafe1.org.ar\/wp-content\/uploads\/2024\/06\/Dra-Aneley-Porto.jpeg 1279w, https:\/\/colmedicosantafe1.org.ar\/wp-content\/uploads\/2024\/06\/Dra-Aneley-Porto-240x300.jpeg 240w, https:\/\/colmedicosantafe1.org.ar\/wp-content\/uploads\/2024\/06\/Dra-Aneley-Porto-819x1024.jpeg 819w, https:\/\/colmedicosantafe1.org.ar\/wp-content\/uploads\/2024\/06\/Dra-Aneley-Porto-768x961.jpeg 768w, https:\/\/colmedicosantafe1.org.ar\/wp-content\/uploads\/2024\/06\/Dra-Aneley-Porto-1228x1536.jpeg 1228w\" sizes=\"auto, (max-width: 93px) 100vw, 93px\" \/><\/p>\n<p>Dra. Aneley Porto.<\/p>\n<p>M\u00e9dica Especialista en cirug\u00eda pl\u00e1stica, est\u00e9tica y reparadora.<\/p>\n<p>M\u00e9dica Cirujana Pl\u00e1stica Staff del Grupo CIOM. Cirug\u00eda Postbari\u00e1trica. Sanatorio Mit. Santa Fe.<\/p>\n<p>Directora M\u00e9dica de MECA. Est\u00e9tica M\u00e9dica Avanzada. Santa Fe<\/p>\n<p>Miembro comit\u00e9 de difusi\u00f3n y prensa SACPER (Sociedad Argentina de Cirug\u00eda Pl\u00e1stica y Reparadora).<\/p>\n<p>\u00a0<\/p>\n<p>*Aclaraci\u00f3n: para la entrega de constancia de realizaci\u00f3n del webinar es requisito completar como m\u00ednimo 45 minutos en l\u00ednea, y la misma puede tener una demora de 10 d\u00edas h\u00e1biles desde su solicitud.<\/p>\n","protected":false},"excerpt":{"rendered":"<p>El jueves 17 de Octubre el Colegio de M\u00e9dicos de Santa Fe organiza un encuentro webinario donde se abordar\u00e1 el tema: Actualizaci\u00f3n\u00a0 en el manejo de heridas. La disertaci\u00f3n estar\u00e1 a cargo de la Dra. Aneley Porto, m\u00e9dica cirujana pl\u00e1stica est\u00e9tica y reparadora. Ser\u00e1 a trav\u00e9s de la plataforma Zoom de nuestra instituci\u00f3n. Acceso libre [&hellip;]<\/p>\n","protected":false},"author":1,"featured_media":4059,"comment_status":"open","ping_status":"open","sticky":true,"template":"","format":"standard","meta":{"_uag_custom_page_level_css":"","_jetpack_memberships_contains_paid_content":false,"footnotes":""},"categories":[30],"tags":[],"class_list":["post-4061","post","type-post","status-publish","format-standard","has-post-thumbnail","hentry","category-cursos"],"jetpack_sharing_enabled":true,"jetpack_featured_media_url":"https:\/\/colmedicosantafe1.org.ar\/wp-content\/uploads\/2024\/06\/Herida-4.jpg","uagb_featured_image_src":{"full":["https:\/\/colmedicosantafe1.org.ar\/wp-content\/uploads\/2024\/06\/Herida-4.jpg",612,408,false],"thumbnail":["https:\/\/colmedicosantafe1.org.ar\/wp-content\/uploads\/2024\/06\/Herida-4-150x150.jpg",150,150,true],"medium":["https:\/\/colmedicosantafe1.org.ar\/wp-content\/uploads\/2024\/06\/Herida-4-300x200.jpg",300,200,true],"medium_large":["https:\/\/colmedicosantafe1.org.ar\/wp-content\/uploads\/2024\/06\/Herida-4.jpg",612,408,false],"large":["https:\/\/colmedicosantafe1.org.ar\/wp-content\/uploads\/2024\/06\/Herida-4.jpg",612,408,false],"1536x1536":["https:\/\/colmedicosantafe1.org.ar\/wp-content\/uploads\/2024\/06\/Herida-4.jpg",612,408,false],"2048x2048":["https:\/\/colmedicosantafe1.org.ar\/wp-content\/uploads\/2024\/06\/Herida-4.jpg",612,408,false]},"uagb_author_info":{"display_name":"admin","author_link":"https:\/\/colmedicosantafe1.org.ar\/?author=1"},"uagb_comment_info":0,"uagb_excerpt":"El jueves 17 de Octubre el Colegio de M\u00e9dicos de Santa Fe organiza un encuentro webinario donde se abordar\u00e1 el tema: Actualizaci\u00f3n\u00a0 en el manejo de heridas. La disertaci\u00f3n estar\u00e1 a cargo de la Dra. Aneley Porto, m\u00e9dica cirujana pl\u00e1stica est\u00e9tica y reparadora. Ser\u00e1 a trav\u00e9s de la plataforma Zoom de nuestra instituci\u00f3n. Acceso libre&hellip;","_links":{"self":[{"href":"https:\/\/colmedicosantafe1.org.ar\/index.php?rest_route=\/wp\/v2\/posts\/4061","targetHints":{"allow":["GET"]}}],"collection":[{"href":"https:\/\/colmedicosantafe1.org.ar\/index.php?rest_route=\/wp\/v2\/posts"}],"about":[{"href":"https:\/\/colmedicosantafe1.org.ar\/index.php?rest_route=\/wp\/v2\/types\/post"}],"author":[{"embeddable":true,"href":"https:\/\/colmedicosantafe1.org.ar\/index.php?rest_route=\/wp\/v2\/users\/1"}],"replies":[{"embeddable":true,"href":"https:\/\/colmedicosantafe1.org.ar\/index.php?rest_route=%2Fwp%2Fv2%2Fcomments&post=4061"}],"version-history":[{"count":0,"href":"https:\/\/colmedicosantafe1.org.ar\/index.php?rest_route=\/wp\/v2\/posts\/4061\/revisions"}],"wp:featuredmedia":[{"embeddable":true,"href":"https:\/\/colmedicosantafe1.org.ar\/index.php?rest_route=\/wp\/v2\/media\/4059"}],"wp:attachment":[{"href":"https:\/\/colmedicosantafe1.org.ar\/index.php?rest_route=%2Fwp%2Fv2%2Fmedia&parent=4061"}],"wp:term":[{"taxonomy":"category","embeddable":true,"href":"https:\/\/colmedicosantafe1.org.ar\/index.php?rest_route=%2Fwp%2Fv2%2Fcategories&post=4061"},{"taxonomy":"post_tag","embeddable":true,"href":"https:\/\/colmedicosantafe1.org.ar\/index.php?rest_route=%2Fwp%2Fv2%2Ftags&post=4061"}],"curies":[{"name":"wp","href":"https:\/\/api.w.org\/{rel}","templated":true}]}}