{"id":4055,"date":"2024-06-26T22:29:05","date_gmt":"2024-06-27T01:29:05","guid":{"rendered":"https:\/\/cmsf.org.ar\/sitio\/?p=4055"},"modified":"2024-06-26T22:29:05","modified_gmt":"2024-06-27T01:29:05","slug":"webinario-enf-emerg","status":"publish","type":"post","link":"https:\/\/colmedicosantafe1.org.ar\/?p=4055","title":{"rendered":"Webinario: Enfermedades Emergentes, Reemergentes y de Transmisi\u00f3n Sexual"},"content":{"rendered":"<p><img loading=\"lazy\" decoding=\"async\" class=\"pull-left size-full wp-image-4053\" style=\"margin: 5px;\" src=\"https:\/\/colmedicosantafe1.org.ar\/wp-content\/uploads\/2024\/06\/webinario-enf-emerg.png\" width=\"200\" height=\"130\" \/>Los lunes 7 y 14 de octubre a las 20hs, el Colegio de M\u00e9dicos de Santa Fe invita a una serie de\u00a0 webinars\u00a0 donde se abordar\u00e1n los siguientes temas: 1- Enfermedades emergentes y reemergentes y 2- Epidemiolog\u00eda de las infecciones de transmisi\u00f3n sexual.\u00a0 La disertaci\u00f3n estar\u00e1 a cargo de la Dra Nora Glastein, m\u00e9dica cirujana diplomada en salud p\u00fablica y epidemiolog\u00eda.\u00a0 Ser\u00e1 mediante la plataforma zoom de nuestra instituci\u00f3n. Acceso libre con inscripci\u00f3n previa en la web.<\/p>\n<p><a href=\"https:\/\/us06web.zoom.us\/webinar\/register\/WN_llAs8JdtRgqeMYadF5HWiA#\/registration\" target=\"_blank\" rel=\"noopener noreferrer\">Formulario de inscripci\u00f3n<\/a><\/p>\n<p><!--more--><\/p>\n<p>\u00a0<\/p>\n<p>\u00a0<\/p>\n<p>Los lunes 7\u00a0 y\u00a0 14 de octubre el Colegio de M\u00e9dicos de Santa Fe invita a una serie de\u00a0 webinars\u00a0 donde se abordar\u00e1n los siguientes temas: <\/p>\n<p>1- Enfermedades emergentes y reemergentes y <\/p>\n<p>2- Epidemiolog\u00eda de las infecciones de transmisi\u00f3n sexual.<\/p>\n<p>Objetivos<\/p>\n<p>\u00a0\u00a0\u00a0 Lograr conocimiento acerca de las enfermedades emergentes, reemergente y las infecciones de transmisi\u00f3n sexual.<\/p>\n<p>\u00a0\u00a0\u00a0 Incorporar destrezas en el manejo del m\u00e9todo epidemiol\u00f3gico de estas enfermedades.<\/p>\n<p>\u00a0\u00a0\u00a0 Lograr habilidades en la din\u00e1mica de los problemas de salud y poner en marcha acciones preventivas entre los distintos momentos de ese proceso.<\/p>\n<p>Disertante: <\/p>\n<p>Dra Nora Glastein. M\u00e9dica cirujana diplomada en Salud Publica y Epidemiologia.<\/p>\n<p><img loading=\"lazy\" decoding=\"async\" class=\" size-full wp-image-4054\" src=\"https:\/\/colmedicosantafe1.org.ar\/wp-content\/uploads\/2024\/06\/Dra-Nora-Glastein.png\" alt=\"\" width=\"97\" height=\"133\" srcset=\"https:\/\/colmedicosantafe1.org.ar\/wp-content\/uploads\/2024\/06\/Dra-Nora-Glastein.png 238w, https:\/\/colmedicosantafe1.org.ar\/wp-content\/uploads\/2024\/06\/Dra-Nora-Glastein-219x300.png 219w\" sizes=\"auto, (max-width: 97px) 100vw, 97px\" \/><\/p>\n<p>&#8220;M\u00e9dica Cirujana&#8221; otorgado por la Facultad de Ciencias M\u00e9dicas.UNC 1982.<\/p>\n<p>&#8220;Diplomado en Salud P\u00fablica&#8221; expedido por la Facultad de Ciencias M\u00e9dicas de la Universidad Nacional de C\u00f3rdoba. 1985.<\/p>\n<p>&#8220;Diplomado en Epidemiolog\u00eda&#8221; expedido la Universidad Nacional de La Rioja, con fecha de egreso en Diciembre de 2008.<\/p>\n<p>&#8220;Especialista en Docencia Universitaria&#8221; expedido por la UTN C\u00f3rdoba. 2010.<\/p>\n<p>&#8220;Especialista en Epidemiolog\u00eda de Campo&#8221; organizado por la Universidad Nacional de Tucum\u00e1n y Ministerio de Salud de Naci\u00f3n, con fecha de examen final en febrero de 2011.<\/p>\n<p>&#8220;Magister en Drogadependencia&#8221; otorgado por la Facultad de Ciencias M\u00e9dicas de la UNC. Septiembre 2014.<\/p>\n<p>&#8220;Especialista en Epidemiolog\u00eda General&#8221; organizado por la Escuela<\/p>\n<p>de Salud P\u00fablica de la Facultad de Ciencias M\u00e9dicas de la Universidad<\/p>\n<p>Universidad Nacional de C\u00f3rdoba. 2014<\/p>\n<p>Certificado de Curso de Ingl\u00e9s M\u00e9dico (traducci\u00f3n Nivel I-a<\/p>\n<p>distancia), Ciencias de la Salud de la Facultad de Ciencias M\u00e9dicas. 2008.<\/p>\n<p>&#8220;Diplomado en Educaci\u00f3n para la Salud y Desarrollo Integral&#8221;, organizado por el Grupo Congreso y el Congreso de Educaci\u00f3n, auspiciado por Ministerio de Educaci\u00f3n de Naci\u00f3n, Ministerio de Educaci\u00f3n de la Provincia de San Juan y Municipalidad de C\u00f3rdoba. Julio 2015.<\/p>\n<p>&#8220;Diplomado en Educaci\u00f3n Ambiental&#8221;, organizado por el Grupo Congreso y el Congreso de Educaci\u00f3n, auspiciado por Ministerio de Educaci\u00f3n de Naci\u00f3n, Ministerio de Educaci\u00f3n de la Provincia de San Juan y Municipalidad de C\u00f3rdoba. Mayo 2016<\/p>\n<p>Docente Universitario desde 1983, continuando a la fecha<\/p>\n<p>Presidente de la Sociedad de Epidemiolog\u00eda de C\u00f3rdoba<\/p>\n<p>Presidente de la Sociedad de Salud P\u00fablica de C\u00f3rdoba<\/p>\n<p>Coordinadora del Comit\u00e9 de Epidemiolog\u00eda de la Direcci\u00f3n General de Atenci\u00f3n Primaria de la Salud.<\/p>\n<p>Autora de libros y cap\u00edtulos de libros<\/p>\n<p>Directora de diversas tesis de Magister<\/p>\n","protected":false},"excerpt":{"rendered":"<p>Los lunes 7 y 14 de octubre a las 20hs, el Colegio de M\u00e9dicos de Santa Fe invita a una serie de\u00a0 webinars\u00a0 donde se abordar\u00e1n los siguientes temas: 1- Enfermedades emergentes y reemergentes y 2- Epidemiolog\u00eda de las infecciones de transmisi\u00f3n sexual.\u00a0 La disertaci\u00f3n estar\u00e1 a cargo de la Dra Nora Glastein, m\u00e9dica cirujana [&hellip;]<\/p>\n","protected":false},"author":1,"featured_media":4053,"comment_status":"open","ping_status":"open","sticky":true,"template":"","format":"standard","meta":{"_uag_custom_page_level_css":"","_jetpack_memberships_contains_paid_content":false,"footnotes":""},"categories":[30],"tags":[],"class_list":["post-4055","post","type-post","status-publish","format-standard","has-post-thumbnail","hentry","category-cursos"],"jetpack_sharing_enabled":true,"jetpack_featured_media_url":"https:\/\/colmedicosantafe1.org.ar\/wp-content\/uploads\/2024\/06\/webinario-enf-emerg.png","uagb_featured_image_src":{"full":["https:\/\/colmedicosantafe1.org.ar\/wp-content\/uploads\/2024\/06\/webinario-enf-emerg.png",612,408,false],"thumbnail":["https:\/\/colmedicosantafe1.org.ar\/wp-content\/uploads\/2024\/06\/webinario-enf-emerg-150x150.png",150,150,true],"medium":["https:\/\/colmedicosantafe1.org.ar\/wp-content\/uploads\/2024\/06\/webinario-enf-emerg-300x200.png",300,200,true],"medium_large":["https:\/\/colmedicosantafe1.org.ar\/wp-content\/uploads\/2024\/06\/webinario-enf-emerg.png",612,408,false],"large":["https:\/\/colmedicosantafe1.org.ar\/wp-content\/uploads\/2024\/06\/webinario-enf-emerg.png",612,408,false],"1536x1536":["https:\/\/colmedicosantafe1.org.ar\/wp-content\/uploads\/2024\/06\/webinario-enf-emerg.png",612,408,false],"2048x2048":["https:\/\/colmedicosantafe1.org.ar\/wp-content\/uploads\/2024\/06\/webinario-enf-emerg.png",612,408,false]},"uagb_author_info":{"display_name":"admin","author_link":"https:\/\/colmedicosantafe1.org.ar\/?author=1"},"uagb_comment_info":0,"uagb_excerpt":"Los lunes 7 y 14 de octubre a las 20hs, el Colegio de M\u00e9dicos de Santa Fe invita a una serie de\u00a0 webinars\u00a0 donde se abordar\u00e1n los siguientes temas: 1- Enfermedades emergentes y reemergentes y 2- Epidemiolog\u00eda de las infecciones de transmisi\u00f3n sexual.\u00a0 La disertaci\u00f3n estar\u00e1 a cargo de la Dra Nora Glastein, m\u00e9dica cirujana&hellip;","_links":{"self":[{"href":"https:\/\/colmedicosantafe1.org.ar\/index.php?rest_route=\/wp\/v2\/posts\/4055","targetHints":{"allow":["GET"]}}],"collection":[{"href":"https:\/\/colmedicosantafe1.org.ar\/index.php?rest_route=\/wp\/v2\/posts"}],"about":[{"href":"https:\/\/colmedicosantafe1.org.ar\/index.php?rest_route=\/wp\/v2\/types\/post"}],"author":[{"embeddable":true,"href":"https:\/\/colmedicosantafe1.org.ar\/index.php?rest_route=\/wp\/v2\/users\/1"}],"replies":[{"embeddable":true,"href":"https:\/\/colmedicosantafe1.org.ar\/index.php?rest_route=%2Fwp%2Fv2%2Fcomments&post=4055"}],"version-history":[{"count":0,"href":"https:\/\/colmedicosantafe1.org.ar\/index.php?rest_route=\/wp\/v2\/posts\/4055\/revisions"}],"wp:featuredmedia":[{"embeddable":true,"href":"https:\/\/colmedicosantafe1.org.ar\/index.php?rest_route=\/wp\/v2\/media\/4053"}],"wp:attachment":[{"href":"https:\/\/colmedicosantafe1.org.ar\/index.php?rest_route=%2Fwp%2Fv2%2Fmedia&parent=4055"}],"wp:term":[{"taxonomy":"category","embeddable":true,"href":"https:\/\/colmedicosantafe1.org.ar\/index.php?rest_route=%2Fwp%2Fv2%2Fcategories&post=4055"},{"taxonomy":"post_tag","embeddable":true,"href":"https:\/\/colmedicosantafe1.org.ar\/index.php?rest_route=%2Fwp%2Fv2%2Ftags&post=4055"}],"curies":[{"name":"wp","href":"https:\/\/api.w.org\/{rel}","templated":true}]}}