{"id":4050,"date":"2024-06-26T22:29:05","date_gmt":"2024-06-27T01:29:05","guid":{"rendered":"https:\/\/cmsf.org.ar\/sitio\/?p=4050"},"modified":"2024-06-26T22:29:05","modified_gmt":"2024-06-27T01:29:05","slug":"curso-via-aerea","status":"publish","type":"post","link":"https:\/\/colmedicosantafe1.org.ar\/?p=4050","title":{"rendered":"Curso de V\u00eda A\u00e9rea en la Emergencia"},"content":{"rendered":"<p><img loading=\"lazy\" decoding=\"async\" class=\"pull-left size-full wp-image-4049\" style=\"margin: 5px;\" src=\"https:\/\/colmedicosantafe1.org.ar\/wp-content\/uploads\/2024\/06\/curso-via-aerea.png\" width=\"200\" height=\"130\" \/>El jueves 21, viernes 22 y s\u00e1bado 23 de noviembre, se llevar\u00e1 a cabo en Reconquista el Curso de V\u00eda A\u00e9rea en la Emergencia, organizado por el Colegio de M\u00e9dicos de Santa Fe de la 1ra Circunscripci\u00f3n. Este curso est\u00e1 coordinado por el Dr. Arturo Serrano, y el Dr. Fabi\u00e1n Nuzzarello.<\/p>\n<p><a href=\"https:\/\/forms.gle\/f7sBAtu36VNRdgkx7\" target=\"_blank\" rel=\"noopener noreferrer\">Formulario de Inscripci\u00f3n.<\/a><\/p>\n<p><!--more--><\/p>\n<p>\u00a0<\/p>\n<p>\u00a0<\/p>\n<p>Entre los disertantes se encuentran Horacio Locatelli, Emilio Scarinci, Alejandro Manzur, Luciano Gandini y Janina Marta Lebus. El programa abordar\u00e1 la gesti\u00f3n de la v\u00eda a\u00e9rea en diversas situaciones de emergencia, tanto en adultos como en ni\u00f1os.<\/p>\n<p>La modalidad del curso ser\u00e1 presencial, con una duraci\u00f3n de tres d\u00edas consecutivos e intensivos. Se desarrollar\u00e1 en el Centro Cultural la estaci\u00f3n de Reconquista.<\/p>\n<p>La inscripci\u00f3n es gratuita para los m\u00e9dicos que cumplan con los requisitos establecidos (Incluye break y diploma), tiene una carga horaria de 48 horas, con examen final.<\/p>\n<p>DESTINATARIOS<\/p>\n<p>Integrantes del Equipo de Salud que se encuentren desarrollando tareas en servicios de urgencias y emergencias a nivel hospitalario, SAMCOS y servicios pre hospitalarios. Personal de Enfermer\u00eda que haya realizado Cursos de Emergencias y Egresados de la Tecnicatura Universitaria de Emergencia Rescate y Trauma.<\/p>\n<p>OBJETIVOS DEL CURSO<\/p>\n<p>Objetivos Generales:<\/p>\n<p>\u00a0\u00a0\u00a0 Comprender la evaluaci\u00f3n y seguridad de la v\u00eda a\u00e9rea.<\/p>\n<p>\u00a0\u00a0\u00a0 Actualizar conceptos de v\u00eda a\u00e9rea en emergencias para todo el equipo de salud.<\/p>\n<p>\u00a0\u00a0\u00a0 Desarrollar estrategias y procedimientos para un manejo seguro en diversas situaciones.<\/p>\n<p>\u00a0\u00a0\u00a0 Mejorar la eficacia y eficiencia de los servicios de emergencias.<\/p>\n<p>\u00a0\u00a0\u00a0 Optimizar respuestas ante problemas comunitarios.<\/p>\n<p>Objetivos Espec\u00edficos:<\/p>\n<p>\u00a0\u00a0\u00a0 Conocer el material necesario, incluso en lugares de baja complejidad.<\/p>\n<p>\u00a0\u00a0\u00a0 Fomentar el entrenamiento interdisciplinario para una correcta interpretaci\u00f3n de acciones en distintos escenarios.<\/p>\n<p>\u00a0\u00a0\u00a0 Reconocer la importancia de la ergonom\u00eda para el operador y el paciente.<\/p>\n<p>\u00a0\u00a0\u00a0 Identificar peligros y amenazas en procedimientos de v\u00eda a\u00e9rea.<\/p>\n<p>\u00a0\u00a0\u00a0 Manejar errores y amenazas, enfoc\u00e1ndose en su contenci\u00f3n y mitigaci\u00f3n.<\/p>\n<p>\u00a0\u00a0\u00a0 Capacitar a m\u00e9dicos en la gesti\u00f3n de la v\u00eda a\u00e9rea en emergencias.<\/p>\n<p>\u00a0\u00a0\u00a0 Aprender a gestionar la v\u00eda a\u00e9rea en situaciones poco frecuentes.<\/p>\n<p>\u00a0\u00a0\u00a0 Desarrollar competencias en el personal de emergencias para una adecuada oxigenaci\u00f3n del paciente cr\u00edtico.<\/p>\n<p>REQUISITOS DE ADMISI\u00d3N <\/p>\n<p>Documentaci\u00f3n obligatoria:<\/p>\n<p>\u00a0\u00a0\u00a0 Certificaci\u00f3n que justifique el desempe\u00f1o en situaciones de emergencia y formen parte del Equipo de Salud.<\/p>\n<p>\u00a0\u00a0\u00a0 Copia del DNI<\/p>\n<p>\u00a0\u00a0\u00a0 Copia del t\u00edtulo profesional<\/p>\n<p>\u00a0\u00a0\u00a0 Resumen de 1 carilla del CV.<\/p>\n<p>PROGRAMA<\/p>\n<p>Anatom\u00eda funcional aplicada. Posicionamiento del paciente. Roles de los integrantes. <\/p>\n<p>Preparaci\u00f3n y Organizaci\u00f3n del Material. Reconocimiento del mismo. Check List. Procedimientos b\u00e1sicos en la V\u00eda A\u00e9rea: &#8220;con poco se puede hacer mucho&#8221;. <\/p>\n<p>V\u00eda A\u00e9rea Pedi\u00e1trica. <\/p>\n<p>Predictores de Dificultad de V\u00eda A\u00e9rea.<\/p>\n<p>Dispositivos Supragl\u00f3ticos y Retro Gl\u00f3ticos. <\/p>\n<p>Ventilaci\u00f3n de alto flujo. <\/p>\n<p>Secuencia R\u00e1pida de Intubaci\u00f3n o Intubaci\u00f3n ayudada por drogas. <\/p>\n<p>TALLERES DE V\u00cdA A\u00c9REA B\u00c1SICA (Check List, Maniobras de Apertura de v\u00edas a\u00e9reas y aspiraci\u00f3n; c\u00e1nulas nasofar\u00edngeas y orofar\u00edngeas; preparaci\u00f3n del material; Mascarilla Facial y posicionamiento del paciente).<\/p>\n","protected":false},"excerpt":{"rendered":"<p>El jueves 21, viernes 22 y s\u00e1bado 23 de noviembre, se llevar\u00e1 a cabo en Reconquista el Curso de V\u00eda A\u00e9rea en la Emergencia, organizado por el Colegio de M\u00e9dicos de Santa Fe de la 1ra Circunscripci\u00f3n. Este curso est\u00e1 coordinado por el Dr. Arturo Serrano, y el Dr. Fabi\u00e1n Nuzzarello. Formulario de Inscripci\u00f3n.<\/p>\n","protected":false},"author":1,"featured_media":4049,"comment_status":"open","ping_status":"open","sticky":true,"template":"","format":"standard","meta":{"_uag_custom_page_level_css":"","_jetpack_memberships_contains_paid_content":false,"footnotes":""},"categories":[30],"tags":[],"class_list":["post-4050","post","type-post","status-publish","format-standard","has-post-thumbnail","hentry","category-cursos"],"jetpack_sharing_enabled":true,"jetpack_featured_media_url":"https:\/\/colmedicosantafe1.org.ar\/wp-content\/uploads\/2024\/06\/curso-via-aerea.png","uagb_featured_image_src":{"full":["https:\/\/colmedicosantafe1.org.ar\/wp-content\/uploads\/2024\/06\/curso-via-aerea.png",1000,667,false],"thumbnail":["https:\/\/colmedicosantafe1.org.ar\/wp-content\/uploads\/2024\/06\/curso-via-aerea-150x150.png",150,150,true],"medium":["https:\/\/colmedicosantafe1.org.ar\/wp-content\/uploads\/2024\/06\/curso-via-aerea-300x200.png",300,200,true],"medium_large":["https:\/\/colmedicosantafe1.org.ar\/wp-content\/uploads\/2024\/06\/curso-via-aerea-768x512.png",768,512,true],"large":["https:\/\/colmedicosantafe1.org.ar\/wp-content\/uploads\/2024\/06\/curso-via-aerea.png",1000,667,false],"1536x1536":["https:\/\/colmedicosantafe1.org.ar\/wp-content\/uploads\/2024\/06\/curso-via-aerea.png",1000,667,false],"2048x2048":["https:\/\/colmedicosantafe1.org.ar\/wp-content\/uploads\/2024\/06\/curso-via-aerea.png",1000,667,false]},"uagb_author_info":{"display_name":"admin","author_link":"https:\/\/colmedicosantafe1.org.ar\/?author=1"},"uagb_comment_info":0,"uagb_excerpt":"El jueves 21, viernes 22 y s\u00e1bado 23 de noviembre, se llevar\u00e1 a cabo en Reconquista el Curso de V\u00eda A\u00e9rea en la Emergencia, organizado por el Colegio de M\u00e9dicos de Santa Fe de la 1ra Circunscripci\u00f3n. Este curso est\u00e1 coordinado por el Dr. Arturo Serrano, y el Dr. Fabi\u00e1n Nuzzarello. Formulario de Inscripci\u00f3n.","_links":{"self":[{"href":"https:\/\/colmedicosantafe1.org.ar\/index.php?rest_route=\/wp\/v2\/posts\/4050","targetHints":{"allow":["GET"]}}],"collection":[{"href":"https:\/\/colmedicosantafe1.org.ar\/index.php?rest_route=\/wp\/v2\/posts"}],"about":[{"href":"https:\/\/colmedicosantafe1.org.ar\/index.php?rest_route=\/wp\/v2\/types\/post"}],"author":[{"embeddable":true,"href":"https:\/\/colmedicosantafe1.org.ar\/index.php?rest_route=\/wp\/v2\/users\/1"}],"replies":[{"embeddable":true,"href":"https:\/\/colmedicosantafe1.org.ar\/index.php?rest_route=%2Fwp%2Fv2%2Fcomments&post=4050"}],"version-history":[{"count":0,"href":"https:\/\/colmedicosantafe1.org.ar\/index.php?rest_route=\/wp\/v2\/posts\/4050\/revisions"}],"wp:featuredmedia":[{"embeddable":true,"href":"https:\/\/colmedicosantafe1.org.ar\/index.php?rest_route=\/wp\/v2\/media\/4049"}],"wp:attachment":[{"href":"https:\/\/colmedicosantafe1.org.ar\/index.php?rest_route=%2Fwp%2Fv2%2Fmedia&parent=4050"}],"wp:term":[{"taxonomy":"category","embeddable":true,"href":"https:\/\/colmedicosantafe1.org.ar\/index.php?rest_route=%2Fwp%2Fv2%2Fcategories&post=4050"},{"taxonomy":"post_tag","embeddable":true,"href":"https:\/\/colmedicosantafe1.org.ar\/index.php?rest_route=%2Fwp%2Fv2%2Ftags&post=4050"}],"curies":[{"name":"wp","href":"https:\/\/api.w.org\/{rel}","templated":true}]}}