{"id":4047,"date":"2024-06-26T22:29:05","date_gmt":"2024-06-27T01:29:05","guid":{"rendered":"https:\/\/cmsf.org.ar\/sitio\/?p=4047"},"modified":"2024-06-26T22:29:05","modified_gmt":"2024-06-27T01:29:05","slug":"jornada-residentes-cullen","status":"publish","type":"post","link":"https:\/\/colmedicosantafe1.org.ar\/?p=4047","title":{"rendered":"Primera Jornada de Residentes del Hospital JM Cullen: Un Espacio para el Aprendizaje y la Colaboraci\u00f3n Interdisciplinaria"},"content":{"rendered":"<p><img loading=\"lazy\" decoding=\"async\" class=\"pull-left size-full wp-image-4046\" style=\"margin: 5px;\" src=\"https:\/\/colmedicosantafe1.org.ar\/wp-content\/uploads\/2024\/06\/1er-jornada-residentes-2024.jpeg\" width=\"200\" height=\"130\" srcset=\"https:\/\/colmedicosantafe1.org.ar\/wp-content\/uploads\/2024\/06\/1er-jornada-residentes-2024.jpeg 1198w, https:\/\/colmedicosantafe1.org.ar\/wp-content\/uploads\/2024\/06\/1er-jornada-residentes-2024-300x195.jpeg 300w, https:\/\/colmedicosantafe1.org.ar\/wp-content\/uploads\/2024\/06\/1er-jornada-residentes-2024-1024x667.jpeg 1024w, https:\/\/colmedicosantafe1.org.ar\/wp-content\/uploads\/2024\/06\/1er-jornada-residentes-2024-768x500.jpeg 768w\" sizes=\"auto, (max-width: 200px) 100vw, 200px\" \/>El pasado lunes 23 de septiembre, el Hospital JM Cullen llev\u00f3 a cabo su Primera Jornada de Residentes en el auditorio central, conmemorando el D\u00eda del Residente. Este evento se transform\u00f3 en un valioso espacio de formaci\u00f3n, donde m\u00e9dicos en formaci\u00f3n, estudiantes de pregrado, m\u00e9dicos de planta y jefes de diversos servicios se unieron para intercambiar conocimientos y experiencias.<\/p>\n<p><!--more--><\/p>\n<p>\u00a0<\/p>\n<p>\u00a0<\/p>\n<p>La jornada fue dise\u00f1ada y organizada por un comit\u00e9 de m\u00e9dicos residentes, liderado por el Dr. Rudolf Joaqu\u00edn, Jefe de Residentes de Cirug\u00eda General, y el Dr. Agust\u00edn Vignatti, Jefe de Residentes de Cardiolog\u00eda. La realizaci\u00f3n del evento cont\u00f3 con el apoyo del Dr. Moroni, Director del Hospital, y la Dra. Reyt, Jefa de Docencia e Investigaci\u00f3n.<\/p>\n<p>Durante la jornada, se llevaron a cabo exposiciones de los servicios de Cirug\u00eda General y Mixta, Cardiolog\u00eda, Urolog\u00eda, Traumatolog\u00eda, Cl\u00ednica M\u00e9dica, Obstetricia, Neurolog\u00eda y Terapia Intensiva. A trav\u00e9s de la presentaci\u00f3n de casos cl\u00ednicos y discusiones interactivas, los participantes exploraron diversas tem\u00e1ticas relacionadas con el manejo diario de los pacientes, enfatizando la importancia de la colaboraci\u00f3n interdisciplinaria en el \u00e1mbito de la salud.<\/p>\n<p>El evento tambi\u00e9n cont\u00f3 con la presencia del intendente de la ciudad, Dr. Poletti, exdirector y ex residente del hospital, quien subray\u00f3 la relevancia de la formaci\u00f3n continua y el trabajo en equipo para mejorar la atenci\u00f3n sanitaria. Los residentes y m\u00e9dicos en formaci\u00f3n tuvieron la oportunidad de interactuar y aprender de profesionales experimentados, fomentando un entorno enriquecedor y din\u00e1mico.<\/p>\n<p>Esta jornada no solo reafirm\u00f3 el compromiso del Hospital JM Cullen con la educaci\u00f3n m\u00e9dica, sino que tambi\u00e9n destac\u00f3 el papel fundamental que desempe\u00f1an los residentes en el futuro del sistema de salud<\/p>\n","protected":false},"excerpt":{"rendered":"<p>El pasado lunes 23 de septiembre, el Hospital JM Cullen llev\u00f3 a cabo su Primera Jornada de Residentes en el auditorio central, conmemorando el D\u00eda del Residente. Este evento se transform\u00f3 en un valioso espacio de formaci\u00f3n, donde m\u00e9dicos en formaci\u00f3n, estudiantes de pregrado, m\u00e9dicos de planta y jefes de diversos servicios se unieron para [&hellip;]<\/p>\n","protected":false},"author":1,"featured_media":4046,"comment_status":"open","ping_status":"open","sticky":true,"template":"","format":"standard","meta":{"_uag_custom_page_level_css":"","_jetpack_memberships_contains_paid_content":false,"footnotes":""},"categories":[30],"tags":[],"class_list":["post-4047","post","type-post","status-publish","format-standard","has-post-thumbnail","hentry","category-cursos"],"jetpack_sharing_enabled":true,"jetpack_featured_media_url":"https:\/\/colmedicosantafe1.org.ar\/wp-content\/uploads\/2024\/06\/1er-jornada-residentes-2024.jpeg","uagb_featured_image_src":{"full":["https:\/\/colmedicosantafe1.org.ar\/wp-content\/uploads\/2024\/06\/1er-jornada-residentes-2024.jpeg",1198,780,false],"thumbnail":["https:\/\/colmedicosantafe1.org.ar\/wp-content\/uploads\/2024\/06\/1er-jornada-residentes-2024-150x150.jpeg",150,150,true],"medium":["https:\/\/colmedicosantafe1.org.ar\/wp-content\/uploads\/2024\/06\/1er-jornada-residentes-2024-300x195.jpeg",300,195,true],"medium_large":["https:\/\/colmedicosantafe1.org.ar\/wp-content\/uploads\/2024\/06\/1er-jornada-residentes-2024-768x500.jpeg",768,500,true],"large":["https:\/\/colmedicosantafe1.org.ar\/wp-content\/uploads\/2024\/06\/1er-jornada-residentes-2024-1024x667.jpeg",1024,667,true],"1536x1536":["https:\/\/colmedicosantafe1.org.ar\/wp-content\/uploads\/2024\/06\/1er-jornada-residentes-2024.jpeg",1198,780,false],"2048x2048":["https:\/\/colmedicosantafe1.org.ar\/wp-content\/uploads\/2024\/06\/1er-jornada-residentes-2024.jpeg",1198,780,false]},"uagb_author_info":{"display_name":"admin","author_link":"https:\/\/colmedicosantafe1.org.ar\/?author=1"},"uagb_comment_info":0,"uagb_excerpt":"El pasado lunes 23 de septiembre, el Hospital JM Cullen llev\u00f3 a cabo su Primera Jornada de Residentes en el auditorio central, conmemorando el D\u00eda del Residente. Este evento se transform\u00f3 en un valioso espacio de formaci\u00f3n, donde m\u00e9dicos en formaci\u00f3n, estudiantes de pregrado, m\u00e9dicos de planta y jefes de diversos servicios se unieron para&hellip;","_links":{"self":[{"href":"https:\/\/colmedicosantafe1.org.ar\/index.php?rest_route=\/wp\/v2\/posts\/4047","targetHints":{"allow":["GET"]}}],"collection":[{"href":"https:\/\/colmedicosantafe1.org.ar\/index.php?rest_route=\/wp\/v2\/posts"}],"about":[{"href":"https:\/\/colmedicosantafe1.org.ar\/index.php?rest_route=\/wp\/v2\/types\/post"}],"author":[{"embeddable":true,"href":"https:\/\/colmedicosantafe1.org.ar\/index.php?rest_route=\/wp\/v2\/users\/1"}],"replies":[{"embeddable":true,"href":"https:\/\/colmedicosantafe1.org.ar\/index.php?rest_route=%2Fwp%2Fv2%2Fcomments&post=4047"}],"version-history":[{"count":0,"href":"https:\/\/colmedicosantafe1.org.ar\/index.php?rest_route=\/wp\/v2\/posts\/4047\/revisions"}],"wp:featuredmedia":[{"embeddable":true,"href":"https:\/\/colmedicosantafe1.org.ar\/index.php?rest_route=\/wp\/v2\/media\/4046"}],"wp:attachment":[{"href":"https:\/\/colmedicosantafe1.org.ar\/index.php?rest_route=%2Fwp%2Fv2%2Fmedia&parent=4047"}],"wp:term":[{"taxonomy":"category","embeddable":true,"href":"https:\/\/colmedicosantafe1.org.ar\/index.php?rest_route=%2Fwp%2Fv2%2Fcategories&post=4047"},{"taxonomy":"post_tag","embeddable":true,"href":"https:\/\/colmedicosantafe1.org.ar\/index.php?rest_route=%2Fwp%2Fv2%2Ftags&post=4047"}],"curies":[{"name":"wp","href":"https:\/\/api.w.org\/{rel}","templated":true}]}}