{"id":4043,"date":"2024-06-26T22:29:05","date_gmt":"2024-06-27T01:29:05","guid":{"rendered":"https:\/\/cmsf.org.ar\/sitio\/?p=4043"},"modified":"2024-06-26T22:29:05","modified_gmt":"2024-06-27T01:29:05","slug":"curso-rcp-veteranos","status":"publish","type":"post","link":"https:\/\/colmedicosantafe1.org.ar\/?p=4043","title":{"rendered":"Curso de RCP orientado a la comunidad \u2013 Agrupaci\u00f3n 2 de Abril Veteranos de guerra."},"content":{"rendered":"<p><img loading=\"lazy\" decoding=\"async\" class=\"pull-left size-full wp-image-4042\" style=\"margin: 5px;\" src=\"https:\/\/colmedicosantafe1.org.ar\/wp-content\/uploads\/2024\/06\/Rcp-agrupacion-2-de-abril.jpeg\" width=\"200\" height=\"130\" srcset=\"https:\/\/colmedicosantafe1.org.ar\/wp-content\/uploads\/2024\/06\/Rcp-agrupacion-2-de-abril.jpeg 1278w, https:\/\/colmedicosantafe1.org.ar\/wp-content\/uploads\/2024\/06\/Rcp-agrupacion-2-de-abril-300x195.jpeg 300w, https:\/\/colmedicosantafe1.org.ar\/wp-content\/uploads\/2024\/06\/Rcp-agrupacion-2-de-abril-1024x667.jpeg 1024w, https:\/\/colmedicosantafe1.org.ar\/wp-content\/uploads\/2024\/06\/Rcp-agrupacion-2-de-abril-768x500.jpeg 768w\" sizes=\"auto, (max-width: 200px) 100vw, 200px\" \/>El pasado mi\u00e9rcoles 18 de septiembre, se realiz\u00f3 una nueva edici\u00f3n del curso de Reanimaci\u00f3n Cardio Pulmonar (RCP) titulado &#8220;Comprometidos con la vida&#8221;. Este taller, que cont\u00f3 con una destacada concurrencia, tuvo lugar en la sede de V\u00e9lez Sarsfield de la Agrupaci\u00f3n 2 de abril, donde participaron veteranos de guerra y sus familias.<\/p>\n<p><!--more--><\/p>\n<p>\u00a0<\/p>\n<p>\u00a0<\/p>\n<p>El Colegio de M\u00e9dicos de Santa Fe contin\u00faa impulsando este curso b\u00e1sico de RCP, orientado a la comunidad, con el objetivo de fomentar un mayor conocimiento y compromiso solidario en situaciones de emergencia.<\/p>\n<p>La actividad fue organizada por V\u00edctor Hermosi y Lia Castillo, de la Secretar\u00eda de RCP y Prevenci\u00f3n de Muerte S\u00fabita de la FAC, quienes invitaron al colegio como colaborador.<\/p>\n<p>El Dr. Julio Rico fue el encargado de dictar el taller, compartiendo sus valiosos conocimientos, respondiendo a las inquietudes de los asistentes y ofreciendo un entrenamiento pr\u00e1ctico en RCP para adultos.<\/p>\n<p>INFORMES (para Cursos de RCP gratuitos a la comunidad)<br \/>Comisi\u00f3n de Educaci\u00f3n M\u00e9dica de Posgrado.<br \/>Colegio de M\u00e9dicos de Santa Fe 1\u00b0 Circunscripci\u00f3n &#8211; 9 de Julio 2464 \u2013 Santa Fe.<br \/>Tel\u00e9fono: 0342-4520176 Interno 7.<br \/>Correo: marianam@cmsf.org.ar<\/p>\n","protected":false},"excerpt":{"rendered":"<p>El pasado mi\u00e9rcoles 18 de septiembre, se realiz\u00f3 una nueva edici\u00f3n del curso de Reanimaci\u00f3n Cardio Pulmonar (RCP) titulado &#8220;Comprometidos con la vida&#8221;. Este taller, que cont\u00f3 con una destacada concurrencia, tuvo lugar en la sede de V\u00e9lez Sarsfield de la Agrupaci\u00f3n 2 de abril, donde participaron veteranos de guerra y sus familias.<\/p>\n","protected":false},"author":1,"featured_media":4042,"comment_status":"open","ping_status":"open","sticky":true,"template":"","format":"standard","meta":{"_uag_custom_page_level_css":"","_jetpack_memberships_contains_paid_content":false,"footnotes":""},"categories":[30],"tags":[],"class_list":["post-4043","post","type-post","status-publish","format-standard","has-post-thumbnail","hentry","category-cursos"],"jetpack_sharing_enabled":true,"jetpack_featured_media_url":"https:\/\/colmedicosantafe1.org.ar\/wp-content\/uploads\/2024\/06\/Rcp-agrupacion-2-de-abril.jpeg","uagb_featured_image_src":{"full":["https:\/\/colmedicosantafe1.org.ar\/wp-content\/uploads\/2024\/06\/Rcp-agrupacion-2-de-abril.jpeg",1278,832,false],"thumbnail":["https:\/\/colmedicosantafe1.org.ar\/wp-content\/uploads\/2024\/06\/Rcp-agrupacion-2-de-abril-150x150.jpeg",150,150,true],"medium":["https:\/\/colmedicosantafe1.org.ar\/wp-content\/uploads\/2024\/06\/Rcp-agrupacion-2-de-abril-300x195.jpeg",300,195,true],"medium_large":["https:\/\/colmedicosantafe1.org.ar\/wp-content\/uploads\/2024\/06\/Rcp-agrupacion-2-de-abril-768x500.jpeg",768,500,true],"large":["https:\/\/colmedicosantafe1.org.ar\/wp-content\/uploads\/2024\/06\/Rcp-agrupacion-2-de-abril-1024x667.jpeg",1024,667,true],"1536x1536":["https:\/\/colmedicosantafe1.org.ar\/wp-content\/uploads\/2024\/06\/Rcp-agrupacion-2-de-abril.jpeg",1278,832,false],"2048x2048":["https:\/\/colmedicosantafe1.org.ar\/wp-content\/uploads\/2024\/06\/Rcp-agrupacion-2-de-abril.jpeg",1278,832,false]},"uagb_author_info":{"display_name":"admin","author_link":"https:\/\/colmedicosantafe1.org.ar\/?author=1"},"uagb_comment_info":0,"uagb_excerpt":"El pasado mi\u00e9rcoles 18 de septiembre, se realiz\u00f3 una nueva edici\u00f3n del curso de Reanimaci\u00f3n Cardio Pulmonar (RCP) titulado &#8220;Comprometidos con la vida&#8221;. Este taller, que cont\u00f3 con una destacada concurrencia, tuvo lugar en la sede de V\u00e9lez Sarsfield de la Agrupaci\u00f3n 2 de abril, donde participaron veteranos de guerra y sus familias.","_links":{"self":[{"href":"https:\/\/colmedicosantafe1.org.ar\/index.php?rest_route=\/wp\/v2\/posts\/4043","targetHints":{"allow":["GET"]}}],"collection":[{"href":"https:\/\/colmedicosantafe1.org.ar\/index.php?rest_route=\/wp\/v2\/posts"}],"about":[{"href":"https:\/\/colmedicosantafe1.org.ar\/index.php?rest_route=\/wp\/v2\/types\/post"}],"author":[{"embeddable":true,"href":"https:\/\/colmedicosantafe1.org.ar\/index.php?rest_route=\/wp\/v2\/users\/1"}],"replies":[{"embeddable":true,"href":"https:\/\/colmedicosantafe1.org.ar\/index.php?rest_route=%2Fwp%2Fv2%2Fcomments&post=4043"}],"version-history":[{"count":0,"href":"https:\/\/colmedicosantafe1.org.ar\/index.php?rest_route=\/wp\/v2\/posts\/4043\/revisions"}],"wp:featuredmedia":[{"embeddable":true,"href":"https:\/\/colmedicosantafe1.org.ar\/index.php?rest_route=\/wp\/v2\/media\/4042"}],"wp:attachment":[{"href":"https:\/\/colmedicosantafe1.org.ar\/index.php?rest_route=%2Fwp%2Fv2%2Fmedia&parent=4043"}],"wp:term":[{"taxonomy":"category","embeddable":true,"href":"https:\/\/colmedicosantafe1.org.ar\/index.php?rest_route=%2Fwp%2Fv2%2Fcategories&post=4043"},{"taxonomy":"post_tag","embeddable":true,"href":"https:\/\/colmedicosantafe1.org.ar\/index.php?rest_route=%2Fwp%2Fv2%2Ftags&post=4043"}],"curies":[{"name":"wp","href":"https:\/\/api.w.org\/{rel}","templated":true}]}}