{"id":4041,"date":"2024-06-26T22:29:05","date_gmt":"2024-06-27T01:29:05","guid":{"rendered":"https:\/\/cmsf.org.ar\/sitio\/?p=4041"},"modified":"2024-06-26T22:29:05","modified_gmt":"2024-06-27T01:29:05","slug":"curso-oratoria","status":"publish","type":"post","link":"https:\/\/colmedicosantafe1.org.ar\/?p=4041","title":{"rendered":"Potencia tu Comunicaci\u00f3n con Pacientes: Curso de Oratoria en el Colegio de M\u00e9dicos"},"content":{"rendered":"<p><img loading=\"lazy\" decoding=\"async\" class=\"pull-left size-full wp-image-4040\" style=\"margin: 5px;\" src=\"https:\/\/colmedicosantafe1.org.ar\/wp-content\/uploads\/2024\/06\/curso-oratoria.jpg\" width=\"200\" height=\"130\" \/>En un esfuerzo por mejorar la calidad de la comunicaci\u00f3n entre m\u00e9dicos y pacientes, el Colegio de M\u00e9dicos anuncia un innovador curso de oratoria dise\u00f1ado para profesionales de la salud. Este programa se llevar\u00e1 a cabo los mi\u00e9rcoles 9, 15 y 22 de octubre, de 19:00 a 21:00 horas, en las instalaciones del colegio. Su objetivo es dotar a los m\u00e9dicos de herramientas efectivas para hablar en p\u00fablico y transmitir informaci\u00f3n de manera clara y emp\u00e1tica. <a href=\"https:\/\/forms.gle\/19HXU8zRSeFcpZNr7\" target=\"_blank\" rel=\"noopener noreferrer\">Formulario de inscripci\u00f3n.<\/a><\/p>\n<p><!--more--><\/p>\n<p>\u00a0<\/p>\n<p>\u00a0<\/p>\n<p>El disertante, Pablo Tibalt, es comunicador social, locutor nacional y docente. Desde 2008, imparte capacitaciones sobre c\u00f3mo hablar en p\u00fablico. <\/p>\n<p>La capacidad de comunicar de forma efectiva puede transformar la experiencia del paciente. No solo se trata de dar un diagn\u00f3stico, sino de hacer que el paciente se sienta escuchado y comprendido.<\/p>\n<p>El curso est\u00e1 dirigido a m\u00e9dicos de todas las especialidades y no requiere experiencia previa en oratoria. Las inscripciones est\u00e1n abiertas y cuentan con cupo limitado.<\/p>\n<p>Adem\u00e1s, se proporcionar\u00e1 un espacio para la pr\u00e1ctica activa, permitiendo a los participantes recibir retroalimentaci\u00f3n constructiva de sus pares y de expertos en la materia.<\/p>\n<p>Este curso es una oportunidad \u00fanica para aquellos m\u00e9dicos que desean perfeccionar su habilidad para comunicarse de manera m\u00e1s efectiva, mejorar la atenci\u00f3n al paciente y, en \u00faltima instancia, elevar la calidad del cuidado m\u00e9dico en la comunidad.<\/p>\n<p>METAS <\/p>\n<p>+ Experimentar el proceso de elaboraci\u00f3n de algunas ideas para la oralidad;<\/p>\n<p>+ Vivenciar e incorporar el &#8220;hablar en p\u00fablico&#8221;;<\/p>\n<p>+ Explorar, descubrir y desarrollar las cualidades de cada individuo para la comunicaci\u00f3n oral.<\/p>\n<p>\u00a0<\/p>\n<p>CONTENIDO<\/p>\n<p>+ Particularidades de la comunicaci\u00f3n oral: atractivo y complejidad.<\/p>\n<p>+ Valor de la estrategia comunicativa: emisor, destinatario, mensaje.<\/p>\n<p>+ Estructura de contenidos: anuncio-digo-repito.<\/p>\n<p>+ Presencia y actitud; el concepto del espejo.<\/p>\n<p>+ Comunicaci\u00f3n no verbal: elementos paraling\u00fc\u00edsticos (mirada, manos, postura, desplazamientos, gestos).<\/p>\n<p>+ Elementos del espacio: uso del escenario, atril, micr\u00f3fono, pantalla, mesas, sillas, sillones, entre otros.<\/p>\n<p>INFORMES: <\/p>\n<p>Colegio de M\u00e9dicos de Santa Fe, 1\u00aa Circunscripci\u00f3n &#8211; 9 de Julio 2464, Santa Fe.<br \/>Tel\u00e9fono: (0342) 4520176, interno 7 &#8211; Cel: +5493425289747<br \/>Correo: marianam@cmsf.org.ar<\/p>\n","protected":false},"excerpt":{"rendered":"<p>En un esfuerzo por mejorar la calidad de la comunicaci\u00f3n entre m\u00e9dicos y pacientes, el Colegio de M\u00e9dicos anuncia un innovador curso de oratoria dise\u00f1ado para profesionales de la salud. Este programa se llevar\u00e1 a cabo los mi\u00e9rcoles 9, 15 y 22 de octubre, de 19:00 a 21:00 horas, en las instalaciones del colegio. Su [&hellip;]<\/p>\n","protected":false},"author":1,"featured_media":4040,"comment_status":"open","ping_status":"open","sticky":true,"template":"","format":"standard","meta":{"_uag_custom_page_level_css":"","_jetpack_memberships_contains_paid_content":false,"footnotes":""},"categories":[30],"tags":[],"class_list":["post-4041","post","type-post","status-publish","format-standard","has-post-thumbnail","hentry","category-cursos"],"jetpack_sharing_enabled":true,"jetpack_featured_media_url":"https:\/\/colmedicosantafe1.org.ar\/wp-content\/uploads\/2024\/06\/curso-oratoria.jpg","uagb_featured_image_src":{"full":["https:\/\/colmedicosantafe1.org.ar\/wp-content\/uploads\/2024\/06\/curso-oratoria.jpg",612,429,false],"thumbnail":["https:\/\/colmedicosantafe1.org.ar\/wp-content\/uploads\/2024\/06\/curso-oratoria-150x150.jpg",150,150,true],"medium":["https:\/\/colmedicosantafe1.org.ar\/wp-content\/uploads\/2024\/06\/curso-oratoria-300x210.jpg",300,210,true],"medium_large":["https:\/\/colmedicosantafe1.org.ar\/wp-content\/uploads\/2024\/06\/curso-oratoria.jpg",612,429,false],"large":["https:\/\/colmedicosantafe1.org.ar\/wp-content\/uploads\/2024\/06\/curso-oratoria.jpg",612,429,false],"1536x1536":["https:\/\/colmedicosantafe1.org.ar\/wp-content\/uploads\/2024\/06\/curso-oratoria.jpg",612,429,false],"2048x2048":["https:\/\/colmedicosantafe1.org.ar\/wp-content\/uploads\/2024\/06\/curso-oratoria.jpg",612,429,false]},"uagb_author_info":{"display_name":"admin","author_link":"https:\/\/colmedicosantafe1.org.ar\/?author=1"},"uagb_comment_info":0,"uagb_excerpt":"En un esfuerzo por mejorar la calidad de la comunicaci\u00f3n entre m\u00e9dicos y pacientes, el Colegio de M\u00e9dicos anuncia un innovador curso de oratoria dise\u00f1ado para profesionales de la salud. Este programa se llevar\u00e1 a cabo los mi\u00e9rcoles 9, 15 y 22 de octubre, de 19:00 a 21:00 horas, en las instalaciones del colegio. Su&hellip;","_links":{"self":[{"href":"https:\/\/colmedicosantafe1.org.ar\/index.php?rest_route=\/wp\/v2\/posts\/4041","targetHints":{"allow":["GET"]}}],"collection":[{"href":"https:\/\/colmedicosantafe1.org.ar\/index.php?rest_route=\/wp\/v2\/posts"}],"about":[{"href":"https:\/\/colmedicosantafe1.org.ar\/index.php?rest_route=\/wp\/v2\/types\/post"}],"author":[{"embeddable":true,"href":"https:\/\/colmedicosantafe1.org.ar\/index.php?rest_route=\/wp\/v2\/users\/1"}],"replies":[{"embeddable":true,"href":"https:\/\/colmedicosantafe1.org.ar\/index.php?rest_route=%2Fwp%2Fv2%2Fcomments&post=4041"}],"version-history":[{"count":0,"href":"https:\/\/colmedicosantafe1.org.ar\/index.php?rest_route=\/wp\/v2\/posts\/4041\/revisions"}],"wp:featuredmedia":[{"embeddable":true,"href":"https:\/\/colmedicosantafe1.org.ar\/index.php?rest_route=\/wp\/v2\/media\/4040"}],"wp:attachment":[{"href":"https:\/\/colmedicosantafe1.org.ar\/index.php?rest_route=%2Fwp%2Fv2%2Fmedia&parent=4041"}],"wp:term":[{"taxonomy":"category","embeddable":true,"href":"https:\/\/colmedicosantafe1.org.ar\/index.php?rest_route=%2Fwp%2Fv2%2Fcategories&post=4041"},{"taxonomy":"post_tag","embeddable":true,"href":"https:\/\/colmedicosantafe1.org.ar\/index.php?rest_route=%2Fwp%2Fv2%2Ftags&post=4041"}],"curies":[{"name":"wp","href":"https:\/\/api.w.org\/{rel}","templated":true}]}}