{"id":4039,"date":"2024-06-26T22:29:05","date_gmt":"2024-06-27T01:29:05","guid":{"rendered":"https:\/\/cmsf.org.ar\/sitio\/?p=4039"},"modified":"2024-06-26T22:29:05","modified_gmt":"2024-06-27T01:29:05","slug":"dia-mundial-corazon","status":"publish","type":"post","link":"https:\/\/colmedicosantafe1.org.ar\/?p=4039","title":{"rendered":"Celebramos el D\u00eda Mundial del Coraz\u00f3n con un evento especial en la calle recreativa"},"content":{"rendered":"<p><img loading=\"lazy\" decoding=\"async\" class=\"pull-left size-full wp-image-4038\" style=\"margin: 5px;\" src=\"https:\/\/colmedicosantafe1.org.ar\/wp-content\/uploads\/2024\/06\/dia-mundial-corazon.jpg\" width=\"200\" height=\"130\" \/>En el marco del D\u00eda Mundial del Coraz\u00f3n, que se celebra el 29 de septiembre, la Municipalidad de Santa Fe , la defensor\u00eda del pueblo y la Secretar\u00eda de RCP de la Federaci\u00f3n Argentina de Cardiolog\u00eda organizan un evento especial para concientizar a la poblaci\u00f3n sobre la importancia de la salud cardiovascular. La actividad se desarrollar\u00e1 en la calle recreativa de la Costanera santafesina, el domingo 29\/09 a partir de las 9:00 horas, y contar\u00e1 con la participaci\u00f3n del Colegio de M\u00e9dicos de Santa Fe entre otras instituciones y organizaciones de salud.<\/p>\n<p><!--more--><\/p>\n<p>\u00a0<\/p>\n<p>\u00a0<\/p>\n<p>El evento incluir\u00e1 charlas informativas a cargo de profesionales de la salud, quienes abordar\u00e1n temas relacionados con la prevenci\u00f3n de enfermedades card\u00edacas, la importancia de una alimentaci\u00f3n saludable y la pr\u00e1ctica regular de actividad f\u00edsica. <\/p>\n<p>El Colegio de M\u00e9dicos\u00a0 participar\u00e1 realizando entrenamiento b\u00e1sico de uso con desfibrilaci\u00f3n externo. Abordar\u00e1 su importancia,\u00a0 funci\u00f3n y uso.(DEA)<\/p>\n<p>Adem\u00e1s, se realizar\u00e1n controles de presi\u00f3n arterial y glucosa, as\u00ed como evaluaciones de riesgo cardiovascular para los asistentes.<\/p>\n<p>La jornada tambi\u00e9n contar\u00e1 con actividades recreativas y deportivas, dise\u00f1adas para fomentar un estilo de vida activo entre los participantes. Se espera que tanto familias como personas de todas las edades se sumen a esta iniciativa, que busca promover h\u00e1bitos saludables y crear conciencia sobre la prevenci\u00f3n de enfermedades del coraz\u00f3n.<\/p>\n<p>El D\u00eda Mundial del Coraz\u00f3n es una oportunidad para recordar que la salud cardiovascular es fundamental para el bienestar general de la poblaci\u00f3n. Por eso el Colegio de M\u00e9dicos, invita a todos los ciudadanos a participar de esta jornada y a cuidar su coraz\u00f3n.<\/p>\n","protected":false},"excerpt":{"rendered":"<p>En el marco del D\u00eda Mundial del Coraz\u00f3n, que se celebra el 29 de septiembre, la Municipalidad de Santa Fe , la defensor\u00eda del pueblo y la Secretar\u00eda de RCP de la Federaci\u00f3n Argentina de Cardiolog\u00eda organizan un evento especial para concientizar a la poblaci\u00f3n sobre la importancia de la salud cardiovascular. La actividad se [&hellip;]<\/p>\n","protected":false},"author":1,"featured_media":4038,"comment_status":"open","ping_status":"open","sticky":true,"template":"","format":"standard","meta":{"_uag_custom_page_level_css":"","_jetpack_memberships_contains_paid_content":false,"footnotes":""},"categories":[30],"tags":[],"class_list":["post-4039","post","type-post","status-publish","format-standard","has-post-thumbnail","hentry","category-cursos"],"jetpack_sharing_enabled":true,"jetpack_featured_media_url":"https:\/\/colmedicosantafe1.org.ar\/wp-content\/uploads\/2024\/06\/dia-mundial-corazon.jpg","uagb_featured_image_src":{"full":["https:\/\/colmedicosantafe1.org.ar\/wp-content\/uploads\/2024\/06\/dia-mundial-corazon.jpg",612,408,false],"thumbnail":["https:\/\/colmedicosantafe1.org.ar\/wp-content\/uploads\/2024\/06\/dia-mundial-corazon-150x150.jpg",150,150,true],"medium":["https:\/\/colmedicosantafe1.org.ar\/wp-content\/uploads\/2024\/06\/dia-mundial-corazon-300x200.jpg",300,200,true],"medium_large":["https:\/\/colmedicosantafe1.org.ar\/wp-content\/uploads\/2024\/06\/dia-mundial-corazon.jpg",612,408,false],"large":["https:\/\/colmedicosantafe1.org.ar\/wp-content\/uploads\/2024\/06\/dia-mundial-corazon.jpg",612,408,false],"1536x1536":["https:\/\/colmedicosantafe1.org.ar\/wp-content\/uploads\/2024\/06\/dia-mundial-corazon.jpg",612,408,false],"2048x2048":["https:\/\/colmedicosantafe1.org.ar\/wp-content\/uploads\/2024\/06\/dia-mundial-corazon.jpg",612,408,false]},"uagb_author_info":{"display_name":"admin","author_link":"https:\/\/colmedicosantafe1.org.ar\/?author=1"},"uagb_comment_info":0,"uagb_excerpt":"En el marco del D\u00eda Mundial del Coraz\u00f3n, que se celebra el 29 de septiembre, la Municipalidad de Santa Fe , la defensor\u00eda del pueblo y la Secretar\u00eda de RCP de la Federaci\u00f3n Argentina de Cardiolog\u00eda organizan un evento especial para concientizar a la poblaci\u00f3n sobre la importancia de la salud cardiovascular. La actividad se&hellip;","_links":{"self":[{"href":"https:\/\/colmedicosantafe1.org.ar\/index.php?rest_route=\/wp\/v2\/posts\/4039","targetHints":{"allow":["GET"]}}],"collection":[{"href":"https:\/\/colmedicosantafe1.org.ar\/index.php?rest_route=\/wp\/v2\/posts"}],"about":[{"href":"https:\/\/colmedicosantafe1.org.ar\/index.php?rest_route=\/wp\/v2\/types\/post"}],"author":[{"embeddable":true,"href":"https:\/\/colmedicosantafe1.org.ar\/index.php?rest_route=\/wp\/v2\/users\/1"}],"replies":[{"embeddable":true,"href":"https:\/\/colmedicosantafe1.org.ar\/index.php?rest_route=%2Fwp%2Fv2%2Fcomments&post=4039"}],"version-history":[{"count":0,"href":"https:\/\/colmedicosantafe1.org.ar\/index.php?rest_route=\/wp\/v2\/posts\/4039\/revisions"}],"wp:featuredmedia":[{"embeddable":true,"href":"https:\/\/colmedicosantafe1.org.ar\/index.php?rest_route=\/wp\/v2\/media\/4038"}],"wp:attachment":[{"href":"https:\/\/colmedicosantafe1.org.ar\/index.php?rest_route=%2Fwp%2Fv2%2Fmedia&parent=4039"}],"wp:term":[{"taxonomy":"category","embeddable":true,"href":"https:\/\/colmedicosantafe1.org.ar\/index.php?rest_route=%2Fwp%2Fv2%2Fcategories&post=4039"},{"taxonomy":"post_tag","embeddable":true,"href":"https:\/\/colmedicosantafe1.org.ar\/index.php?rest_route=%2Fwp%2Fv2%2Ftags&post=4039"}],"curies":[{"name":"wp","href":"https:\/\/api.w.org\/{rel}","templated":true}]}}