{"id":4033,"date":"2024-06-26T22:29:05","date_gmt":"2024-06-27T01:29:05","guid":{"rendered":"https:\/\/cmsf.org.ar\/sitio\/?p=4033"},"modified":"2024-06-26T22:29:05","modified_gmt":"2024-06-27T01:29:05","slug":"webinario-trauma","status":"publish","type":"post","link":"https:\/\/colmedicosantafe1.org.ar\/?p=4033","title":{"rendered":"Webinario: Manejo inicial del Trauma. \u00bfQu\u00e9 hay de nuevo en 2024?"},"content":{"rendered":"<p><img loading=\"lazy\" decoding=\"async\" class=\"pull-left size-full wp-image-4031\" style=\"margin: 5px;\" src=\"https:\/\/colmedicosantafe1.org.ar\/wp-content\/uploads\/2024\/06\/trauma.jpg\" width=\"200\" height=\"130\" \/>El pr\u00f3ximo lunes 23 de septiembre el Colegio de M\u00e9dicos de Santa Fe organiza un encuentro webinario donde se abordar\u00e1 el tema: Manejo inicial del Trauma. \u00bfQu\u00e9 hay de nuevo en 2024? La disertaci\u00f3n estar\u00e1 a cargo del Dr. Adolfo Savia. Ser\u00e1 a trav\u00e9s de la plataforma Zoom de nuestra instituci\u00f3n. Acceso libre con inscripci\u00f3n previa en la web. <a href=\"https:\/\/us06web.zoom.us\/webinar\/register\/WN_t2MJ7R7QTSCLX8cLVTcJlw\" target=\"_blank\" rel=\"noopener noreferrer\">Formulario de inscripci\u00f3n<\/a><\/p>\n<p><!--more--><\/p>\n<p>\u00a0<\/p>\n<p>\u00a0<\/p>\n<p>El lunes 23 de septiembre, a las 20 horas, se realizar\u00e1 un encuentro webinario organizado por el Colegio de M\u00e9dicos de Santa Fe, donde se abordar\u00e1 el tema: Manejo inicial del Trauma. \u00bfQu\u00e9 hay de nuevo en 2024?<\/p>\n<p>Objetivos<\/p>\n<p>\u00a0\u00a0\u00a0 Describir los avances m\u00e1s recientes en el abordaje del paciente traumatizado grave.<\/p>\n<p>\u00a0\u00a0\u00a0 Jerarquizar intervenciones cr\u00edticas para la supervivencia del paciente traumatizado.<\/p>\n<p>\u00a0\u00a0\u00a0 Incentivar el pensamiento cr\u00edtico que permita adaptar la toma de decisiones al contexto del paciente. \u00a0<\/p>\n<p>Disertante:<\/p>\n<p><img loading=\"lazy\" decoding=\"async\" class=\" size-full wp-image-4032\" src=\"https:\/\/colmedicosantafe1.org.ar\/wp-content\/uploads\/2024\/06\/Dr-Adolfo-Savia.jpg\" alt=\"\" width=\"116\" height=\"148\" srcset=\"https:\/\/colmedicosantafe1.org.ar\/wp-content\/uploads\/2024\/06\/Dr-Adolfo-Savia.jpg 266w, https:\/\/colmedicosantafe1.org.ar\/wp-content\/uploads\/2024\/06\/Dr-Adolfo-Savia-235x300.jpg 235w\" sizes=\"auto, (max-width: 116px) 100vw, 116px\" \/><\/p>\n<p>Dr. Adolfo Savia. M\u00e9dico especialista en Emergentologia y Medicina Interna.<\/p>\n<p>Director M\u00e9dico del Instituto Quir\u00fargico del Callao (CABA). Argentina<\/p>\n<p>Presidente del Consejo de Emergencias de la Sociedad Argentina de Medicina (SAM).<\/p>\n<p>Director Asociado de la Carrera de especializaci\u00f3n en Emergentolog\u00eda. UBA.<\/p>\n<p>Instructor BLS\/ACLS\/PALS.<\/p>\n","protected":false},"excerpt":{"rendered":"<p>El pr\u00f3ximo lunes 23 de septiembre el Colegio de M\u00e9dicos de Santa Fe organiza un encuentro webinario donde se abordar\u00e1 el tema: Manejo inicial del Trauma. \u00bfQu\u00e9 hay de nuevo en 2024? La disertaci\u00f3n estar\u00e1 a cargo del Dr. Adolfo Savia. Ser\u00e1 a trav\u00e9s de la plataforma Zoom de nuestra instituci\u00f3n. Acceso libre con inscripci\u00f3n [&hellip;]<\/p>\n","protected":false},"author":1,"featured_media":4031,"comment_status":"open","ping_status":"open","sticky":true,"template":"","format":"standard","meta":{"_uag_custom_page_level_css":"","_jetpack_memberships_contains_paid_content":false,"footnotes":""},"categories":[30],"tags":[],"class_list":["post-4033","post","type-post","status-publish","format-standard","has-post-thumbnail","hentry","category-cursos"],"jetpack_sharing_enabled":true,"jetpack_featured_media_url":"https:\/\/colmedicosantafe1.org.ar\/wp-content\/uploads\/2024\/06\/trauma.jpg","uagb_featured_image_src":{"full":["https:\/\/colmedicosantafe1.org.ar\/wp-content\/uploads\/2024\/06\/trauma.jpg",612,408,false],"thumbnail":["https:\/\/colmedicosantafe1.org.ar\/wp-content\/uploads\/2024\/06\/trauma-150x150.jpg",150,150,true],"medium":["https:\/\/colmedicosantafe1.org.ar\/wp-content\/uploads\/2024\/06\/trauma-300x200.jpg",300,200,true],"medium_large":["https:\/\/colmedicosantafe1.org.ar\/wp-content\/uploads\/2024\/06\/trauma.jpg",612,408,false],"large":["https:\/\/colmedicosantafe1.org.ar\/wp-content\/uploads\/2024\/06\/trauma.jpg",612,408,false],"1536x1536":["https:\/\/colmedicosantafe1.org.ar\/wp-content\/uploads\/2024\/06\/trauma.jpg",612,408,false],"2048x2048":["https:\/\/colmedicosantafe1.org.ar\/wp-content\/uploads\/2024\/06\/trauma.jpg",612,408,false]},"uagb_author_info":{"display_name":"admin","author_link":"https:\/\/colmedicosantafe1.org.ar\/?author=1"},"uagb_comment_info":0,"uagb_excerpt":"El pr\u00f3ximo lunes 23 de septiembre el Colegio de M\u00e9dicos de Santa Fe organiza un encuentro webinario donde se abordar\u00e1 el tema: Manejo inicial del Trauma. \u00bfQu\u00e9 hay de nuevo en 2024? La disertaci\u00f3n estar\u00e1 a cargo del Dr. Adolfo Savia. Ser\u00e1 a trav\u00e9s de la plataforma Zoom de nuestra instituci\u00f3n. Acceso libre con inscripci\u00f3n&hellip;","_links":{"self":[{"href":"https:\/\/colmedicosantafe1.org.ar\/index.php?rest_route=\/wp\/v2\/posts\/4033","targetHints":{"allow":["GET"]}}],"collection":[{"href":"https:\/\/colmedicosantafe1.org.ar\/index.php?rest_route=\/wp\/v2\/posts"}],"about":[{"href":"https:\/\/colmedicosantafe1.org.ar\/index.php?rest_route=\/wp\/v2\/types\/post"}],"author":[{"embeddable":true,"href":"https:\/\/colmedicosantafe1.org.ar\/index.php?rest_route=\/wp\/v2\/users\/1"}],"replies":[{"embeddable":true,"href":"https:\/\/colmedicosantafe1.org.ar\/index.php?rest_route=%2Fwp%2Fv2%2Fcomments&post=4033"}],"version-history":[{"count":0,"href":"https:\/\/colmedicosantafe1.org.ar\/index.php?rest_route=\/wp\/v2\/posts\/4033\/revisions"}],"wp:featuredmedia":[{"embeddable":true,"href":"https:\/\/colmedicosantafe1.org.ar\/index.php?rest_route=\/wp\/v2\/media\/4031"}],"wp:attachment":[{"href":"https:\/\/colmedicosantafe1.org.ar\/index.php?rest_route=%2Fwp%2Fv2%2Fmedia&parent=4033"}],"wp:term":[{"taxonomy":"category","embeddable":true,"href":"https:\/\/colmedicosantafe1.org.ar\/index.php?rest_route=%2Fwp%2Fv2%2Fcategories&post=4033"},{"taxonomy":"post_tag","embeddable":true,"href":"https:\/\/colmedicosantafe1.org.ar\/index.php?rest_route=%2Fwp%2Fv2%2Ftags&post=4033"}],"curies":[{"name":"wp","href":"https:\/\/api.w.org\/{rel}","templated":true}]}}