{"id":4027,"date":"2024-06-26T22:29:05","date_gmt":"2024-06-27T01:29:05","guid":{"rendered":"https:\/\/cmsf.org.ar\/sitio\/?p=4027"},"modified":"2024-06-26T22:29:05","modified_gmt":"2024-06-27T01:29:05","slug":"comunicado-colegio-jerarquicos","status":"publish","type":"post","link":"https:\/\/colmedicosantafe1.org.ar\/?p=4027","title":{"rendered":"El Colegio de M\u00e9dicos repudia en\u00e9rgicamente el comunicado ofensivo de Jer\u00e1rquicos Salud"},"content":{"rendered":"<p style=\"text-align: left;\"><img loading=\"lazy\" decoding=\"async\" class=\"pull-left size-full wp-image-3859\" style=\"margin: 5px;\" src=\"https:\/\/colmedicosantafe1.org.ar\/wp-content\/uploads\/2023\/09\/Logo-CMSF-en-vidrio-2.jpg\" width=\"195\" height=\"145\" srcset=\"https:\/\/colmedicosantafe1.org.ar\/wp-content\/uploads\/2023\/09\/Logo-CMSF-en-vidrio-2.jpg 937w, https:\/\/colmedicosantafe1.org.ar\/wp-content\/uploads\/2023\/09\/Logo-CMSF-en-vidrio-2-300x222.jpg 300w, https:\/\/colmedicosantafe1.org.ar\/wp-content\/uploads\/2023\/09\/Logo-CMSF-en-vidrio-2-768x568.jpg 768w\" sizes=\"auto, (max-width: 195px) 100vw, 195px\" \/><strong>Frente al comunicado de Jer\u00e1rquicos Salud\u00a0 el COLEGIO DE M\u00c9DICOS DE SANTA FE &#8211; 1RA CIRCUNSCRIPCI\u00d3N manifiesta su total rechazo, disconformidad y repudio a los t\u00e9rminos utilizados en forma despectiva e injuriante cuando afirman ser rehenes de los que dicen ser\u00a0 Doctores. <\/strong><\/p>\n<p><strong>En tal sentido formulamos la siguiente aclaraci\u00f3n: Para el ejercicio de la medicina &#8220;esos Doctores&#8221; se matriculan cumpliendo con todos los requisitos legales para su ejercicio profesional, constando adem\u00e1s las capacitaciones realizadas por cada uno de ellos. <\/strong><\/p>\n<p style=\"text-align: left;\"><strong>En defensa del buen nombre de nuestros colegiados\u00a0 solicitaremos a dicha obra social formal aclaraci\u00f3n y rectificaci\u00f3n de sus dichos en forma p\u00fablica. <\/strong><\/p>\n<p><strong>COMISI\u00d3N DIRECTIVA DEL COLEGIO M\u00c9DICO DE SANTA FE &#8211; 1RA CIRCUNSCRIPCI\u00d3N<\/strong><\/p>\n","protected":false},"excerpt":{"rendered":"<p>Frente al comunicado de Jer\u00e1rquicos Salud\u00a0 el COLEGIO DE M\u00c9DICOS DE SANTA FE &#8211; 1RA CIRCUNSCRIPCI\u00d3N manifiesta su total rechazo, disconformidad y repudio a los t\u00e9rminos utilizados en forma despectiva e injuriante cuando afirman ser rehenes de los que dicen ser\u00a0 Doctores. En tal sentido formulamos la siguiente aclaraci\u00f3n: Para el ejercicio de la medicina [&hellip;]<\/p>\n","protected":false},"author":1,"featured_media":3859,"comment_status":"open","ping_status":"open","sticky":true,"template":"","format":"standard","meta":{"_uag_custom_page_level_css":"","_jetpack_memberships_contains_paid_content":false,"footnotes":""},"categories":[30],"tags":[],"class_list":["post-4027","post","type-post","status-publish","format-standard","has-post-thumbnail","hentry","category-cursos"],"jetpack_sharing_enabled":true,"jetpack_featured_media_url":"https:\/\/colmedicosantafe1.org.ar\/wp-content\/uploads\/2023\/09\/Logo-CMSF-en-vidrio-2.jpg","uagb_featured_image_src":{"full":["https:\/\/colmedicosantafe1.org.ar\/wp-content\/uploads\/2023\/09\/Logo-CMSF-en-vidrio-2.jpg",937,693,false],"thumbnail":["https:\/\/colmedicosantafe1.org.ar\/wp-content\/uploads\/2023\/09\/Logo-CMSF-en-vidrio-2-150x150.jpg",150,150,true],"medium":["https:\/\/colmedicosantafe1.org.ar\/wp-content\/uploads\/2023\/09\/Logo-CMSF-en-vidrio-2-300x222.jpg",300,222,true],"medium_large":["https:\/\/colmedicosantafe1.org.ar\/wp-content\/uploads\/2023\/09\/Logo-CMSF-en-vidrio-2-768x568.jpg",768,568,true],"large":["https:\/\/colmedicosantafe1.org.ar\/wp-content\/uploads\/2023\/09\/Logo-CMSF-en-vidrio-2.jpg",937,693,false],"1536x1536":["https:\/\/colmedicosantafe1.org.ar\/wp-content\/uploads\/2023\/09\/Logo-CMSF-en-vidrio-2.jpg",937,693,false],"2048x2048":["https:\/\/colmedicosantafe1.org.ar\/wp-content\/uploads\/2023\/09\/Logo-CMSF-en-vidrio-2.jpg",937,693,false]},"uagb_author_info":{"display_name":"admin","author_link":"https:\/\/colmedicosantafe1.org.ar\/?author=1"},"uagb_comment_info":0,"uagb_excerpt":"Frente al comunicado de Jer\u00e1rquicos Salud\u00a0 el COLEGIO DE M\u00c9DICOS DE SANTA FE &#8211; 1RA CIRCUNSCRIPCI\u00d3N manifiesta su total rechazo, disconformidad y repudio a los t\u00e9rminos utilizados en forma despectiva e injuriante cuando afirman ser rehenes de los que dicen ser\u00a0 Doctores. En tal sentido formulamos la siguiente aclaraci\u00f3n: Para el ejercicio de la medicina&hellip;","_links":{"self":[{"href":"https:\/\/colmedicosantafe1.org.ar\/index.php?rest_route=\/wp\/v2\/posts\/4027","targetHints":{"allow":["GET"]}}],"collection":[{"href":"https:\/\/colmedicosantafe1.org.ar\/index.php?rest_route=\/wp\/v2\/posts"}],"about":[{"href":"https:\/\/colmedicosantafe1.org.ar\/index.php?rest_route=\/wp\/v2\/types\/post"}],"author":[{"embeddable":true,"href":"https:\/\/colmedicosantafe1.org.ar\/index.php?rest_route=\/wp\/v2\/users\/1"}],"replies":[{"embeddable":true,"href":"https:\/\/colmedicosantafe1.org.ar\/index.php?rest_route=%2Fwp%2Fv2%2Fcomments&post=4027"}],"version-history":[{"count":0,"href":"https:\/\/colmedicosantafe1.org.ar\/index.php?rest_route=\/wp\/v2\/posts\/4027\/revisions"}],"wp:featuredmedia":[{"embeddable":true,"href":"https:\/\/colmedicosantafe1.org.ar\/index.php?rest_route=\/wp\/v2\/media\/3859"}],"wp:attachment":[{"href":"https:\/\/colmedicosantafe1.org.ar\/index.php?rest_route=%2Fwp%2Fv2%2Fmedia&parent=4027"}],"wp:term":[{"taxonomy":"category","embeddable":true,"href":"https:\/\/colmedicosantafe1.org.ar\/index.php?rest_route=%2Fwp%2Fv2%2Fcategories&post=4027"},{"taxonomy":"post_tag","embeddable":true,"href":"https:\/\/colmedicosantafe1.org.ar\/index.php?rest_route=%2Fwp%2Fv2%2Ftags&post=4027"}],"curies":[{"name":"wp","href":"https:\/\/api.w.org\/{rel}","templated":true}]}}