{"id":4023,"date":"2024-06-26T22:29:05","date_gmt":"2024-06-27T01:29:05","guid":{"rendered":"https:\/\/cmsf.org.ar\/sitio\/?p=4023"},"modified":"2024-06-26T22:29:05","modified_gmt":"2024-06-27T01:29:05","slug":"examen-especialidad","status":"publish","type":"post","link":"https:\/\/colmedicosantafe1.org.ar\/?p=4023","title":{"rendered":"La Inscripci\u00f3n para el Examen de Especialidad cierra el 30 de Septiembre"},"content":{"rendered":"<p><img loading=\"lazy\" decoding=\"async\" class=\"pull-left size-full wp-image-4022\" style=\"margin: 5px;\" src=\"https:\/\/colmedicosantafe1.org.ar\/wp-content\/uploads\/2024\/06\/examen_especialidad.jpg\" width=\"200\" height=\"130\" \/>Se encuentra abierta la inscripci\u00f3n para rendir los Ex\u00e1menes de Especialidad. Los interesados deber\u00e1n completar los formularios espec\u00edficos, tener actualizado su curr\u00edculo profesional y abonar el derecho de examen correspondiente antes del 30 de septiembre.<\/p>\n<p><!--more--><\/p>\n<p>\u00a0<\/p>\n<p>\u00a0<\/p>\n<p>\u00a0<\/p>\n<p>Para poder acceder al Examen de Especialidad, los interesados deber\u00e1n presentar, hasta el lunes 30 de septiembre del corriente a\u00f1o, una nota dirigida a la Comisi\u00f3n de Especialidades del Colegio de M\u00e9dicos de Santa Fe &#8211; 1\u00b0 Circunscripci\u00f3n, solicitando autorizaci\u00f3n para rendir. (Link para descargar nota) Esta presentaci\u00f3n deber\u00e1 estar acompa\u00f1ada de la siguiente documentaci\u00f3n:<\/p>\n<p>\u00a0\u00a0\u00a0 Certificado de Finalizaci\u00f3n de Residencia o Concurrencia emitido por el Comit\u00e9 de Docencia del Centro Formador. <\/p>\n<p>\u00a0\u00a0\u00a0 Curr\u00edculum actualizado enunciativo.<\/p>\n<p>\u00a0\u00a0\u00a0 Certificado de Matr\u00edcula emitido por el Colegio de M\u00e9dicos.<\/p>\n<p>\u00a0\u00a0\u00a0\u00a0 REQUISITO ADICIONAL PARA RENDIR LA ESPECIALIDAD DE MEDICINA GENERALISTA Y DE FAMILIA: Presentar un trabajo de investigaci\u00f3n, realizado como m\u00e1ximo por 3 autores, presentado en alg\u00fan Congreso o entidad cient\u00edfica reconocida y con un m\u00e1ximo de 3 a\u00f1os de antig\u00fcedad, adjuntando el certificado correspondiente.<\/p>\n<p>Para poder acceder al examen, es requisito indispensable estar al d\u00eda con las cuotas de Colegiaci\u00f3n y abonar el derecho de Examen en el momento de la inscripci\u00f3n.<\/p>\n<p>Las fechas de los ex\u00e1menes se informar\u00e1n oportunamente y se realizar\u00e1n en los meses de octubre, noviembre y\/o diciembre. <\/p>\n<p>Para mayor informaci\u00f3n consultar el Reglamento de Especialidades o dirigirse a la Comisi\u00f3n de Especialidades y Evaluaci\u00f3n de Servicios (especialidades@cmsf.org.ar o esp.colmedicosantafe1@gmail.com) &#8211; (0342) 4565072 o 4520176\/26 interno 3<\/p>\n","protected":false},"excerpt":{"rendered":"<p>Se encuentra abierta la inscripci\u00f3n para rendir los Ex\u00e1menes de Especialidad. Los interesados deber\u00e1n completar los formularios espec\u00edficos, tener actualizado su curr\u00edculo profesional y abonar el derecho de examen correspondiente antes del 30 de septiembre.<\/p>\n","protected":false},"author":1,"featured_media":4022,"comment_status":"open","ping_status":"open","sticky":true,"template":"","format":"standard","meta":{"_uag_custom_page_level_css":"","_jetpack_memberships_contains_paid_content":false,"footnotes":""},"categories":[30],"tags":[],"class_list":["post-4023","post","type-post","status-publish","format-standard","has-post-thumbnail","hentry","category-cursos"],"jetpack_sharing_enabled":true,"jetpack_featured_media_url":"https:\/\/colmedicosantafe1.org.ar\/wp-content\/uploads\/2024\/06\/examen_especialidad.jpg","uagb_featured_image_src":{"full":["https:\/\/colmedicosantafe1.org.ar\/wp-content\/uploads\/2024\/06\/examen_especialidad.jpg",612,408,false],"thumbnail":["https:\/\/colmedicosantafe1.org.ar\/wp-content\/uploads\/2024\/06\/examen_especialidad-150x150.jpg",150,150,true],"medium":["https:\/\/colmedicosantafe1.org.ar\/wp-content\/uploads\/2024\/06\/examen_especialidad-300x200.jpg",300,200,true],"medium_large":["https:\/\/colmedicosantafe1.org.ar\/wp-content\/uploads\/2024\/06\/examen_especialidad.jpg",612,408,false],"large":["https:\/\/colmedicosantafe1.org.ar\/wp-content\/uploads\/2024\/06\/examen_especialidad.jpg",612,408,false],"1536x1536":["https:\/\/colmedicosantafe1.org.ar\/wp-content\/uploads\/2024\/06\/examen_especialidad.jpg",612,408,false],"2048x2048":["https:\/\/colmedicosantafe1.org.ar\/wp-content\/uploads\/2024\/06\/examen_especialidad.jpg",612,408,false]},"uagb_author_info":{"display_name":"admin","author_link":"https:\/\/colmedicosantafe1.org.ar\/?author=1"},"uagb_comment_info":0,"uagb_excerpt":"Se encuentra abierta la inscripci\u00f3n para rendir los Ex\u00e1menes de Especialidad. Los interesados deber\u00e1n completar los formularios espec\u00edficos, tener actualizado su curr\u00edculo profesional y abonar el derecho de examen correspondiente antes del 30 de septiembre.","_links":{"self":[{"href":"https:\/\/colmedicosantafe1.org.ar\/index.php?rest_route=\/wp\/v2\/posts\/4023","targetHints":{"allow":["GET"]}}],"collection":[{"href":"https:\/\/colmedicosantafe1.org.ar\/index.php?rest_route=\/wp\/v2\/posts"}],"about":[{"href":"https:\/\/colmedicosantafe1.org.ar\/index.php?rest_route=\/wp\/v2\/types\/post"}],"author":[{"embeddable":true,"href":"https:\/\/colmedicosantafe1.org.ar\/index.php?rest_route=\/wp\/v2\/users\/1"}],"replies":[{"embeddable":true,"href":"https:\/\/colmedicosantafe1.org.ar\/index.php?rest_route=%2Fwp%2Fv2%2Fcomments&post=4023"}],"version-history":[{"count":0,"href":"https:\/\/colmedicosantafe1.org.ar\/index.php?rest_route=\/wp\/v2\/posts\/4023\/revisions"}],"wp:featuredmedia":[{"embeddable":true,"href":"https:\/\/colmedicosantafe1.org.ar\/index.php?rest_route=\/wp\/v2\/media\/4022"}],"wp:attachment":[{"href":"https:\/\/colmedicosantafe1.org.ar\/index.php?rest_route=%2Fwp%2Fv2%2Fmedia&parent=4023"}],"wp:term":[{"taxonomy":"category","embeddable":true,"href":"https:\/\/colmedicosantafe1.org.ar\/index.php?rest_route=%2Fwp%2Fv2%2Fcategories&post=4023"},{"taxonomy":"post_tag","embeddable":true,"href":"https:\/\/colmedicosantafe1.org.ar\/index.php?rest_route=%2Fwp%2Fv2%2Ftags&post=4023"}],"curies":[{"name":"wp","href":"https:\/\/api.w.org\/{rel}","templated":true}]}}