{"id":4021,"date":"2024-06-26T22:29:05","date_gmt":"2024-06-27T01:29:05","guid":{"rendered":"https:\/\/cmsf.org.ar\/sitio\/?p=4021"},"modified":"2024-06-26T22:29:05","modified_gmt":"2024-06-27T01:29:05","slug":"unio-noche-museos-2024","status":"publish","type":"post","link":"https:\/\/colmedicosantafe1.org.ar\/?p=4021","title":{"rendered":"Explorando la Historia de la Medicina: El Museo del M\u00e9dico se uni\u00f3 a la Noche de los Museos"},"content":{"rendered":"<p><img loading=\"lazy\" decoding=\"async\" class=\"pull-left size-full wp-image-4020\" style=\"margin: 5px;\" src=\"https:\/\/colmedicosantafe1.org.ar\/wp-content\/uploads\/2024\/06\/Noche-Museos-2024.jpeg\" width=\"200\" height=\"130\" srcset=\"https:\/\/colmedicosantafe1.org.ar\/wp-content\/uploads\/2024\/06\/Noche-Museos-2024.jpeg 940w, https:\/\/colmedicosantafe1.org.ar\/wp-content\/uploads\/2024\/06\/Noche-Museos-2024-300x195.jpeg 300w, https:\/\/colmedicosantafe1.org.ar\/wp-content\/uploads\/2024\/06\/Noche-Museos-2024-768x500.jpeg 768w\" sizes=\"auto, (max-width: 200px) 100vw, 200px\" \/>Una gran cantidad de p\u00fablico concurri\u00f3 este s\u00e1bado 14 de septiembre al Museo del M\u00e9dico de Santa Fe. Los visitantes encontraron piezas, documentos y fotograf\u00edas que datan de finales del siglo XIX y que registran la evoluci\u00f3n de la medicina en nuestra regi\u00f3n. Adem\u00e1s, se present\u00f3 un espect\u00e1culo de m\u00fasica en vivo.<\/p>\n<p><!--more--><\/p>\n<p>\u00a0<\/p>\n<p>\u00a0<\/p>\n<p>En esta ocasi\u00f3n, m\u00e1s de 70 espacios culturales abrieron sus puertas de manera gratuita para recibir a miles de visitantes en una nueva edici\u00f3n de la Noche de los Museos en Santa Fe, y el Colegio de M\u00e9dicos se sum\u00f3 a la celebraci\u00f3n con el Museo del M\u00e9dico como parte de la recorrida.<\/p>\n<p>La Noche de los Museos es un evento tur\u00edstico-cultural organizado por el Gobierno de la Ciudad de Santa Fe, que re\u00fane a museos, espacios culturales y educativos, tanto p\u00fablicos como privados, para ofrecer una propuesta cultural amplia y diversa a los santafesinos y sus visitantes.<\/p>\n<p>El Museo del M\u00e9dico fue inaugurado el 3 de diciembre de 1991 y, desde entonces, ha acumulado una importante colecci\u00f3n de objetos y documentos vinculados al ejercicio de la medicina en nuestra regi\u00f3n.<\/p>\n<p>Los visitantes pudieron recorrer el Museo del M\u00e9dico, ubicado en las instalaciones del Colegio de M\u00e9dicos, y conocer una gran variedad de piezas, documentos, fotograf\u00edas y otros elementos que permiten descubrir la historia de la medicina en nuestra regi\u00f3n.<\/p>\n<p>Adem\u00e1s, tuvo lugar un espect\u00e1culo de m\u00fasica en vivo con la actuaci\u00f3n del folklorista Luis Alberto Ferreira Carmele, acompa\u00f1ado por el m\u00fasico Juan Manuel Serrano.<\/p>\n","protected":false},"excerpt":{"rendered":"<p>Una gran cantidad de p\u00fablico concurri\u00f3 este s\u00e1bado 14 de septiembre al Museo del M\u00e9dico de Santa Fe. Los visitantes encontraron piezas, documentos y fotograf\u00edas que datan de finales del siglo XIX y que registran la evoluci\u00f3n de la medicina en nuestra regi\u00f3n. Adem\u00e1s, se present\u00f3 un espect\u00e1culo de m\u00fasica en vivo.<\/p>\n","protected":false},"author":1,"featured_media":4020,"comment_status":"open","ping_status":"open","sticky":true,"template":"","format":"standard","meta":{"_uag_custom_page_level_css":"","_jetpack_memberships_contains_paid_content":false,"footnotes":""},"categories":[30],"tags":[],"class_list":["post-4021","post","type-post","status-publish","format-standard","has-post-thumbnail","hentry","category-cursos"],"jetpack_sharing_enabled":true,"jetpack_featured_media_url":"https:\/\/colmedicosantafe1.org.ar\/wp-content\/uploads\/2024\/06\/Noche-Museos-2024.jpeg","uagb_featured_image_src":{"full":["https:\/\/colmedicosantafe1.org.ar\/wp-content\/uploads\/2024\/06\/Noche-Museos-2024.jpeg",940,612,false],"thumbnail":["https:\/\/colmedicosantafe1.org.ar\/wp-content\/uploads\/2024\/06\/Noche-Museos-2024-150x150.jpeg",150,150,true],"medium":["https:\/\/colmedicosantafe1.org.ar\/wp-content\/uploads\/2024\/06\/Noche-Museos-2024-300x195.jpeg",300,195,true],"medium_large":["https:\/\/colmedicosantafe1.org.ar\/wp-content\/uploads\/2024\/06\/Noche-Museos-2024-768x500.jpeg",768,500,true],"large":["https:\/\/colmedicosantafe1.org.ar\/wp-content\/uploads\/2024\/06\/Noche-Museos-2024.jpeg",940,612,false],"1536x1536":["https:\/\/colmedicosantafe1.org.ar\/wp-content\/uploads\/2024\/06\/Noche-Museos-2024.jpeg",940,612,false],"2048x2048":["https:\/\/colmedicosantafe1.org.ar\/wp-content\/uploads\/2024\/06\/Noche-Museos-2024.jpeg",940,612,false]},"uagb_author_info":{"display_name":"admin","author_link":"https:\/\/colmedicosantafe1.org.ar\/?author=1"},"uagb_comment_info":0,"uagb_excerpt":"Una gran cantidad de p\u00fablico concurri\u00f3 este s\u00e1bado 14 de septiembre al Museo del M\u00e9dico de Santa Fe. Los visitantes encontraron piezas, documentos y fotograf\u00edas que datan de finales del siglo XIX y que registran la evoluci\u00f3n de la medicina en nuestra regi\u00f3n. Adem\u00e1s, se present\u00f3 un espect\u00e1culo de m\u00fasica en vivo.","_links":{"self":[{"href":"https:\/\/colmedicosantafe1.org.ar\/index.php?rest_route=\/wp\/v2\/posts\/4021","targetHints":{"allow":["GET"]}}],"collection":[{"href":"https:\/\/colmedicosantafe1.org.ar\/index.php?rest_route=\/wp\/v2\/posts"}],"about":[{"href":"https:\/\/colmedicosantafe1.org.ar\/index.php?rest_route=\/wp\/v2\/types\/post"}],"author":[{"embeddable":true,"href":"https:\/\/colmedicosantafe1.org.ar\/index.php?rest_route=\/wp\/v2\/users\/1"}],"replies":[{"embeddable":true,"href":"https:\/\/colmedicosantafe1.org.ar\/index.php?rest_route=%2Fwp%2Fv2%2Fcomments&post=4021"}],"version-history":[{"count":0,"href":"https:\/\/colmedicosantafe1.org.ar\/index.php?rest_route=\/wp\/v2\/posts\/4021\/revisions"}],"wp:featuredmedia":[{"embeddable":true,"href":"https:\/\/colmedicosantafe1.org.ar\/index.php?rest_route=\/wp\/v2\/media\/4020"}],"wp:attachment":[{"href":"https:\/\/colmedicosantafe1.org.ar\/index.php?rest_route=%2Fwp%2Fv2%2Fmedia&parent=4021"}],"wp:term":[{"taxonomy":"category","embeddable":true,"href":"https:\/\/colmedicosantafe1.org.ar\/index.php?rest_route=%2Fwp%2Fv2%2Fcategories&post=4021"},{"taxonomy":"post_tag","embeddable":true,"href":"https:\/\/colmedicosantafe1.org.ar\/index.php?rest_route=%2Fwp%2Fv2%2Ftags&post=4021"}],"curies":[{"name":"wp","href":"https:\/\/api.w.org\/{rel}","templated":true}]}}