{"id":4010,"date":"2024-06-26T22:29:05","date_gmt":"2024-06-27T01:29:05","guid":{"rendered":"https:\/\/cmsf.org.ar\/sitio\/?p=4010"},"modified":"2024-06-26T22:29:05","modified_gmt":"2024-06-27T01:29:05","slug":"webinario-abordaje-sue","status":"publish","type":"post","link":"https:\/\/colmedicosantafe1.org.ar\/?p=4010","title":{"rendered":"Webinario: &#8220;Abordaje Integral de los Trastornos del Sue\u00f1o&#8221;"},"content":{"rendered":"<p><img loading=\"lazy\" decoding=\"async\" class=\"pull-left size-full wp-image-4008\" style=\"margin: 5px;\" src=\"https:\/\/colmedicosantafe1.org.ar\/wp-content\/uploads\/2024\/06\/abordaje_sue.png\" width=\"200\" height=\"130\" \/>El pr\u00f3ximo jueves 29 de agosto se realizar\u00e1 un encuentro webinario de actualizaci\u00f3n sobre: &#8220;Abordaje Integral de los Trastornos del Sue\u00f1o&#8221;. La disertaci\u00f3n estar\u00e1 a cargo de la Dra Antonella Vera, m\u00e9dica neur\u00f3loga, master en Medicina del sue\u00f1o. Ser\u00e1 a trav\u00e9s de la plataforma Zoom del Colegio de M\u00e9dicos de Santa Fe. Actividad gratuita de acceso libre con inscripci\u00f3n previa. <a href=\"https:\/\/us06web.zoom.us\/webinar\/register\/WN__RnF60kVTD-xbHUCJFTufw#\/registration\" target=\"_blank\" rel=\"noopener noreferrer\">Formulario de inscripci\u00f3n.<\/a><\/p>\n<p><!--more--><\/p>\n<p>\u00a0<\/p>\n<p>\u00a0<\/p>\n<p>El jueves 29 de agosto, a las 20 horas, se realizar\u00e1 un encuentro webinario con la Dra Antonella Vera, m\u00e9dica neur\u00f3loga, master en Medicina del sue\u00f1o para realizar una actualizaci\u00f3n sobre &#8220;Abordaje Integral de los Trastornos del Sue\u00f1o&#8221;. El encuentro ser\u00e1 a\u00a0 trav\u00e9s de la plataforma Zoom del Colegio de M\u00e9dicos de Santa Fe.<\/p>\n<p>Actividad gratuita y de acceso libre con inscripci\u00f3n previa. <a href=\"https:\/\/us06web.zoom.us\/webinar\/register\/WN__RnF60kVTD-xbHUCJFTufw#\/registration\" target=\"_blank\" rel=\"noopener noreferrer\">Formulario de inscripci\u00f3n.<\/a><\/p>\n<p>Objetivos:<\/p>\n<p>\u00a0\u00a0\u00a0 1. Reconocer y Diagnosticar los Trastornos del Sue\u00f1o:<\/p>\n<p>&#8211; Identificar los s\u00edntomas y signos cl\u00ednicos de los trastornos del sue\u00f1o m\u00e1s comunes en la pr\u00e1ctica general.<\/p>\n<p>&#8211; Comprender los criterios diagn\u00f3sticos para diferentes trastornos del sue\u00f1o, como insomnio, apnea del sue\u00f1o, s\u00edndrome de piernas inquietas y narcolepsia.<\/p>\n<p>\u00a0\u00a0\u00a0 2. Implementar Estrategias de Evaluaci\u00f3n:<\/p>\n<p>&#8211; Aprender a utilizar herramientas y cuestionarios de evaluaci\u00f3n del sue\u00f1o en la consulta general.<\/p>\n<p>&#8211; Conocer cu\u00e1ndo derivar a los pacientes a un especialista en sue\u00f1o o a un laboratorio de sue\u00f1o para estudios adicionales.<\/p>\n<p>\u00a0\u00a0\u00a0 3. Promover la Educaci\u00f3n y Prevenci\u00f3n del Sue\u00f1o:<\/p>\n<p>&#8211; Capacitar a los pacientes sobre la importancia de la higiene del sue\u00f1o y estrategias para mejorar la calidad del sue\u00f1o.<\/p>\n<p>&#8211; Identificar factores de riesgo modificables que contribuyen a los trastornos del sue\u00f1o y desarrollar planes preventivos.<\/p>\n<p>Disertante:<\/p>\n<p><img loading=\"lazy\" decoding=\"async\" class=\" size-full wp-image-4009\" src=\"https:\/\/colmedicosantafe1.org.ar\/wp-content\/uploads\/2024\/06\/dra-Vera-red.png\" width=\"128\" height=\"128\" srcset=\"https:\/\/colmedicosantafe1.org.ar\/wp-content\/uploads\/2024\/06\/dra-Vera-red.png 399w, https:\/\/colmedicosantafe1.org.ar\/wp-content\/uploads\/2024\/06\/dra-Vera-red-300x300.png 300w, https:\/\/colmedicosantafe1.org.ar\/wp-content\/uploads\/2024\/06\/dra-Vera-red-150x150.png 150w\" sizes=\"auto, (max-width: 128px) 100vw, 128px\" \/><\/p>\n<p>\u00a0\u00a0\u00a0 Dra. Antonella Vera<\/p>\n<p>\u00a0\u00a0\u00a0 Neur\u00f3loga. Formaci\u00f3n completa en Programa de Concurrencia Servicio de Neurolog\u00eda Hospital Jos\u00e9 Mar\u00eda Cullen, Santa Fe.<\/p>\n<p>\u00a0\u00a0\u00a0 Instructora de residentes Hospital Jos\u00e9 Mar\u00eda Cullen Santa Fe.<\/p>\n<p>\u00a0\u00a0\u00a0 Diplomatura en Medicina del Sue\u00f1o- Facultad de Ciencias Biom\u00e9dicas de la Universidad Austral. <\/p>\n<p>\u00a0\u00a0\u00a0 Master en Medicina del Sue\u00f1o. Universidad de TECH.<\/p>\n<p>\u00a0\u00a0\u00a0 M\u00e9dica Asociada Secci\u00f3n de Medicina del Sue\u00f1o. Servicio de Neurolog\u00eda del Hospital Italiano de Buenos Aires.<\/p>\n<p>\u00a0\u00a0\u00a0 Miembro de la Asociaci\u00f3n Neurol\u00f3gica Argentina.<\/p>\n<p>\u00a0\u00a0\u00a0 Miembro de la Asociaci\u00f3n Argentina de Medicina del Sue\u00f1o.<\/p>\n<p>\u00a0\u00a0\u00a0 Miembro de la Comisi\u00f3n directiva de la Asociaci\u00f3n Neurol\u00f3gica de Santa Fe.<\/p>\n","protected":false},"excerpt":{"rendered":"<p>El pr\u00f3ximo jueves 29 de agosto se realizar\u00e1 un encuentro webinario de actualizaci\u00f3n sobre: &#8220;Abordaje Integral de los Trastornos del Sue\u00f1o&#8221;. La disertaci\u00f3n estar\u00e1 a cargo de la Dra Antonella Vera, m\u00e9dica neur\u00f3loga, master en Medicina del sue\u00f1o. Ser\u00e1 a trav\u00e9s de la plataforma Zoom del Colegio de M\u00e9dicos de Santa Fe. Actividad gratuita de [&hellip;]<\/p>\n","protected":false},"author":1,"featured_media":4008,"comment_status":"open","ping_status":"open","sticky":true,"template":"","format":"standard","meta":{"_uag_custom_page_level_css":"","_jetpack_memberships_contains_paid_content":false,"footnotes":""},"categories":[30],"tags":[],"class_list":["post-4010","post","type-post","status-publish","format-standard","has-post-thumbnail","hentry","category-cursos"],"jetpack_sharing_enabled":true,"jetpack_featured_media_url":"https:\/\/colmedicosantafe1.org.ar\/wp-content\/uploads\/2024\/06\/abordaje_sue.png","uagb_featured_image_src":{"full":["https:\/\/colmedicosantafe1.org.ar\/wp-content\/uploads\/2024\/06\/abordaje_sue.png",612,408,false],"thumbnail":["https:\/\/colmedicosantafe1.org.ar\/wp-content\/uploads\/2024\/06\/abordaje_sue-150x150.png",150,150,true],"medium":["https:\/\/colmedicosantafe1.org.ar\/wp-content\/uploads\/2024\/06\/abordaje_sue-300x200.png",300,200,true],"medium_large":["https:\/\/colmedicosantafe1.org.ar\/wp-content\/uploads\/2024\/06\/abordaje_sue.png",612,408,false],"large":["https:\/\/colmedicosantafe1.org.ar\/wp-content\/uploads\/2024\/06\/abordaje_sue.png",612,408,false],"1536x1536":["https:\/\/colmedicosantafe1.org.ar\/wp-content\/uploads\/2024\/06\/abordaje_sue.png",612,408,false],"2048x2048":["https:\/\/colmedicosantafe1.org.ar\/wp-content\/uploads\/2024\/06\/abordaje_sue.png",612,408,false]},"uagb_author_info":{"display_name":"admin","author_link":"https:\/\/colmedicosantafe1.org.ar\/?author=1"},"uagb_comment_info":0,"uagb_excerpt":"El pr\u00f3ximo jueves 29 de agosto se realizar\u00e1 un encuentro webinario de actualizaci\u00f3n sobre: &#8220;Abordaje Integral de los Trastornos del Sue\u00f1o&#8221;. La disertaci\u00f3n estar\u00e1 a cargo de la Dra Antonella Vera, m\u00e9dica neur\u00f3loga, master en Medicina del sue\u00f1o. Ser\u00e1 a trav\u00e9s de la plataforma Zoom del Colegio de M\u00e9dicos de Santa Fe. Actividad gratuita de&hellip;","_links":{"self":[{"href":"https:\/\/colmedicosantafe1.org.ar\/index.php?rest_route=\/wp\/v2\/posts\/4010","targetHints":{"allow":["GET"]}}],"collection":[{"href":"https:\/\/colmedicosantafe1.org.ar\/index.php?rest_route=\/wp\/v2\/posts"}],"about":[{"href":"https:\/\/colmedicosantafe1.org.ar\/index.php?rest_route=\/wp\/v2\/types\/post"}],"author":[{"embeddable":true,"href":"https:\/\/colmedicosantafe1.org.ar\/index.php?rest_route=\/wp\/v2\/users\/1"}],"replies":[{"embeddable":true,"href":"https:\/\/colmedicosantafe1.org.ar\/index.php?rest_route=%2Fwp%2Fv2%2Fcomments&post=4010"}],"version-history":[{"count":0,"href":"https:\/\/colmedicosantafe1.org.ar\/index.php?rest_route=\/wp\/v2\/posts\/4010\/revisions"}],"wp:featuredmedia":[{"embeddable":true,"href":"https:\/\/colmedicosantafe1.org.ar\/index.php?rest_route=\/wp\/v2\/media\/4008"}],"wp:attachment":[{"href":"https:\/\/colmedicosantafe1.org.ar\/index.php?rest_route=%2Fwp%2Fv2%2Fmedia&parent=4010"}],"wp:term":[{"taxonomy":"category","embeddable":true,"href":"https:\/\/colmedicosantafe1.org.ar\/index.php?rest_route=%2Fwp%2Fv2%2Fcategories&post=4010"},{"taxonomy":"post_tag","embeddable":true,"href":"https:\/\/colmedicosantafe1.org.ar\/index.php?rest_route=%2Fwp%2Fv2%2Ftags&post=4010"}],"curies":[{"name":"wp","href":"https:\/\/api.w.org\/{rel}","templated":true}]}}