{"id":4001,"date":"2024-06-26T22:29:05","date_gmt":"2024-06-27T01:29:05","guid":{"rendered":"https:\/\/cmsf.org.ar\/sitio\/?p=4001"},"modified":"2024-06-26T22:29:05","modified_gmt":"2024-06-27T01:29:05","slug":"semana-prevencion-muerte-subita","status":"publish","type":"post","link":"https:\/\/colmedicosantafe1.org.ar\/?p=4001","title":{"rendered":"Semana de concientizaci\u00f3n y prevenci\u00f3n de la muerte s\u00fabita"},"content":{"rendered":"<p><img loading=\"lazy\" decoding=\"async\" class=\"pull-left size-full wp-image-4000\" style=\"margin: 5px;\" src=\"https:\/\/colmedicosantafe1.org.ar\/wp-content\/uploads\/2024\/06\/taller-RCP.jpg\" width=\"200\" height=\"130\" \/>El Colegio de M\u00e9dicos de Santa Fe, la Sociedad Argentina de Cardiolog\u00eda distrito Santa Fe y la Sociedad de Pediatr\u00eda filial Santa Fe organizan un taller te\u00f3rico pr\u00e1ctico de RCP b\u00e1sico pedi\u00e1trico y de adulto. Ser\u00e1 el pr\u00f3ximo 23 de agosto, de modalidad presencial, con acceso libre y con inscripci\u00f3n previa en la web. <a href=\"https:\/\/forms.gle\/4bFxWXfwuCssp4As9\" target=\"_blank\" rel=\"noopener noreferrer\">Formulario de inscripci\u00f3n.<\/a><\/p>\n<p><!--more--><\/p>\n<p>\u00a0<\/p>\n<p>\u00a0<\/p>\n<p>Con motivo de la Semana Mundial de Prevenci\u00f3n de la Muerte S\u00fabita, el Colegio de M\u00e9dicos de Santa Fe, la Sociedad Argentina de Cardiolog\u00eda distrito Santa Fe y la Sociedad de Pediatr\u00eda filial Santa Fe organizan una jornada para visibilizar la problem\u00e1tica y ense\u00f1ar informaci\u00f3n crucial sobre la muerte s\u00fabita. Contaremos con la presencia de expertos en el tema, quienes compartir\u00e1n conocimientos valiosos, responder\u00e1n a sus preguntas, explicar\u00e1n los factores de riesgo asociados y brindar\u00e1n un entrenamiento b\u00e1sico en RCP pedi\u00e1trico y en adultos.<\/p>\n<p>Ser\u00e1 el pr\u00f3ximo 23 de agosto de 10 a 12hs. Cada taller tendr\u00e1 una duraci\u00f3n aproximada de 30 minutos y en cada uno se abordar\u00e1n conceptos b\u00e1sicos sobre muerte s\u00fabita en el lactante , muerte s\u00fabita en el adulto, los factores de riesgo asociados y se brindar\u00e1 entrenamiento b\u00e1sico de RCP en pedi\u00e1tricos y adultos.<\/p>\n<p>El encuentro es presencial en la sede del Colegio de M\u00e9dicos de Santa Fe (9 de Julio 2464). El acceso es libre con inscripci\u00f3n previa.<\/p>\n<p><a href=\"https:\/\/forms.gle\/4bFxWXfwuCssp4As9\" target=\"_blank\" rel=\"noopener noreferrer\">Formulario de inscripci\u00f3n.<\/a><\/p>\n<div class=\"v1gmail-adL\">\u00a0<\/div>\n<p>\u00a0<\/p>\n","protected":false},"excerpt":{"rendered":"<p>El Colegio de M\u00e9dicos de Santa Fe, la Sociedad Argentina de Cardiolog\u00eda distrito Santa Fe y la Sociedad de Pediatr\u00eda filial Santa Fe organizan un taller te\u00f3rico pr\u00e1ctico de RCP b\u00e1sico pedi\u00e1trico y de adulto. Ser\u00e1 el pr\u00f3ximo 23 de agosto, de modalidad presencial, con acceso libre y con inscripci\u00f3n previa en la web. Formulario [&hellip;]<\/p>\n","protected":false},"author":1,"featured_media":4000,"comment_status":"open","ping_status":"open","sticky":true,"template":"","format":"standard","meta":{"_uag_custom_page_level_css":"","_jetpack_memberships_contains_paid_content":false,"footnotes":""},"categories":[30],"tags":[],"class_list":["post-4001","post","type-post","status-publish","format-standard","has-post-thumbnail","hentry","category-cursos"],"jetpack_sharing_enabled":true,"jetpack_featured_media_url":"https:\/\/colmedicosantafe1.org.ar\/wp-content\/uploads\/2024\/06\/taller-RCP.jpg","uagb_featured_image_src":{"full":["https:\/\/colmedicosantafe1.org.ar\/wp-content\/uploads\/2024\/06\/taller-RCP.jpg",612,408,false],"thumbnail":["https:\/\/colmedicosantafe1.org.ar\/wp-content\/uploads\/2024\/06\/taller-RCP-150x150.jpg",150,150,true],"medium":["https:\/\/colmedicosantafe1.org.ar\/wp-content\/uploads\/2024\/06\/taller-RCP-300x200.jpg",300,200,true],"medium_large":["https:\/\/colmedicosantafe1.org.ar\/wp-content\/uploads\/2024\/06\/taller-RCP.jpg",612,408,false],"large":["https:\/\/colmedicosantafe1.org.ar\/wp-content\/uploads\/2024\/06\/taller-RCP.jpg",612,408,false],"1536x1536":["https:\/\/colmedicosantafe1.org.ar\/wp-content\/uploads\/2024\/06\/taller-RCP.jpg",612,408,false],"2048x2048":["https:\/\/colmedicosantafe1.org.ar\/wp-content\/uploads\/2024\/06\/taller-RCP.jpg",612,408,false]},"uagb_author_info":{"display_name":"admin","author_link":"https:\/\/colmedicosantafe1.org.ar\/?author=1"},"uagb_comment_info":0,"uagb_excerpt":"El Colegio de M\u00e9dicos de Santa Fe, la Sociedad Argentina de Cardiolog\u00eda distrito Santa Fe y la Sociedad de Pediatr\u00eda filial Santa Fe organizan un taller te\u00f3rico pr\u00e1ctico de RCP b\u00e1sico pedi\u00e1trico y de adulto. Ser\u00e1 el pr\u00f3ximo 23 de agosto, de modalidad presencial, con acceso libre y con inscripci\u00f3n previa en la web. Formulario&hellip;","_links":{"self":[{"href":"https:\/\/colmedicosantafe1.org.ar\/index.php?rest_route=\/wp\/v2\/posts\/4001","targetHints":{"allow":["GET"]}}],"collection":[{"href":"https:\/\/colmedicosantafe1.org.ar\/index.php?rest_route=\/wp\/v2\/posts"}],"about":[{"href":"https:\/\/colmedicosantafe1.org.ar\/index.php?rest_route=\/wp\/v2\/types\/post"}],"author":[{"embeddable":true,"href":"https:\/\/colmedicosantafe1.org.ar\/index.php?rest_route=\/wp\/v2\/users\/1"}],"replies":[{"embeddable":true,"href":"https:\/\/colmedicosantafe1.org.ar\/index.php?rest_route=%2Fwp%2Fv2%2Fcomments&post=4001"}],"version-history":[{"count":0,"href":"https:\/\/colmedicosantafe1.org.ar\/index.php?rest_route=\/wp\/v2\/posts\/4001\/revisions"}],"wp:featuredmedia":[{"embeddable":true,"href":"https:\/\/colmedicosantafe1.org.ar\/index.php?rest_route=\/wp\/v2\/media\/4000"}],"wp:attachment":[{"href":"https:\/\/colmedicosantafe1.org.ar\/index.php?rest_route=%2Fwp%2Fv2%2Fmedia&parent=4001"}],"wp:term":[{"taxonomy":"category","embeddable":true,"href":"https:\/\/colmedicosantafe1.org.ar\/index.php?rest_route=%2Fwp%2Fv2%2Fcategories&post=4001"},{"taxonomy":"post_tag","embeddable":true,"href":"https:\/\/colmedicosantafe1.org.ar\/index.php?rest_route=%2Fwp%2Fv2%2Ftags&post=4001"}],"curies":[{"name":"wp","href":"https:\/\/api.w.org\/{rel}","templated":true}]}}