{"id":3999,"date":"2024-06-26T22:29:05","date_gmt":"2024-06-27T01:29:05","guid":{"rendered":"https:\/\/cmsf.org.ar\/sitio\/?p=3999"},"modified":"2024-06-26T22:29:05","modified_gmt":"2024-06-27T01:29:05","slug":"curso-rcp-maria-juana-2024","status":"publish","type":"post","link":"https:\/\/colmedicosantafe1.org.ar\/?p=3999","title":{"rendered":"Curso de RCP orientado a la comunidad \u2013 Mar\u00eda Juana \u2013 07 de septiembre"},"content":{"rendered":"<p><img loading=\"lazy\" decoding=\"async\" class=\"pull-left size-full wp-image-3998\" style=\"margin: 5px;\" src=\"https:\/\/colmedicosantafe1.org.ar\/wp-content\/uploads\/2024\/06\/Rcp.jpeg\" width=\"200\" height=\"130\" \/>El s\u00e1bado 07 de septiembre se realizar\u00e1 en el SAMCO de Mar\u00eda Juana una nueva edici\u00f3n del curso de Reanimaci\u00f3n Cardio Pulmonar (RCP) denominado &#8220;Comprometidos con la vida&#8221;. La propuesta est\u00e1 dirigida a personas con poco o ning\u00fan entrenamiento en temas m\u00e9dicos. Se busca cubrir las necesidades de intervenci\u00f3n del primer respondiente ante un paro cardiorespiratorio en la v\u00eda p\u00fablica o donde ocurra. Es gratuito, con cupo limitado y requiere inscripci\u00f3n previa. <a href=\"https:\/\/forms.gle\/JJm6bkAbRfsjqK1U8\" target=\"_blank\" rel=\"noopener noreferrer\">Formulario de Inscripci\u00f3n.<\/a><\/p>\n<p><!--more--><\/p>\n<p>\u00a0<\/p>\n<p>\u00a0<\/p>\n<p>El Colegio de M\u00e9dicos de Santa Fe contin\u00faa desarrollando este curso b\u00e1sico de RCP orientado a la comunidad con el prop\u00f3sito de acompa\u00f1ar los requerimientos de mayor conocimiento y de compromiso solidario de las personas con las situaciones vitales cr\u00edticas que se presentan en diferentes \u00e1mbitos de la vida social.<\/p>\n<p>Es dictado por m\u00e9dicos instructores certificados bajo la coordinaci\u00f3n del Dr. Julio Rico. Se trabajar\u00e1 con un lenguaje acorde a los participantes y asegurando una pr\u00e1ctica intensiva en base a los protocolos de la\u00a0 American Heart Association (AHA),\u00a0 y siguiendo las normas de cuidado acordes a la situaci\u00f3n de pandemia que atravesamos.<\/p>\n<p>El pr\u00f3ximo encuentro ser\u00e1 el s\u00e1bado 07 de septiembre desde las 8:30 a 12:30 horas, en las instalaciones del SAMCO de Mar\u00eda Juana, ubicado en calle Belgrano 252 de dicha localidad.<\/p>\n<p>Es gratuito, con cupo limitado para asegurar las estaciones de pr\u00e1ctica, y requiere inscripci\u00f3n previa.<\/p>\n<p>Informes<\/p>\n<p>Comisi\u00f3n de Educaci\u00f3n M\u00e9dica de Posgrado.<\/p>\n<p>Colegio de M\u00e9dicos de Santa Fe 1\u00b0 Circunscripci\u00f3n &#8211; 9 de Julio 2464 \u2013 Santa Fe.<\/p>\n<p>Tel\u00e9fono: 0342-4520176 Interno 7.<\/p>\n<p>Correo: marianam@cmsf.org.ar<\/p>\n","protected":false},"excerpt":{"rendered":"<p>El s\u00e1bado 07 de septiembre se realizar\u00e1 en el SAMCO de Mar\u00eda Juana una nueva edici\u00f3n del curso de Reanimaci\u00f3n Cardio Pulmonar (RCP) denominado &#8220;Comprometidos con la vida&#8221;. La propuesta est\u00e1 dirigida a personas con poco o ning\u00fan entrenamiento en temas m\u00e9dicos. Se busca cubrir las necesidades de intervenci\u00f3n del primer respondiente ante un paro [&hellip;]<\/p>\n","protected":false},"author":1,"featured_media":3998,"comment_status":"open","ping_status":"open","sticky":true,"template":"","format":"standard","meta":{"_uag_custom_page_level_css":"","_jetpack_memberships_contains_paid_content":false,"footnotes":""},"categories":[30],"tags":[],"class_list":["post-3999","post","type-post","status-publish","format-standard","has-post-thumbnail","hentry","category-cursos"],"jetpack_sharing_enabled":true,"jetpack_featured_media_url":"https:\/\/colmedicosantafe1.org.ar\/wp-content\/uploads\/2024\/06\/Rcp.jpeg","uagb_featured_image_src":{"full":["https:\/\/colmedicosantafe1.org.ar\/wp-content\/uploads\/2024\/06\/Rcp.jpeg",803,470,false],"thumbnail":["https:\/\/colmedicosantafe1.org.ar\/wp-content\/uploads\/2024\/06\/Rcp-150x150.jpeg",150,150,true],"medium":["https:\/\/colmedicosantafe1.org.ar\/wp-content\/uploads\/2024\/06\/Rcp-300x176.jpeg",300,176,true],"medium_large":["https:\/\/colmedicosantafe1.org.ar\/wp-content\/uploads\/2024\/06\/Rcp-768x450.jpeg",768,450,true],"large":["https:\/\/colmedicosantafe1.org.ar\/wp-content\/uploads\/2024\/06\/Rcp.jpeg",803,470,false],"1536x1536":["https:\/\/colmedicosantafe1.org.ar\/wp-content\/uploads\/2024\/06\/Rcp.jpeg",803,470,false],"2048x2048":["https:\/\/colmedicosantafe1.org.ar\/wp-content\/uploads\/2024\/06\/Rcp.jpeg",803,470,false]},"uagb_author_info":{"display_name":"admin","author_link":"https:\/\/colmedicosantafe1.org.ar\/?author=1"},"uagb_comment_info":0,"uagb_excerpt":"El s\u00e1bado 07 de septiembre se realizar\u00e1 en el SAMCO de Mar\u00eda Juana una nueva edici\u00f3n del curso de Reanimaci\u00f3n Cardio Pulmonar (RCP) denominado &#8220;Comprometidos con la vida&#8221;. La propuesta est\u00e1 dirigida a personas con poco o ning\u00fan entrenamiento en temas m\u00e9dicos. Se busca cubrir las necesidades de intervenci\u00f3n del primer respondiente ante un paro&hellip;","_links":{"self":[{"href":"https:\/\/colmedicosantafe1.org.ar\/index.php?rest_route=\/wp\/v2\/posts\/3999","targetHints":{"allow":["GET"]}}],"collection":[{"href":"https:\/\/colmedicosantafe1.org.ar\/index.php?rest_route=\/wp\/v2\/posts"}],"about":[{"href":"https:\/\/colmedicosantafe1.org.ar\/index.php?rest_route=\/wp\/v2\/types\/post"}],"author":[{"embeddable":true,"href":"https:\/\/colmedicosantafe1.org.ar\/index.php?rest_route=\/wp\/v2\/users\/1"}],"replies":[{"embeddable":true,"href":"https:\/\/colmedicosantafe1.org.ar\/index.php?rest_route=%2Fwp%2Fv2%2Fcomments&post=3999"}],"version-history":[{"count":0,"href":"https:\/\/colmedicosantafe1.org.ar\/index.php?rest_route=\/wp\/v2\/posts\/3999\/revisions"}],"wp:featuredmedia":[{"embeddable":true,"href":"https:\/\/colmedicosantafe1.org.ar\/index.php?rest_route=\/wp\/v2\/media\/3998"}],"wp:attachment":[{"href":"https:\/\/colmedicosantafe1.org.ar\/index.php?rest_route=%2Fwp%2Fv2%2Fmedia&parent=3999"}],"wp:term":[{"taxonomy":"category","embeddable":true,"href":"https:\/\/colmedicosantafe1.org.ar\/index.php?rest_route=%2Fwp%2Fv2%2Fcategories&post=3999"},{"taxonomy":"post_tag","embeddable":true,"href":"https:\/\/colmedicosantafe1.org.ar\/index.php?rest_route=%2Fwp%2Fv2%2Ftags&post=3999"}],"curies":[{"name":"wp","href":"https:\/\/api.w.org\/{rel}","templated":true}]}}