{"id":3997,"date":"2024-06-26T22:29:05","date_gmt":"2024-06-27T01:29:05","guid":{"rendered":"https:\/\/cmsf.org.ar\/sitio\/?p=3997"},"modified":"2024-06-26T22:29:05","modified_gmt":"2024-06-27T01:29:05","slug":"curso-choferes-ambulancias-2024","status":"publish","type":"post","link":"https:\/\/colmedicosantafe1.org.ar\/?p=3997","title":{"rendered":"Curso para choferes de ambulancias &#8211; 2024"},"content":{"rendered":"<p><img loading=\"lazy\" decoding=\"async\" class=\"pull-left size-full wp-image-3996\" style=\"margin: 5px;\" src=\"https:\/\/colmedicosantafe1.org.ar\/wp-content\/uploads\/2024\/06\/ambulancia.png\" width=\"200\" height=\"130\" \/>El Colegio de M\u00e9dicos de la Provincia de Santa Fe 1ra. Circunscripci\u00f3n, abre la inscripci\u00f3n a una nueva cohorte de capacitaci\u00f3n para choferes de ambulancias. Se desarrollar\u00e1 en una jornada intensiva presencial. El jueves 10 de octubre de 9 a 18hs. Curso arancelado, con examen final. Se entregar\u00e1 diploma. <a href=\"https:\/\/forms.gle\/9bUgAkp1xLXa3RraA\" target=\"_blank\" rel=\"noopener noreferrer\">Formulario de Inscripci\u00f3n.<\/a><\/p>\n<p><!--more--><\/p>\n<p>\u00a0<\/p>\n<p>\u00a0<\/p>\n<p>El pr\u00f3ximo jueves 10 de octubre de 9 a 18hs se realizar\u00e1 una nueva edici\u00f3n de esta novedosa propuesta de capacitaci\u00f3n del Colegio de M\u00e9dicos de Santa Fe dirigida a choferes de ambulancias. La modalidad es presencial en la sede de 9 de julio 2464. Es arancelado, con inscripci\u00f3n previa y examen final. Se entregar\u00e1 diploma.<\/p>\n<p>Para el pago del arancel ver: <a href=\"https:\/\/forms.gle\/9bUgAkp1xLXa3RraA\" target=\"_blank\" rel=\"noopener noreferrer\">Formulario de Inscripci\u00f3n.<\/a><\/p>\n<p>CONTENIDOS<\/p>\n<p>&#8211; Caracter\u00edsticas de las Unidades utilizadas por nuestro sistema. <\/p>\n<p>&#8211; El Chofer Profesional. Consideraciones a tener en cuenta. <\/p>\n<p>&#8211; Manejo Defensivo. Lo que debo saber. <\/p>\n<p>&#8211; La Trilog\u00eda Vial. Debilidades y fortalezas de cada factor.<\/p>\n<p>&#8211; La prevenci\u00f3n como herramienta de trabajo. Documentaci\u00f3n y aspectos de competencia personal.<\/p>\n<p>&#8211; El &#8220;chek list&#8221;. Su composici\u00f3n, importancia y forma de cargarlo en el sistema.<\/p>\n<p>&#8211; Diferencia entre chofer y conductor.<\/p>\n<p>&#8211; Grado de competencia en el trabajo. Deberes, obligaciones y responsabilidades.<\/p>\n<p>&#8211; Aspectos destacados de la Ley de Tr\u00e1nsito y su aplicaci\u00f3n a nuestra labor.<\/p>\n<p>\u00a0<\/p>\n<p>DIN\u00c1MICA DE LA CLASE<\/p>\n<p>&#8211; Conducci\u00f3n y leyes regulatorias.<\/p>\n<p>&#8211; Primeros Auxilios b\u00e1sicos.<\/p>\n<p>&#8211; Aparatolog\u00eda.<\/p>\n<p>&#8211; Pr\u00e1ctica de din\u00e1mica de trabajo.<\/p>\n<p>\u00a0<\/p>\n<p>INFORMES<\/p>\n<p>Para el pago del arancel comunicarse a: marianam@cmsf.org.ar<\/p>\n<p>Colegio de M\u00e9dicos de Santa Fe &#8211; 1\u00ba Circunscripci\u00f3n<\/p>\n<p>9 de Julio 2464. Ciudad de Santa Fe.\u00a0\u00a0\u00a0\u00a0\u00a0<\/p>\n","protected":false},"excerpt":{"rendered":"<p>El Colegio de M\u00e9dicos de la Provincia de Santa Fe 1ra. Circunscripci\u00f3n, abre la inscripci\u00f3n a una nueva cohorte de capacitaci\u00f3n para choferes de ambulancias. Se desarrollar\u00e1 en una jornada intensiva presencial. El jueves 10 de octubre de 9 a 18hs. Curso arancelado, con examen final. Se entregar\u00e1 diploma. Formulario de Inscripci\u00f3n.<\/p>\n","protected":false},"author":1,"featured_media":3996,"comment_status":"open","ping_status":"open","sticky":true,"template":"","format":"standard","meta":{"_uag_custom_page_level_css":"","_jetpack_memberships_contains_paid_content":false,"footnotes":""},"categories":[30],"tags":[],"class_list":["post-3997","post","type-post","status-publish","format-standard","has-post-thumbnail","hentry","category-cursos"],"jetpack_sharing_enabled":true,"jetpack_featured_media_url":"https:\/\/colmedicosantafe1.org.ar\/wp-content\/uploads\/2024\/06\/ambulancia.png","uagb_featured_image_src":{"full":["https:\/\/colmedicosantafe1.org.ar\/wp-content\/uploads\/2024\/06\/ambulancia.png",612,408,false],"thumbnail":["https:\/\/colmedicosantafe1.org.ar\/wp-content\/uploads\/2024\/06\/ambulancia-150x150.png",150,150,true],"medium":["https:\/\/colmedicosantafe1.org.ar\/wp-content\/uploads\/2024\/06\/ambulancia-300x200.png",300,200,true],"medium_large":["https:\/\/colmedicosantafe1.org.ar\/wp-content\/uploads\/2024\/06\/ambulancia.png",612,408,false],"large":["https:\/\/colmedicosantafe1.org.ar\/wp-content\/uploads\/2024\/06\/ambulancia.png",612,408,false],"1536x1536":["https:\/\/colmedicosantafe1.org.ar\/wp-content\/uploads\/2024\/06\/ambulancia.png",612,408,false],"2048x2048":["https:\/\/colmedicosantafe1.org.ar\/wp-content\/uploads\/2024\/06\/ambulancia.png",612,408,false]},"uagb_author_info":{"display_name":"admin","author_link":"https:\/\/colmedicosantafe1.org.ar\/?author=1"},"uagb_comment_info":0,"uagb_excerpt":"El Colegio de M\u00e9dicos de la Provincia de Santa Fe 1ra. Circunscripci\u00f3n, abre la inscripci\u00f3n a una nueva cohorte de capacitaci\u00f3n para choferes de ambulancias. Se desarrollar\u00e1 en una jornada intensiva presencial. El jueves 10 de octubre de 9 a 18hs. Curso arancelado, con examen final. Se entregar\u00e1 diploma. Formulario de Inscripci\u00f3n.","_links":{"self":[{"href":"https:\/\/colmedicosantafe1.org.ar\/index.php?rest_route=\/wp\/v2\/posts\/3997","targetHints":{"allow":["GET"]}}],"collection":[{"href":"https:\/\/colmedicosantafe1.org.ar\/index.php?rest_route=\/wp\/v2\/posts"}],"about":[{"href":"https:\/\/colmedicosantafe1.org.ar\/index.php?rest_route=\/wp\/v2\/types\/post"}],"author":[{"embeddable":true,"href":"https:\/\/colmedicosantafe1.org.ar\/index.php?rest_route=\/wp\/v2\/users\/1"}],"replies":[{"embeddable":true,"href":"https:\/\/colmedicosantafe1.org.ar\/index.php?rest_route=%2Fwp%2Fv2%2Fcomments&post=3997"}],"version-history":[{"count":0,"href":"https:\/\/colmedicosantafe1.org.ar\/index.php?rest_route=\/wp\/v2\/posts\/3997\/revisions"}],"wp:featuredmedia":[{"embeddable":true,"href":"https:\/\/colmedicosantafe1.org.ar\/index.php?rest_route=\/wp\/v2\/media\/3996"}],"wp:attachment":[{"href":"https:\/\/colmedicosantafe1.org.ar\/index.php?rest_route=%2Fwp%2Fv2%2Fmedia&parent=3997"}],"wp:term":[{"taxonomy":"category","embeddable":true,"href":"https:\/\/colmedicosantafe1.org.ar\/index.php?rest_route=%2Fwp%2Fv2%2Fcategories&post=3997"},{"taxonomy":"post_tag","embeddable":true,"href":"https:\/\/colmedicosantafe1.org.ar\/index.php?rest_route=%2Fwp%2Fv2%2Ftags&post=3997"}],"curies":[{"name":"wp","href":"https:\/\/api.w.org\/{rel}","templated":true}]}}