{"id":3992,"date":"2024-06-26T22:29:05","date_gmt":"2024-06-27T01:29:05","guid":{"rendered":"https:\/\/cmsf.org.ar\/sitio\/?p=3992"},"modified":"2024-06-26T22:29:05","modified_gmt":"2024-06-27T01:29:05","slug":"curso-diag-imag-2024","status":"publish","type":"post","link":"https:\/\/colmedicosantafe1.org.ar\/?p=3992","title":{"rendered":"Curso de Diagn\u00f3stico por Im\u00e1genes 2024 &#8211; Inicio viernes 06\/09"},"content":{"rendered":"<p><img loading=\"lazy\" decoding=\"async\" class=\"pull-left size-full wp-image-3991\" style=\"margin: 5px;\" src=\"https:\/\/colmedicosantafe1.org.ar\/wp-content\/uploads\/2024\/06\/curso-diag-imag-2024.jpg\" width=\"200\" height=\"130\" \/>El viernes 6 de septiembre comenzar\u00e1 el Curso de Diagn\u00f3stico por Im\u00e1genes organizado por el Colegio de M\u00e9dicos de Santa Fe. Coordinado por el Dr. Sebasti\u00e1n Gim\u00e9nez. El programa abordar\u00e1 diversas patolog\u00edas asociadas a casos cl\u00ednicos. Seis encuentros y examen final. Modalidad presencial. Arancelado. <a href=\"https:\/\/forms.gle\/qVwvUXbePdgkVThv6\" target=\"_blank\" rel=\"noopener noreferrer\">Formulario de inscripci\u00f3n.<\/a><\/p>\n<p><!--more--><\/p>\n<p>\u00a0<\/p>\n<p>\u00a0<\/p>\n<p>Se encuentra abierta la inscripci\u00f3n al Curso de Diagn\u00f3stico por Im\u00e1genes organizado por el Colegio de M\u00e9dicos de Santa Fe y coordinado por el Dr. Sebasti\u00e1n Gim\u00e9nez.<\/p>\n<p>La propuesta est\u00e1 dirigida a estudiantes del \u00faltimo a\u00f1o de la carrera de Medicina, profesionales de reciente graduaci\u00f3n, y especialistas en general.<\/p>\n<p>Las clases ser\u00e1n presenciales (viernes de 19 a 21 hs), se desarrollar\u00e1n en el Sal\u00f3n Auditorio &#8220;3 de Diciembre&#8221; del Colegio de M\u00e9dicos de Santa Fe, ubicado en 9 de Julio 2464, ciudad de Santa Fe.<\/p>\n<p>Este curso es arancelado (Incluye break y diploma), tiene una carga horaria de 25 horas, con examen final.<\/p>\n<p>PROGRAMA<\/p>\n<p>M\u00f3dulo 1: Viernes 6\/9 Radiolog\u00eda de abdomen. Rol de las im\u00e1genes en el abdomen agudo. Valor de la tomograf\u00eda computada en la obstrucci\u00f3n intestinal. Disertante: Dr. Gim\u00e9nez Sebasti\u00e1n<\/p>\n<p>M\u00f3dulo 2: Viernes 13\/9 Radiolog\u00eda del sistema nervioso central. T\u00e9cnicas de estudio del sistema nervioso central. Traumatismos craneoencef\u00e1licos. Casos cl\u00ednicos interesantes.\u00a0\u00a0\u00a0 Disertante: Dr. Brouver de K\u00f6ning Hern\u00e1n<\/p>\n<p>M\u00f3dulo 3: Viernes 20\/9 Radiolog\u00eda Osteoarticular. Anatom\u00eda normal de la rodilla y patolog\u00edas prevalentes. Anatom\u00eda normal del hombro y patolog\u00edas prevalentes. Disertante: Dr. Gonzalez Mart\u00edn<\/p>\n<p>M\u00f3dulo 4: Viernes 4\/10 Radiolog\u00eda de T\u00f3rax. Intersticiopat\u00edas, lo que debemos conocer en TCAR. Infecciones pulmonares prevalentes. Disertante Dr. Froullet Cristian<\/p>\n<p>M\u00f3dulo 5: Viernes 18\/10 Radiolog\u00eda en ginecolog\u00eda. Evaluaci\u00f3n de la pelvis normal y del ciclo menstrual. Ecograf\u00eda en urgencias ginecol\u00f3gicas. Neoplasias de ovario. Disertante Dra. Soloaga Florencia<\/p>\n<p>M\u00f3dulo 6: Viernes 25\/10 Casos cl\u00ednicos interesantes. Disertantes: Dr. Gim\u00e9nez Sebasti\u00e1n &#8211; Dr. Gonz\u00e1lez Mart\u00edn<\/p>\n<p>INFORMES<\/p>\n<p>Colegio de M\u00e9dicos de Santa Fe. 1\u00ba Circunscripci\u00f3n &#8211; 9 de julio 2464. Santa Fe.<\/p>\n<p>Tel\u00e9fono: (0342) 4520176 interno 7\u00a0\u00a0\u00a0\u00a0 &#8211; Cel: +5493425289747<\/p>\n<p>Correo: marianam@cmsf.org.ar<\/p>\n","protected":false},"excerpt":{"rendered":"<p>El viernes 6 de septiembre comenzar\u00e1 el Curso de Diagn\u00f3stico por Im\u00e1genes organizado por el Colegio de M\u00e9dicos de Santa Fe. Coordinado por el Dr. Sebasti\u00e1n Gim\u00e9nez. El programa abordar\u00e1 diversas patolog\u00edas asociadas a casos cl\u00ednicos. Seis encuentros y examen final. Modalidad presencial. Arancelado. Formulario de inscripci\u00f3n.<\/p>\n","protected":false},"author":1,"featured_media":3991,"comment_status":"open","ping_status":"open","sticky":true,"template":"","format":"standard","meta":{"_uag_custom_page_level_css":"","_jetpack_memberships_contains_paid_content":false,"footnotes":""},"categories":[30],"tags":[],"class_list":["post-3992","post","type-post","status-publish","format-standard","has-post-thumbnail","hentry","category-cursos"],"jetpack_sharing_enabled":true,"jetpack_featured_media_url":"https:\/\/colmedicosantafe1.org.ar\/wp-content\/uploads\/2024\/06\/curso-diag-imag-2024.jpg","uagb_featured_image_src":{"full":["https:\/\/colmedicosantafe1.org.ar\/wp-content\/uploads\/2024\/06\/curso-diag-imag-2024.jpg",1024,683,false],"thumbnail":["https:\/\/colmedicosantafe1.org.ar\/wp-content\/uploads\/2024\/06\/curso-diag-imag-2024-150x150.jpg",150,150,true],"medium":["https:\/\/colmedicosantafe1.org.ar\/wp-content\/uploads\/2024\/06\/curso-diag-imag-2024-300x200.jpg",300,200,true],"medium_large":["https:\/\/colmedicosantafe1.org.ar\/wp-content\/uploads\/2024\/06\/curso-diag-imag-2024-768x512.jpg",768,512,true],"large":["https:\/\/colmedicosantafe1.org.ar\/wp-content\/uploads\/2024\/06\/curso-diag-imag-2024.jpg",1024,683,false],"1536x1536":["https:\/\/colmedicosantafe1.org.ar\/wp-content\/uploads\/2024\/06\/curso-diag-imag-2024.jpg",1024,683,false],"2048x2048":["https:\/\/colmedicosantafe1.org.ar\/wp-content\/uploads\/2024\/06\/curso-diag-imag-2024.jpg",1024,683,false]},"uagb_author_info":{"display_name":"admin","author_link":"https:\/\/colmedicosantafe1.org.ar\/?author=1"},"uagb_comment_info":0,"uagb_excerpt":"El viernes 6 de septiembre comenzar\u00e1 el Curso de Diagn\u00f3stico por Im\u00e1genes organizado por el Colegio de M\u00e9dicos de Santa Fe. Coordinado por el Dr. Sebasti\u00e1n Gim\u00e9nez. El programa abordar\u00e1 diversas patolog\u00edas asociadas a casos cl\u00ednicos. Seis encuentros y examen final. Modalidad presencial. Arancelado. Formulario de inscripci\u00f3n.","_links":{"self":[{"href":"https:\/\/colmedicosantafe1.org.ar\/index.php?rest_route=\/wp\/v2\/posts\/3992","targetHints":{"allow":["GET"]}}],"collection":[{"href":"https:\/\/colmedicosantafe1.org.ar\/index.php?rest_route=\/wp\/v2\/posts"}],"about":[{"href":"https:\/\/colmedicosantafe1.org.ar\/index.php?rest_route=\/wp\/v2\/types\/post"}],"author":[{"embeddable":true,"href":"https:\/\/colmedicosantafe1.org.ar\/index.php?rest_route=\/wp\/v2\/users\/1"}],"replies":[{"embeddable":true,"href":"https:\/\/colmedicosantafe1.org.ar\/index.php?rest_route=%2Fwp%2Fv2%2Fcomments&post=3992"}],"version-history":[{"count":0,"href":"https:\/\/colmedicosantafe1.org.ar\/index.php?rest_route=\/wp\/v2\/posts\/3992\/revisions"}],"wp:featuredmedia":[{"embeddable":true,"href":"https:\/\/colmedicosantafe1.org.ar\/index.php?rest_route=\/wp\/v2\/media\/3991"}],"wp:attachment":[{"href":"https:\/\/colmedicosantafe1.org.ar\/index.php?rest_route=%2Fwp%2Fv2%2Fmedia&parent=3992"}],"wp:term":[{"taxonomy":"category","embeddable":true,"href":"https:\/\/colmedicosantafe1.org.ar\/index.php?rest_route=%2Fwp%2Fv2%2Fcategories&post=3992"},{"taxonomy":"post_tag","embeddable":true,"href":"https:\/\/colmedicosantafe1.org.ar\/index.php?rest_route=%2Fwp%2Fv2%2Ftags&post=3992"}],"curies":[{"name":"wp","href":"https:\/\/api.w.org\/{rel}","templated":true}]}}