{"id":3990,"date":"2024-06-26T22:29:05","date_gmt":"2024-06-27T01:29:05","guid":{"rendered":"https:\/\/cmsf.org.ar\/sitio\/?p=3990"},"modified":"2024-06-26T22:29:05","modified_gmt":"2024-06-27T01:29:05","slug":"webinario-vacuna-qdenga","status":"publish","type":"post","link":"https:\/\/colmedicosantafe1.org.ar\/?p=3990","title":{"rendered":"Webinario: Hablemos sobre Qdenga: todo sobre vacuna contra el dengue"},"content":{"rendered":"<p><img loading=\"lazy\" decoding=\"async\" class=\"pull-left size-full wp-image-3988\" style=\"margin: 5px;\" src=\"https:\/\/colmedicosantafe1.org.ar\/wp-content\/uploads\/2024\/06\/vacuna-Qdenga.jpg\" width=\"200\" height=\"130\" \/>El pr\u00f3ximo 15 de agosto el Colegio de M\u00e9dicos de Santa Fe organiza un encuentro webinario donde se abordar\u00e1 el tema: Hablemos sobre Qdenga: todo sobre vacuna contra el dengue. La disertaci\u00f3n estar\u00e1 a cargo de la Dra. Maria Andrea Uboldi. Ser\u00e1 a trav\u00e9s de la plataforma Zoom de nuestra instituci\u00f3n. Acceso libre con inscripci\u00f3n previa en la web. <a href=\"https:\/\/us06web.zoom.us\/webinar\/register\/WN_4GlqG7nLRNqPhw9I1H3PJg\" target=\"_blank\" rel=\"noopener noreferrer\">Formulario de inscripci\u00f3n.<\/a><\/p>\n<p><!--more--><\/p>\n<p>\u00a0<\/p>\n<p>\u00a0<\/p>\n<p>El jueves 15\u00a0 de agosto, a las 20 horas, se realizar\u00e1 un encuentro webinario organizado por el Colegio de M\u00e9dicos de Santa Fe, donde se abordar\u00e1 el tema: Hablemos sobre Qdenga: todo sobre vacuna contra el dengue. <\/p>\n<p>Objetivos<\/p>\n<p>\u00a0\u00a0\u00a0\u00a0 Desarrollar una puesta al d\u00eda de la evidencia sobre la vacuna de Dengue Qdenga<\/p>\n<p>\u00a0\u00a0\u00a0 Reflexionar sobre los puntos de incertidumbre.<\/p>\n<p>\u00a0\u00a0\u00a0 Evaluar las recomendaciones individuales en la pr\u00e1ctica diaria.<\/p>\n<p>\u00a0\u00a0\u00a0 Analizar los factores a considerar para la implementaci\u00f3n como una estrategia integrada de salud p\u00fablica.<\/p>\n<p>Disertante: Dra. Maria Andrea Uboldi<\/p>\n<p><img loading=\"lazy\" decoding=\"async\" class=\" size-full wp-image-3989\" src=\"https:\/\/colmedicosantafe1.org.ar\/wp-content\/uploads\/2024\/06\/Dra-Andrea-Uboldi.jpg\" alt=\"\" width=\"128\" height=\"128\" srcset=\"https:\/\/colmedicosantafe1.org.ar\/wp-content\/uploads\/2024\/06\/Dra-Andrea-Uboldi.jpg 264w, https:\/\/colmedicosantafe1.org.ar\/wp-content\/uploads\/2024\/06\/Dra-Andrea-Uboldi-150x150.jpg 150w\" sizes=\"auto, (max-width: 128px) 100vw, 128px\" \/><\/p>\n<p>\u00a0\u00a0\u00a0 M\u00e9dica, pediatra, infect\u00f3loga.<\/p>\n<p>\u00a0\u00a0\u00a0 Ex Asesora de la Presidencia de la C\u00e1mara de Diputados de la Provincia de Santa Fe, <\/p>\n<p>\u00a0\u00a0\u00a0 Ex Ministra de Salud de Santa Fe,<\/p>\n<p>\u00a0\u00a0\u00a0 Secretaria de salud del Ministerio de Salud de santa Fe, <\/p>\n<p>\u00a0\u00a0\u00a0 Integrante de la Comisi\u00f3n Nacional de Inmunizaciones (Co.Na.In)<\/p>\n","protected":false},"excerpt":{"rendered":"<p>El pr\u00f3ximo 15 de agosto el Colegio de M\u00e9dicos de Santa Fe organiza un encuentro webinario donde se abordar\u00e1 el tema: Hablemos sobre Qdenga: todo sobre vacuna contra el dengue. La disertaci\u00f3n estar\u00e1 a cargo de la Dra. Maria Andrea Uboldi. Ser\u00e1 a trav\u00e9s de la plataforma Zoom de nuestra instituci\u00f3n. Acceso libre con inscripci\u00f3n [&hellip;]<\/p>\n","protected":false},"author":1,"featured_media":3988,"comment_status":"open","ping_status":"open","sticky":true,"template":"","format":"standard","meta":{"_uag_custom_page_level_css":"","_jetpack_memberships_contains_paid_content":false,"footnotes":""},"categories":[30],"tags":[],"class_list":["post-3990","post","type-post","status-publish","format-standard","has-post-thumbnail","hentry","category-cursos"],"jetpack_sharing_enabled":true,"jetpack_featured_media_url":"https:\/\/colmedicosantafe1.org.ar\/wp-content\/uploads\/2024\/06\/vacuna-Qdenga.jpg","uagb_featured_image_src":{"full":["https:\/\/colmedicosantafe1.org.ar\/wp-content\/uploads\/2024\/06\/vacuna-Qdenga.jpg",1380,776,false],"thumbnail":["https:\/\/colmedicosantafe1.org.ar\/wp-content\/uploads\/2024\/06\/vacuna-Qdenga-150x150.jpg",150,150,true],"medium":["https:\/\/colmedicosantafe1.org.ar\/wp-content\/uploads\/2024\/06\/vacuna-Qdenga-300x169.jpg",300,169,true],"medium_large":["https:\/\/colmedicosantafe1.org.ar\/wp-content\/uploads\/2024\/06\/vacuna-Qdenga-768x432.jpg",768,432,true],"large":["https:\/\/colmedicosantafe1.org.ar\/wp-content\/uploads\/2024\/06\/vacuna-Qdenga-1024x576.jpg",1024,576,true],"1536x1536":["https:\/\/colmedicosantafe1.org.ar\/wp-content\/uploads\/2024\/06\/vacuna-Qdenga.jpg",1380,776,false],"2048x2048":["https:\/\/colmedicosantafe1.org.ar\/wp-content\/uploads\/2024\/06\/vacuna-Qdenga.jpg",1380,776,false]},"uagb_author_info":{"display_name":"admin","author_link":"https:\/\/colmedicosantafe1.org.ar\/?author=1"},"uagb_comment_info":0,"uagb_excerpt":"El pr\u00f3ximo 15 de agosto el Colegio de M\u00e9dicos de Santa Fe organiza un encuentro webinario donde se abordar\u00e1 el tema: Hablemos sobre Qdenga: todo sobre vacuna contra el dengue. La disertaci\u00f3n estar\u00e1 a cargo de la Dra. Maria Andrea Uboldi. Ser\u00e1 a trav\u00e9s de la plataforma Zoom de nuestra instituci\u00f3n. Acceso libre con inscripci\u00f3n&hellip;","_links":{"self":[{"href":"https:\/\/colmedicosantafe1.org.ar\/index.php?rest_route=\/wp\/v2\/posts\/3990","targetHints":{"allow":["GET"]}}],"collection":[{"href":"https:\/\/colmedicosantafe1.org.ar\/index.php?rest_route=\/wp\/v2\/posts"}],"about":[{"href":"https:\/\/colmedicosantafe1.org.ar\/index.php?rest_route=\/wp\/v2\/types\/post"}],"author":[{"embeddable":true,"href":"https:\/\/colmedicosantafe1.org.ar\/index.php?rest_route=\/wp\/v2\/users\/1"}],"replies":[{"embeddable":true,"href":"https:\/\/colmedicosantafe1.org.ar\/index.php?rest_route=%2Fwp%2Fv2%2Fcomments&post=3990"}],"version-history":[{"count":0,"href":"https:\/\/colmedicosantafe1.org.ar\/index.php?rest_route=\/wp\/v2\/posts\/3990\/revisions"}],"wp:featuredmedia":[{"embeddable":true,"href":"https:\/\/colmedicosantafe1.org.ar\/index.php?rest_route=\/wp\/v2\/media\/3988"}],"wp:attachment":[{"href":"https:\/\/colmedicosantafe1.org.ar\/index.php?rest_route=%2Fwp%2Fv2%2Fmedia&parent=3990"}],"wp:term":[{"taxonomy":"category","embeddable":true,"href":"https:\/\/colmedicosantafe1.org.ar\/index.php?rest_route=%2Fwp%2Fv2%2Fcategories&post=3990"},{"taxonomy":"post_tag","embeddable":true,"href":"https:\/\/colmedicosantafe1.org.ar\/index.php?rest_route=%2Fwp%2Fv2%2Ftags&post=3990"}],"curies":[{"name":"wp","href":"https:\/\/api.w.org\/{rel}","templated":true}]}}