{"id":3965,"date":"2024-06-03T12:13:47","date_gmt":"2024-06-03T15:13:47","guid":{"rendered":"https:\/\/cmsf.org.ar\/sitio\/?p=3965"},"modified":"2024-06-03T12:13:47","modified_gmt":"2024-06-03T15:13:47","slug":"webinario-rcp-en-ninos-lunes-24-de-junio","status":"publish","type":"post","link":"https:\/\/colmedicosantafe1.org.ar\/?p=3965","title":{"rendered":"Webinario: RCP en infancias \u2013 Lunes 24 de junio"},"content":{"rendered":"<p><img decoding=\"async\" class=\"pull-left size-full wp-image-3964\" style=\"margin: 5px;\" src=\"https:\/\/colmedicosantafe1.org.ar\/wp-content\/uploads\/2024\/06\/Dr.-Adolfo-Savia.jpg\" width=\"200\" srcset=\"https:\/\/colmedicosantafe1.org.ar\/wp-content\/uploads\/2024\/06\/Dr.-Adolfo-Savia.jpg 450w, https:\/\/colmedicosantafe1.org.ar\/wp-content\/uploads\/2024\/06\/Dr.-Adolfo-Savia-300x227.jpg 300w\" sizes=\"(max-width: 450px) 100vw, 450px\" \/>El pr\u00f3ximo 24 de junio se realizar\u00e1 un encuentro webinario sobre \u201cRCP en infancias\u201d. La disertaci\u00f3n estar\u00e1 a cargo del Dr. Adolfo Savia, presidente del Consejo de Emergencias de la Sociedad Argentina de Emergencias (SAM). Ser\u00e1 a trav\u00e9s de la plataforma Zoom del Colegio de M\u00e9dicos de Santa Fe. Actividad gratuita de acceso libre con inscripci\u00f3n previa. <a href=\"https:\/\/us06web.zoom.us\/webinar\/register\/WN_GTqE10MtQ7miiGxhktieYg\" target=\"_blank\" rel=\"noopener noreferrer\">Formulario de inscripci\u00f3n.<\/a><\/p>\n<p><!--more--><\/p>\n<p>\u00a0<\/p>\n<p>\u00a0<\/p>\n<p>El lunes 24 de junio, a las 20 horas, se realizar\u00e1 un encuentro webinario con el Dr. Adolfo Savia, presidente del Consejo de Emergencias de la Sociedad Argentina de Emergencias (SAM) sobre el tema: \u201cRCP en infancias\u201d.<\/p>\n<p>El encuentro ser\u00e1 a\u00a0 trav\u00e9s de la plataforma Zoom del Colegio de M\u00e9dicos de Santa Fe.<\/p>\n<p>Actividad es gratuita y de acceso libre con inscripci\u00f3n previa.<\/p>\n<p><a href=\"https:\/\/us06web.zoom.us\/webinar\/register\/WN_GTqE10MtQ7miiGxhktieYg\" target=\"_blank\" rel=\"noopener noreferrer\">Formulario de inscripci\u00f3n.<\/a><\/p>\n<p>\u00a0<\/p>\n<p><strong>Objetivo<\/strong><\/p>\n<p>Revisar las actualizaciones m\u00e1s recientes en RCP pedi\u00e1trico. Describir los aspectos importantes para realizar una RCP de alta calidad en infancias y sus diferencias en adultos. Valorar los aspectos cr\u00edticos para mejorar la cadena de la supervivencia en emergencias pedi\u00e1tricas.<\/p>\n<p>\u00a0<\/p>\n<p><strong>Disertante<\/strong><\/p>\n<p>Adolfo Savia es m\u00e9dico especialista en Emergentolog\u00eda y Medicina Interna.<\/p>\n<p>Director M\u00e9dico del Instituto Quir\u00fargico del Callao (CABA). Argentina<\/p>\n<p>Presidente del Consejo de Emergencias de la Sociedad Argentina de Emergencias (SAM).<\/p>\n<p>Director Asociado de la Carrera de especializaci\u00f3n en Emergentolog\u00eda. UBA.<\/p>\n<p>Instructor BLS\/ACLS\/PALS.<\/p>\n<p>\u00a0<\/p>\n<p>\u00a0<\/p>\n","protected":false},"excerpt":{"rendered":"<p>El pr\u00f3ximo 24 de junio se realizar\u00e1 un encuentro webinario sobre \u201cRCP en infancias\u201d. La disertaci\u00f3n estar\u00e1 a cargo del Dr. Adolfo Savia, presidente del Consejo de Emergencias de la Sociedad Argentina de Emergencias (SAM). Ser\u00e1 a trav\u00e9s de la plataforma Zoom del Colegio de M\u00e9dicos de Santa Fe. Actividad gratuita de acceso libre con [&hellip;]<\/p>\n","protected":false},"author":1,"featured_media":3964,"comment_status":"open","ping_status":"open","sticky":true,"template":"","format":"standard","meta":{"_uag_custom_page_level_css":"","_jetpack_memberships_contains_paid_content":false,"footnotes":""},"categories":[30],"tags":[],"class_list":["post-3965","post","type-post","status-publish","format-standard","has-post-thumbnail","hentry","category-cursos"],"jetpack_sharing_enabled":true,"jetpack_featured_media_url":"https:\/\/colmedicosantafe1.org.ar\/wp-content\/uploads\/2024\/06\/Dr.-Adolfo-Savia.jpg","uagb_featured_image_src":{"full":["https:\/\/colmedicosantafe1.org.ar\/wp-content\/uploads\/2024\/06\/Dr.-Adolfo-Savia.jpg",450,341,false],"thumbnail":["https:\/\/colmedicosantafe1.org.ar\/wp-content\/uploads\/2024\/06\/Dr.-Adolfo-Savia-150x150.jpg",150,150,true],"medium":["https:\/\/colmedicosantafe1.org.ar\/wp-content\/uploads\/2024\/06\/Dr.-Adolfo-Savia-300x227.jpg",300,227,true],"medium_large":["https:\/\/colmedicosantafe1.org.ar\/wp-content\/uploads\/2024\/06\/Dr.-Adolfo-Savia.jpg",450,341,false],"large":["https:\/\/colmedicosantafe1.org.ar\/wp-content\/uploads\/2024\/06\/Dr.-Adolfo-Savia.jpg",450,341,false],"1536x1536":["https:\/\/colmedicosantafe1.org.ar\/wp-content\/uploads\/2024\/06\/Dr.-Adolfo-Savia.jpg",450,341,false],"2048x2048":["https:\/\/colmedicosantafe1.org.ar\/wp-content\/uploads\/2024\/06\/Dr.-Adolfo-Savia.jpg",450,341,false]},"uagb_author_info":{"display_name":"admin","author_link":"https:\/\/colmedicosantafe1.org.ar\/?author=1"},"uagb_comment_info":0,"uagb_excerpt":"El pr\u00f3ximo 24 de junio se realizar\u00e1 un encuentro webinario sobre \u201cRCP en infancias\u201d. La disertaci\u00f3n estar\u00e1 a cargo del Dr. Adolfo Savia, presidente del Consejo de Emergencias de la Sociedad Argentina de Emergencias (SAM). Ser\u00e1 a trav\u00e9s de la plataforma Zoom del Colegio de M\u00e9dicos de Santa Fe. Actividad gratuita de acceso libre con&hellip;","_links":{"self":[{"href":"https:\/\/colmedicosantafe1.org.ar\/index.php?rest_route=\/wp\/v2\/posts\/3965","targetHints":{"allow":["GET"]}}],"collection":[{"href":"https:\/\/colmedicosantafe1.org.ar\/index.php?rest_route=\/wp\/v2\/posts"}],"about":[{"href":"https:\/\/colmedicosantafe1.org.ar\/index.php?rest_route=\/wp\/v2\/types\/post"}],"author":[{"embeddable":true,"href":"https:\/\/colmedicosantafe1.org.ar\/index.php?rest_route=\/wp\/v2\/users\/1"}],"replies":[{"embeddable":true,"href":"https:\/\/colmedicosantafe1.org.ar\/index.php?rest_route=%2Fwp%2Fv2%2Fcomments&post=3965"}],"version-history":[{"count":0,"href":"https:\/\/colmedicosantafe1.org.ar\/index.php?rest_route=\/wp\/v2\/posts\/3965\/revisions"}],"wp:featuredmedia":[{"embeddable":true,"href":"https:\/\/colmedicosantafe1.org.ar\/index.php?rest_route=\/wp\/v2\/media\/3964"}],"wp:attachment":[{"href":"https:\/\/colmedicosantafe1.org.ar\/index.php?rest_route=%2Fwp%2Fv2%2Fmedia&parent=3965"}],"wp:term":[{"taxonomy":"category","embeddable":true,"href":"https:\/\/colmedicosantafe1.org.ar\/index.php?rest_route=%2Fwp%2Fv2%2Fcategories&post=3965"},{"taxonomy":"post_tag","embeddable":true,"href":"https:\/\/colmedicosantafe1.org.ar\/index.php?rest_route=%2Fwp%2Fv2%2Ftags&post=3965"}],"curies":[{"name":"wp","href":"https:\/\/api.w.org\/{rel}","templated":true}]}}