{"id":3947,"date":"2024-04-26T11:37:13","date_gmt":"2024-04-26T14:37:13","guid":{"rendered":"https:\/\/cmsf.org.ar\/sitio\/?p=3947"},"modified":"2024-04-26T11:37:13","modified_gmt":"2024-04-26T14:37:13","slug":"nuevo-curso-de-practicas-destrezas-procedimentales-y-actitudinales-de-medios-en-la-emergencia-inicio-4-de-mayo","status":"publish","type":"post","link":"https:\/\/colmedicosantafe1.org.ar\/?p=3947","title":{"rendered":"Nuevo: Curso de pr\u00e1cticas destrezas procedimentales y actitudinales de medios en la emergencia \u2013 Inicio 4 de mayo"},"content":{"rendered":"<p><img decoding=\"async\" class=\"pull-left size-full wp-image-3365\" style=\"margin: 5px;\" src=\"https:\/\/colmedicosantafe1.org.ar\/wp-content\/uploads\/2020\/03\/Curso-Emergencias-Medicas-.jpg\" width=\"200\" srcset=\"https:\/\/colmedicosantafe1.org.ar\/wp-content\/uploads\/2020\/03\/Curso-Emergencias-Medicas-.jpg 888w, https:\/\/colmedicosantafe1.org.ar\/wp-content\/uploads\/2020\/03\/Curso-Emergencias-Medicas--300x203.jpg 300w, https:\/\/colmedicosantafe1.org.ar\/wp-content\/uploads\/2020\/03\/Curso-Emergencias-Medicas--768x520.jpg 768w\" sizes=\"(max-width: 888px) 100vw, 888px\" \/>Iniciamos la inscripci\u00f3n al nuevo \u201cCurso de pr\u00e1cticas destrezas procedimentales y actitudinales de medios en la emergencia\u201d organizado por el Colegio de M\u00e9dicos de Santa Fe. Las clases comienzan el s\u00e1bado 4 de mayo. Otorga puntaje para recertificaci\u00f3n con evaluaci\u00f3n aprobada. Arancelado. <a href=\"https:\/\/docs.google.com\/forms\/d\/e\/1FAIpQLScLe1oNRuq0x1C5URGx7_6-MCr4OWSefew-d8qnlKnSLooECQ\/viewform\">Formulario de inscripci\u00f3n.<\/a><\/p>\n<p><!--more--><\/p>\n<p>\u00a0<\/p>\n<p>\u00a0<\/p>\n<p>El s\u00e1bado 4 de mayo comienza el nuevo \u201cCurso de pr\u00e1cticas destrezas procedimentales y actitudinales de medios en la emergencia\u201d organizado por el Colegio de M\u00e9dicos de Santa Fe.<\/p>\n<p>La inscripci\u00f3n se realiza a trav\u00e9s de la web completando el siguiente <a href=\"https:\/\/docs.google.com\/forms\/d\/e\/1FAIpQLScLe1oNRuq0x1C5URGx7_6-MCr4OWSefew-d8qnlKnSLooECQ\/viewform\">formulario.<\/a><\/p>\n<p>Este curso es arancelado y se incluye material de estudio y diploma.<\/p>\n<p>\u00a0<\/p>\n<p>El programa consta de ocho (8) m\u00f3dulos tem\u00e1ticos que se desarrollar\u00e1n un s\u00e1bado de cada mes, m\u00e1s una clase virtual asincr\u00f3nica por m\u00f3dulo en la plataforma Moodle de nuestra instituci\u00f3n.<\/p>\n<p>Inicia el s\u00e1bado 4 de mayo.<\/p>\n<p>\u00a0<\/p>\n<p><strong>Objetivos<\/strong><\/p>\n<ol>\n<li>Reconocer las situaciones de emergencia m\u00e1s frecuentes.<\/li>\n<li>Aprender a utilizar el material de trabajo.<\/li>\n<li>Resolver los problemas integrando los conocimientos adquiridos.<\/li>\n<\/ol>\n<p>\u00a0<\/p>\n<p><strong>Programa<\/strong><\/p>\n<p><strong>M\u00f3dulo 1 &#8211; Introducci\u00f3n<\/strong><\/p>\n<p>Presencial s\u00e1bado 4 de mayo. 8:00 a 13:00 horas.<\/p>\n<p>\u00a0<\/p>\n<p><strong>M\u00f3dulo 2 &#8211; V\u00eda a\u00e9rea en la emergencia.<\/strong><\/p>\n<p>Presencial s\u00e1bado 1\u00b0 de junio. 8:00 a 13:00 horas.<\/p>\n<p>Virtual 16 de mayo. Asincr\u00f3nico. Plataforma Moodle.<\/p>\n<p>\u00a0<\/p>\n<p><strong>M\u00f3dulo 3 &#8211; Ventilaci\u00f3n.<\/strong><\/p>\n<p>Presencial s\u00e1bado 6 de julio. 8:00 a 13:00 horas.<\/p>\n<p>Virtual 13 de junio. Asincr\u00f3nico. Plataforma Moodle.<\/p>\n<p>\u00a0<\/p>\n<p><strong>M\u00f3dulo 4 &#8211; Paro cardio respiratorio.<\/strong><\/p>\n<p>Presencial s\u00e1bado 3 de agosto. 8:00 a 17:00 horas.<\/p>\n<p>Virtual 18 de julio. Asincr\u00f3nico. Plataforma Moodle.<\/p>\n<p>\u00a0<\/p>\n<p><strong>M\u00f3dulo 5 \u2013 Trauma y Circulaci\u00f3n.<\/strong><\/p>\n<p>Presencial s\u00e1bado 21 de septiembre. 8:00 a 13:00 horas.<\/p>\n<p>Virtual 5 de septiembre. Asincr\u00f3nico. Plataforma Moodle.<\/p>\n<p>\u00a0<\/p>\n<p><strong>M\u00f3dulo 6 \u2013 ABC del trauma, vendajes y quemados.<\/strong><\/p>\n<p>Presencial s\u00e1bado 5 de octubre. 8:00 a 13:00 horas.<\/p>\n<p>Virtual 26 de septiembre. Asincr\u00f3nico. Plataforma Moodle.<\/p>\n<p>\u00a0<\/p>\n<p><strong>M\u00f3dulo 7 &#8211; Tec, Quemados y Traslados.<\/strong><\/p>\n<p>Presencial s\u00e1bado 2 de noviembre. 8:00 a 13:00 horas.<\/p>\n<p>Virtual 24 de octubre. Asincr\u00f3nico. Plataforma Moodle.<\/p>\n<p>\u00a0<\/p>\n<p><strong>M\u00f3dulo 8 \u2013 Simulacro y examen final.<\/strong><\/p>\n<p>Presencial s\u00e1bado 2 de noviembre. 8:00 a 13:00 horas.<\/p>\n<p>\u00a0<\/p>\n<p><strong>Modalidad pedag\u00f3gica <\/strong><\/p>\n<ol>\n<li>casos cl\u00ednicos.<\/li>\n<li>talleres de situaci\u00f3n y procedimientos.<\/li>\n<li>seminarios.<\/li>\n<li>clases presenciales.<\/li>\n<li>bibliograf\u00eda on line, realizada con t\u00e9cnicas pedag\u00f3gicas actuales muy din\u00e1micas con este formato se sumar\u00e1 un material bibliogr\u00e1fico actualizado. Material asincr\u00f3nico de las distintas especialidades con evaluaciones de cada m\u00f3dulo (caso de ORL, Neurolog\u00eda, Pediatr\u00eda, Neumolog\u00eda, etc.).<\/li>\n<li>urgencias de especialidades lineales a disposici\u00f3n.<\/li>\n<\/ol>\n<p>\u00a0<\/p>\n<p><strong>Sistema de evaluaci\u00f3n<\/strong><\/p>\n<p>Asistencia de 80%<\/p>\n<p>Aprobaci\u00f3n de un examen final integrador<\/p>\n<p>Participar del foro en el campus virtual<\/p>\n<p>\u00a0<\/p>\n<p><strong>Informaci\u00f3n y consulta<\/strong><\/p>\n<p>Colegio M\u00e9dico de Santa Fe 1ra. Circunscripci\u00f3n:<\/p>\n<p>9 de Julio 2464 \u2013 3000 \u2013 Santa Fe.<\/p>\n<p>Tel\u00e9fono (0342) 4520176\/77\/82 interno 7<\/p>\n<p>Cel: +5493425289747<\/p>\n<p>Correo electr\u00f3nico: <a href=\"mailto:marianam@cmsf.org.ar\">marianam@cmsf.org.ar<\/a><\/p>\n<p>\u00a0<\/p>\n","protected":false},"excerpt":{"rendered":"<p>Iniciamos la inscripci\u00f3n al nuevo \u201cCurso de pr\u00e1cticas destrezas procedimentales y actitudinales de medios en la emergencia\u201d organizado por el Colegio de M\u00e9dicos de Santa Fe. Las clases comienzan el s\u00e1bado 4 de mayo. Otorga puntaje para recertificaci\u00f3n con evaluaci\u00f3n aprobada. Arancelado. Formulario de inscripci\u00f3n.<\/p>\n","protected":false},"author":1,"featured_media":3365,"comment_status":"open","ping_status":"open","sticky":true,"template":"","format":"standard","meta":{"_uag_custom_page_level_css":"","_jetpack_memberships_contains_paid_content":false,"footnotes":""},"categories":[30],"tags":[],"class_list":["post-3947","post","type-post","status-publish","format-standard","has-post-thumbnail","hentry","category-cursos"],"jetpack_sharing_enabled":true,"jetpack_featured_media_url":"https:\/\/colmedicosantafe1.org.ar\/wp-content\/uploads\/2020\/03\/Curso-Emergencias-Medicas-.jpg","uagb_featured_image_src":{"full":["https:\/\/colmedicosantafe1.org.ar\/wp-content\/uploads\/2020\/03\/Curso-Emergencias-Medicas-.jpg",888,601,false],"thumbnail":["https:\/\/colmedicosantafe1.org.ar\/wp-content\/uploads\/2020\/03\/Curso-Emergencias-Medicas--150x150.jpg",150,150,true],"medium":["https:\/\/colmedicosantafe1.org.ar\/wp-content\/uploads\/2020\/03\/Curso-Emergencias-Medicas--300x203.jpg",300,203,true],"medium_large":["https:\/\/colmedicosantafe1.org.ar\/wp-content\/uploads\/2020\/03\/Curso-Emergencias-Medicas--768x520.jpg",768,520,true],"large":["https:\/\/colmedicosantafe1.org.ar\/wp-content\/uploads\/2020\/03\/Curso-Emergencias-Medicas-.jpg",888,601,false],"1536x1536":["https:\/\/colmedicosantafe1.org.ar\/wp-content\/uploads\/2020\/03\/Curso-Emergencias-Medicas-.jpg",888,601,false],"2048x2048":["https:\/\/colmedicosantafe1.org.ar\/wp-content\/uploads\/2020\/03\/Curso-Emergencias-Medicas-.jpg",888,601,false]},"uagb_author_info":{"display_name":"admin","author_link":"https:\/\/colmedicosantafe1.org.ar\/?author=1"},"uagb_comment_info":0,"uagb_excerpt":"Iniciamos la inscripci\u00f3n al nuevo \u201cCurso de pr\u00e1cticas destrezas procedimentales y actitudinales de medios en la emergencia\u201d organizado por el Colegio de M\u00e9dicos de Santa Fe. Las clases comienzan el s\u00e1bado 4 de mayo. Otorga puntaje para recertificaci\u00f3n con evaluaci\u00f3n aprobada. Arancelado. Formulario de inscripci\u00f3n.","_links":{"self":[{"href":"https:\/\/colmedicosantafe1.org.ar\/index.php?rest_route=\/wp\/v2\/posts\/3947","targetHints":{"allow":["GET"]}}],"collection":[{"href":"https:\/\/colmedicosantafe1.org.ar\/index.php?rest_route=\/wp\/v2\/posts"}],"about":[{"href":"https:\/\/colmedicosantafe1.org.ar\/index.php?rest_route=\/wp\/v2\/types\/post"}],"author":[{"embeddable":true,"href":"https:\/\/colmedicosantafe1.org.ar\/index.php?rest_route=\/wp\/v2\/users\/1"}],"replies":[{"embeddable":true,"href":"https:\/\/colmedicosantafe1.org.ar\/index.php?rest_route=%2Fwp%2Fv2%2Fcomments&post=3947"}],"version-history":[{"count":0,"href":"https:\/\/colmedicosantafe1.org.ar\/index.php?rest_route=\/wp\/v2\/posts\/3947\/revisions"}],"wp:featuredmedia":[{"embeddable":true,"href":"https:\/\/colmedicosantafe1.org.ar\/index.php?rest_route=\/wp\/v2\/media\/3365"}],"wp:attachment":[{"href":"https:\/\/colmedicosantafe1.org.ar\/index.php?rest_route=%2Fwp%2Fv2%2Fmedia&parent=3947"}],"wp:term":[{"taxonomy":"category","embeddable":true,"href":"https:\/\/colmedicosantafe1.org.ar\/index.php?rest_route=%2Fwp%2Fv2%2Fcategories&post=3947"},{"taxonomy":"post_tag","embeddable":true,"href":"https:\/\/colmedicosantafe1.org.ar\/index.php?rest_route=%2Fwp%2Fv2%2Ftags&post=3947"}],"curies":[{"name":"wp","href":"https:\/\/api.w.org\/{rel}","templated":true}]}}