{"id":3946,"date":"2024-04-23T13:11:02","date_gmt":"2024-04-23T16:11:02","guid":{"rendered":"https:\/\/cmsf.org.ar\/sitio\/?p=3946"},"modified":"2024-04-23T13:11:02","modified_gmt":"2024-04-23T16:11:02","slug":"webinario-el-malestar-en-la-cultura-la-cultura-del-mal-estar-9-de-mayo","status":"publish","type":"post","link":"https:\/\/colmedicosantafe1.org.ar\/?p=3946","title":{"rendered":"Nueva Fecha &#8211; Webinario: El Malestar en la cultura\/ La cultura del Mal-estar &#8211;  23 de mayo"},"content":{"rendered":"<p><img decoding=\"async\" class=\"pull-left size-full wp-image-3945\" style=\"margin: 5px;\" src=\"https:\/\/colmedicosantafe1.org.ar\/wp-content\/uploads\/2024\/04\/Pablo-Ros.jpg\" width=\"200\" srcset=\"https:\/\/colmedicosantafe1.org.ar\/wp-content\/uploads\/2024\/04\/Pablo-Ros.jpg 1600w, https:\/\/colmedicosantafe1.org.ar\/wp-content\/uploads\/2024\/04\/Pablo-Ros-300x189.jpg 300w, https:\/\/colmedicosantafe1.org.ar\/wp-content\/uploads\/2024\/04\/Pablo-Ros-1024x644.jpg 1024w, https:\/\/colmedicosantafe1.org.ar\/wp-content\/uploads\/2024\/04\/Pablo-Ros-768x483.jpg 768w, https:\/\/colmedicosantafe1.org.ar\/wp-content\/uploads\/2024\/04\/Pablo-Ros-1536x967.jpg 1536w\" sizes=\"(max-width: 1600px) 100vw, 1600px\" \/><strong>NUEVA FECHA:<\/strong> El jueves 23 de mayo el Colegio de M\u00e9dicos de Santa Fe organiza un encuentro webinario sobre \u201cEl Malestar en la cultura\/ La cultura del Mal-estar\u201d. La disertaci\u00f3n estar\u00e1 a cargo del Dr. Pablo R\u00edos. Ser\u00e1 a trav\u00e9s de la plataforma Zoom de nuestra instituci\u00f3n. Acceso libre con inscripci\u00f3n previa en la web. <a href=\"https:\/\/us06web.zoom.us\/webinar\/register\/WN_BSIw2nlbROK09ed__mM4oA\" target=\"_blank\" rel=\"noopener noreferrer\">Formulario de inscripci\u00f3n.<\/a><\/p>\n<p><!--more--><\/p>\n<p>\u00a0<\/p>\n<p>\u00a0<\/p>\n<p>El pr\u00f3ximo 23 de mayo, a las 20 horas, el Colegio de M\u00e9dicos de Santa Fe organiza un encuentro webinario sobre \u201cEl Malestar en la cultura\/ La cultura del Mal-estar\u201d.<\/p>\n<p>La disertaci\u00f3n estar\u00e1 a cargo del Dr. Pablo R\u00edos.<\/p>\n<p><a href=\"https:\/\/us06web.zoom.us\/webinar\/register\/WN_BSIw2nlbROK09ed__mM4oA\" target=\"_blank\" rel=\"noopener noreferrer\">Formulario de inscripci\u00f3n.<\/a><\/p>\n<p>\u00a0<\/p>\n<p><strong>Sobre el disertante<\/strong><\/p>\n<p>Pablo R\u00edos es Medico General y de Familia (Hospital Protom\u00e9dico de Santa Fe)<\/p>\n<p>Psiquiatra (U.B.A Universidad de Buenos Aires)<\/p>\n<p>Psicoanalista ( A.P.A. Asociaci\u00f3n Psicoanal\u00edtica Argentina)<\/p>\n<p>Docente Titular Carrera Administraci\u00f3n de Salud (U.N.L. Universidad Nacional del Litoral)<\/p>\n<p>Escritor, ensayista.<\/p>\n<p>\u00a0<\/p>\n<p><strong>Fundamentos<\/strong><\/p>\n<p>Hace casi 100 a\u00f1os Freud escribi\u00f3 uno de sus libros mas importantes en relaci\u00f3n a la sociedad y su efecto sobre el sujeto: El Malestar en la Cultura.<\/p>\n<p>El maestro Austriaco refiere que necesitamos hacer un esfuerzo importante para vivir en sociedad. La convivencia nos exige un esfuerzo permanente de sublimaci\u00f3n de una serie de instintos esenciales como la violencia, la agresividad, y la desconfianza para mantener cohesionada la sociedad.<\/p>\n<p>La tensi\u00f3n y el malestar que supone la represi\u00f3n de estos impulsos oscuros genera malestar en los sujetos, que se pueden manifestar en s\u00edntomas de diferentes tipos, ansiedad, neurosis, enfermedades en general o reacciones masivas como la guerra o la destrucci\u00f3n mutua.<\/p>\n<p>Proponemos en este encuentro abordar la visi\u00f3n de lo que llamamos la cultura del Mal-Estar en relaci\u00f3n a una posici\u00f3n subjetiva donde habitar la cultura actual tiene relaci\u00f3n con una posici\u00f3n individualista, sin redes colectivas y solidarias que faciliten la difusi\u00f3n y la elaboraci\u00f3n de aquel malestar del que hablaba Freud.<\/p>\n<p>Pensar cu\u00e1les son sus s\u00edntomas, cuales sus consecuencias y cuales sus posibles v\u00edas de alivio.<\/p>\n<p>\u00a0<\/p>\n<p><strong>Modalidad<\/strong><\/p>\n<p>Ser\u00e1 a trav\u00e9s de la plataforma Zoom de nuestra instituci\u00f3n.<\/p>\n<p>Acceso libre con inscripci\u00f3n previa en la web.<\/p>\n<p>\u00a0<\/p>\n","protected":false},"excerpt":{"rendered":"<p>NUEVA FECHA: El jueves 23 de mayo el Colegio de M\u00e9dicos de Santa Fe organiza un encuentro webinario sobre \u201cEl Malestar en la cultura\/ La cultura del Mal-estar\u201d. La disertaci\u00f3n estar\u00e1 a cargo del Dr. Pablo R\u00edos. Ser\u00e1 a trav\u00e9s de la plataforma Zoom de nuestra instituci\u00f3n. Acceso libre con inscripci\u00f3n previa en la web. [&hellip;]<\/p>\n","protected":false},"author":1,"featured_media":3945,"comment_status":"open","ping_status":"open","sticky":true,"template":"","format":"standard","meta":{"_uag_custom_page_level_css":"","_jetpack_memberships_contains_paid_content":false,"footnotes":""},"categories":[30],"tags":[],"class_list":["post-3946","post","type-post","status-publish","format-standard","has-post-thumbnail","hentry","category-cursos"],"jetpack_sharing_enabled":true,"jetpack_featured_media_url":"https:\/\/colmedicosantafe1.org.ar\/wp-content\/uploads\/2024\/04\/Pablo-Ros.jpg","uagb_featured_image_src":{"full":["https:\/\/colmedicosantafe1.org.ar\/wp-content\/uploads\/2024\/04\/Pablo-Ros.jpg",1600,1007,false],"thumbnail":["https:\/\/colmedicosantafe1.org.ar\/wp-content\/uploads\/2024\/04\/Pablo-Ros-150x150.jpg",150,150,true],"medium":["https:\/\/colmedicosantafe1.org.ar\/wp-content\/uploads\/2024\/04\/Pablo-Ros-300x189.jpg",300,189,true],"medium_large":["https:\/\/colmedicosantafe1.org.ar\/wp-content\/uploads\/2024\/04\/Pablo-Ros-768x483.jpg",768,483,true],"large":["https:\/\/colmedicosantafe1.org.ar\/wp-content\/uploads\/2024\/04\/Pablo-Ros-1024x644.jpg",1024,644,true],"1536x1536":["https:\/\/colmedicosantafe1.org.ar\/wp-content\/uploads\/2024\/04\/Pablo-Ros-1536x967.jpg",1536,967,true],"2048x2048":["https:\/\/colmedicosantafe1.org.ar\/wp-content\/uploads\/2024\/04\/Pablo-Ros.jpg",1600,1007,false]},"uagb_author_info":{"display_name":"admin","author_link":"https:\/\/colmedicosantafe1.org.ar\/?author=1"},"uagb_comment_info":0,"uagb_excerpt":"NUEVA FECHA: El jueves 23 de mayo el Colegio de M\u00e9dicos de Santa Fe organiza un encuentro webinario sobre \u201cEl Malestar en la cultura\/ La cultura del Mal-estar\u201d. La disertaci\u00f3n estar\u00e1 a cargo del Dr. Pablo R\u00edos. Ser\u00e1 a trav\u00e9s de la plataforma Zoom de nuestra instituci\u00f3n. Acceso libre con inscripci\u00f3n previa en la web.&hellip;","_links":{"self":[{"href":"https:\/\/colmedicosantafe1.org.ar\/index.php?rest_route=\/wp\/v2\/posts\/3946","targetHints":{"allow":["GET"]}}],"collection":[{"href":"https:\/\/colmedicosantafe1.org.ar\/index.php?rest_route=\/wp\/v2\/posts"}],"about":[{"href":"https:\/\/colmedicosantafe1.org.ar\/index.php?rest_route=\/wp\/v2\/types\/post"}],"author":[{"embeddable":true,"href":"https:\/\/colmedicosantafe1.org.ar\/index.php?rest_route=\/wp\/v2\/users\/1"}],"replies":[{"embeddable":true,"href":"https:\/\/colmedicosantafe1.org.ar\/index.php?rest_route=%2Fwp%2Fv2%2Fcomments&post=3946"}],"version-history":[{"count":0,"href":"https:\/\/colmedicosantafe1.org.ar\/index.php?rest_route=\/wp\/v2\/posts\/3946\/revisions"}],"wp:featuredmedia":[{"embeddable":true,"href":"https:\/\/colmedicosantafe1.org.ar\/index.php?rest_route=\/wp\/v2\/media\/3945"}],"wp:attachment":[{"href":"https:\/\/colmedicosantafe1.org.ar\/index.php?rest_route=%2Fwp%2Fv2%2Fmedia&parent=3946"}],"wp:term":[{"taxonomy":"category","embeddable":true,"href":"https:\/\/colmedicosantafe1.org.ar\/index.php?rest_route=%2Fwp%2Fv2%2Fcategories&post=3946"},{"taxonomy":"post_tag","embeddable":true,"href":"https:\/\/colmedicosantafe1.org.ar\/index.php?rest_route=%2Fwp%2Fv2%2Ftags&post=3946"}],"curies":[{"name":"wp","href":"https:\/\/api.w.org\/{rel}","templated":true}]}}