{"id":3935,"date":"2024-04-10T10:05:50","date_gmt":"2024-04-10T13:05:50","guid":{"rendered":"https:\/\/cmsf.org.ar\/sitio\/?p=3935"},"modified":"2024-04-10T10:05:50","modified_gmt":"2024-04-10T13:05:50","slug":"webinario-escribir-y-publicar-articulos-cientificos-en-ciencias-de-la-salud-19-y-26-de-abril","status":"publish","type":"post","link":"https:\/\/colmedicosantafe1.org.ar\/?p=3935","title":{"rendered":"Webinario: Escribir y publicar art\u00edculos cient\u00edficos en Ciencias de la Salud \u2013 19 y 26 de abril"},"content":{"rendered":"<p><img decoding=\"async\" class=\"pull-left size-full wp-image-3934\" style=\"margin: 5px;\" src=\"https:\/\/colmedicosantafe1.org.ar\/wp-content\/uploads\/2024\/04\/Escribir-articulo-academico.jpeg\" width=\"200\" srcset=\"https:\/\/colmedicosantafe1.org.ar\/wp-content\/uploads\/2024\/04\/Escribir-articulo-academico.jpeg 900w, https:\/\/colmedicosantafe1.org.ar\/wp-content\/uploads\/2024\/04\/Escribir-articulo-academico-300x200.jpeg 300w, https:\/\/colmedicosantafe1.org.ar\/wp-content\/uploads\/2024\/04\/Escribir-articulo-academico-768x512.jpeg 768w\" sizes=\"(max-width: 900px) 100vw, 900px\" \/>Los d\u00edas 19 y 26 de abril el Colegio de M\u00e9dicos de Santa Fe organiza un encuentro webinario sobre \u201cEscribir y publicar art\u00edculos cient\u00edficos en Ciencias de la Salud\u201d. La disertaci\u00f3n estar\u00e1 a cargo de Anabel Orellano. Ser\u00e1 a trav\u00e9s de la plataforma Zoom de nuestra instituci\u00f3n. Acceso libre con inscripci\u00f3n previa en la web. <strong><a href=\"https:\/\/us06web.zoom.us\/webinar\/register\/WN_yLlHzXFERIy_g8C1AL0-7Q\" target=\"_blank\" rel=\"noopener noreferrer\">Formulario de inscripci\u00f3n \u00fanico<\/a>.<\/strong><\/p>\n<p><!--more--><\/p>\n<p>\u00a0<\/p>\n<p>\u00a0<\/p>\n<p>Los viernes 19 y 26 de abril, a las 20 horas, el Colegio de M\u00e9dicos de Santa Fe organiza un encuentro webinario sobre \u201cEscribir y publicar art\u00edculos cient\u00edficos en Ciencias de la Salud\u201d.<\/p>\n<p>La disertaci\u00f3n estar\u00e1 a cargo de Anabel Orellano.<\/p>\n<p>Ser\u00e1 a trav\u00e9s de la plataforma Zoom de nuestra instituci\u00f3n.<\/p>\n<p>Acceso libre con inscripci\u00f3n previa en la web.<\/p>\n<p>\u00a0<\/p>\n<p><strong><a href=\"https:\/\/us06web.zoom.us\/webinar\/register\/WN_yLlHzXFERIy_g8C1AL0-7Q\" target=\"_blank\" rel=\"noopener noreferrer\">Inscripci\u00f3n previa \u00fanica<\/a>.<\/strong><\/p>\n<p>\u00a0<\/p>\n<p><strong>Sobre el disertante<\/strong><\/p>\n<p>Anabel Orellano es Doctora en Historia, Cultura y Pensamiento. Departamento de Geolog\u00eda, Geograf\u00eda y Medio Ambiente. Catedra de \u00c9tica Ambiental. Universidad de Alcal\u00e1. Madrid, Espa\u00f1a.<\/p>\n<p>Mag\u00edster en Biodiversidad, Paisajes y Gesti\u00f3n Sostenible. Facultad de Ciencias. Universidad de Navarra. Pamplona, Espa\u00f1a.<\/p>\n<p>Ingeniera Ambiental. Facultad de Ingenier\u00eda y Ciencias H\u00eddricas. Universidad Nacional del Litoral. Santa Fe, Argentina.<\/p>\n<p>Profesora titular. Planificaci\u00f3n de Proyecto. Facultad de Ciencias Agropecuarias, Universidad Cat\u00f3lica de Santa Fe.<\/p>\n<p>Profesora titular. Trabajo Final Integrador. Facultad de Ciencias de la Salud, Universidad Cat\u00f3lica de Santa Fe.<\/p>\n<p>Profesora reemplazante. Metodolog\u00eda de la investigaci\u00f3n. Facultad de Ciencias de la Salud, Universidad Cat\u00f3lica de Santa Fe. Desde 05\/2022 a 10\/2022.<\/p>\n<p>\u00a0<\/p>\n","protected":false},"excerpt":{"rendered":"<p>Los d\u00edas 19 y 26 de abril el Colegio de M\u00e9dicos de Santa Fe organiza un encuentro webinario sobre \u201cEscribir y publicar art\u00edculos cient\u00edficos en Ciencias de la Salud\u201d. La disertaci\u00f3n estar\u00e1 a cargo de Anabel Orellano. Ser\u00e1 a trav\u00e9s de la plataforma Zoom de nuestra instituci\u00f3n. Acceso libre con inscripci\u00f3n previa en la web. [&hellip;]<\/p>\n","protected":false},"author":1,"featured_media":3934,"comment_status":"open","ping_status":"open","sticky":true,"template":"","format":"standard","meta":{"_uag_custom_page_level_css":"","_jetpack_memberships_contains_paid_content":false,"footnotes":""},"categories":[30],"tags":[],"class_list":["post-3935","post","type-post","status-publish","format-standard","has-post-thumbnail","hentry","category-cursos"],"jetpack_sharing_enabled":true,"jetpack_featured_media_url":"https:\/\/colmedicosantafe1.org.ar\/wp-content\/uploads\/2024\/04\/Escribir-articulo-academico.jpeg","uagb_featured_image_src":{"full":["https:\/\/colmedicosantafe1.org.ar\/wp-content\/uploads\/2024\/04\/Escribir-articulo-academico.jpeg",900,600,false],"thumbnail":["https:\/\/colmedicosantafe1.org.ar\/wp-content\/uploads\/2024\/04\/Escribir-articulo-academico-150x150.jpeg",150,150,true],"medium":["https:\/\/colmedicosantafe1.org.ar\/wp-content\/uploads\/2024\/04\/Escribir-articulo-academico-300x200.jpeg",300,200,true],"medium_large":["https:\/\/colmedicosantafe1.org.ar\/wp-content\/uploads\/2024\/04\/Escribir-articulo-academico-768x512.jpeg",768,512,true],"large":["https:\/\/colmedicosantafe1.org.ar\/wp-content\/uploads\/2024\/04\/Escribir-articulo-academico.jpeg",900,600,false],"1536x1536":["https:\/\/colmedicosantafe1.org.ar\/wp-content\/uploads\/2024\/04\/Escribir-articulo-academico.jpeg",900,600,false],"2048x2048":["https:\/\/colmedicosantafe1.org.ar\/wp-content\/uploads\/2024\/04\/Escribir-articulo-academico.jpeg",900,600,false]},"uagb_author_info":{"display_name":"admin","author_link":"https:\/\/colmedicosantafe1.org.ar\/?author=1"},"uagb_comment_info":0,"uagb_excerpt":"Los d\u00edas 19 y 26 de abril el Colegio de M\u00e9dicos de Santa Fe organiza un encuentro webinario sobre \u201cEscribir y publicar art\u00edculos cient\u00edficos en Ciencias de la Salud\u201d. La disertaci\u00f3n estar\u00e1 a cargo de Anabel Orellano. Ser\u00e1 a trav\u00e9s de la plataforma Zoom de nuestra instituci\u00f3n. Acceso libre con inscripci\u00f3n previa en la web.&hellip;","_links":{"self":[{"href":"https:\/\/colmedicosantafe1.org.ar\/index.php?rest_route=\/wp\/v2\/posts\/3935","targetHints":{"allow":["GET"]}}],"collection":[{"href":"https:\/\/colmedicosantafe1.org.ar\/index.php?rest_route=\/wp\/v2\/posts"}],"about":[{"href":"https:\/\/colmedicosantafe1.org.ar\/index.php?rest_route=\/wp\/v2\/types\/post"}],"author":[{"embeddable":true,"href":"https:\/\/colmedicosantafe1.org.ar\/index.php?rest_route=\/wp\/v2\/users\/1"}],"replies":[{"embeddable":true,"href":"https:\/\/colmedicosantafe1.org.ar\/index.php?rest_route=%2Fwp%2Fv2%2Fcomments&post=3935"}],"version-history":[{"count":0,"href":"https:\/\/colmedicosantafe1.org.ar\/index.php?rest_route=\/wp\/v2\/posts\/3935\/revisions"}],"wp:featuredmedia":[{"embeddable":true,"href":"https:\/\/colmedicosantafe1.org.ar\/index.php?rest_route=\/wp\/v2\/media\/3934"}],"wp:attachment":[{"href":"https:\/\/colmedicosantafe1.org.ar\/index.php?rest_route=%2Fwp%2Fv2%2Fmedia&parent=3935"}],"wp:term":[{"taxonomy":"category","embeddable":true,"href":"https:\/\/colmedicosantafe1.org.ar\/index.php?rest_route=%2Fwp%2Fv2%2Fcategories&post=3935"},{"taxonomy":"post_tag","embeddable":true,"href":"https:\/\/colmedicosantafe1.org.ar\/index.php?rest_route=%2Fwp%2Fv2%2Ftags&post=3935"}],"curies":[{"name":"wp","href":"https:\/\/api.w.org\/{rel}","templated":true}]}}