{"id":3932,"date":"2024-04-04T19:07:14","date_gmt":"2024-04-04T22:07:14","guid":{"rendered":"https:\/\/cmsf.org.ar\/sitio\/?p=3932"},"modified":"2024-04-04T19:07:14","modified_gmt":"2024-04-04T22:07:14","slug":"curso-los-casos-del-dr-noslen-medicina-clinica-a-traves-de-los-casos-de-un-pediatra-general-24-de-abril","status":"publish","type":"post","link":"https:\/\/colmedicosantafe1.org.ar\/?p=3932","title":{"rendered":"Curso: Medicina cl\u00ednica a trav\u00e9s de los casos de un pediatra general: Los casos del Dr. Noslen. &#8211; 24 de abril"},"content":{"rendered":"<p><img decoding=\"async\" class=\"pull-left size-full wp-image-3408\" style=\"margin: 5px;\" src=\"https:\/\/colmedicosantafe1.org.ar\/wp-content\/uploads\/2020\/04\/Juan-carlos-Beltramino.jpg\" width=\"200\" srcset=\"https:\/\/colmedicosantafe1.org.ar\/wp-content\/uploads\/2020\/04\/Juan-carlos-Beltramino.jpg 751w, https:\/\/colmedicosantafe1.org.ar\/wp-content\/uploads\/2020\/04\/Juan-carlos-Beltramino-300x267.jpg 300w\" sizes=\"(max-width: 751px) 100vw, 751px\" \/>Se encuentra abierta la inscripci\u00f3n al &#8220;&#8221;Curso: Medicina cl\u00ednica a trav\u00e9s de los casos de un pediatra general: Los casos del Dr. Noslen&#8221;., con la presentaci\u00f3n del m\u00e9dico pediatra Juan Carlos Beltramino. Ser\u00e1 en modalidad a distancia a trav\u00e9s de la plataforma Zoom de nuestra instituci\u00f3n. Comenzar\u00e1 el 24 de abril y continuar\u00e1 los \u00faltimos d\u00edas mi\u00e9rcoles de mayo, junio, agosto, septiembre y octubre. Arancelado. <a href=\"https:\/\/forms.gle\/R5NtSfpLVGJx83fP7\" target=\"_blank\" rel=\"noopener noreferrer\">Inscripci\u00f3n previa<\/a>.<\/p>\n<p><!--more--><\/p>\n<p>\u00a0<\/p>\n<p>\u00a0<\/p>\n<p>\u00a0<\/p>\n<p>El mi\u00e9rcoles 24 de abril, a las 20 horas, comenzar\u00e1 el Curso: Medicina cl\u00ednica a trav\u00e9s de los casos de un pediatra general: Los casos del Dr. Noslen., con la presentaci\u00f3n del m\u00e9dico pediatra Juan Carlos Beltramino.<\/p>\n<p>Se abordar\u00e1n temas vinculados a enfermedades infecciosas, respiratorias, intestinales, renales, ortop\u00e9dicas, dermatol\u00f3gicas, t\u00f3xicas y otras. Y tips para el consultorio.<\/p>\n<p>El curso ser\u00e1 en modalidad a distancia a trav\u00e9s de la plataforma Zoom de nuestra instituci\u00f3n. Las clases ser\u00e1n los \u00faltimos d\u00edas mi\u00e9rcoles de abril, mayo, junio, agosto, septiembre y octubre.<\/p>\n<p>Arancelado.<\/p>\n<p>\u00a0<\/p>\n<p><strong>Informaci\u00f3n<\/strong><\/p>\n<p>Colegio M\u00e9dico de Santa Fe 1ra. Circunscripci\u00f3n:<\/p>\n<p>9 de Julio 2464 \u2013 3000 \u2013 Santa Fe.<\/p>\n<p>Tel\u00e9fono (0342) 4520176\/77\/82 interno 7<\/p>\n<p>Cel: +5493425289747<\/p>\n<p>Correo electr\u00f3nico: <a href=\"mailto:marianam@cmsf.org.ar\">marianam@cmsf.org.ar<\/a><\/p>\n<p>\u00a0<\/p>\n","protected":false},"excerpt":{"rendered":"<p>Se encuentra abierta la inscripci\u00f3n al &#8220;&#8221;Curso: Medicina cl\u00ednica a trav\u00e9s de los casos de un pediatra general: Los casos del Dr. Noslen&#8221;., con la presentaci\u00f3n del m\u00e9dico pediatra Juan Carlos Beltramino. Ser\u00e1 en modalidad a distancia a trav\u00e9s de la plataforma Zoom de nuestra instituci\u00f3n. Comenzar\u00e1 el 24 de abril y continuar\u00e1 los \u00faltimos [&hellip;]<\/p>\n","protected":false},"author":1,"featured_media":3408,"comment_status":"open","ping_status":"open","sticky":true,"template":"","format":"standard","meta":{"_uag_custom_page_level_css":"","_jetpack_memberships_contains_paid_content":false,"footnotes":""},"categories":[30],"tags":[],"class_list":["post-3932","post","type-post","status-publish","format-standard","has-post-thumbnail","hentry","category-cursos"],"jetpack_sharing_enabled":true,"jetpack_featured_media_url":"https:\/\/colmedicosantafe1.org.ar\/wp-content\/uploads\/2020\/04\/Juan-carlos-Beltramino.jpg","uagb_featured_image_src":{"full":["https:\/\/colmedicosantafe1.org.ar\/wp-content\/uploads\/2020\/04\/Juan-carlos-Beltramino.jpg",751,669,false],"thumbnail":["https:\/\/colmedicosantafe1.org.ar\/wp-content\/uploads\/2020\/04\/Juan-carlos-Beltramino-150x150.jpg",150,150,true],"medium":["https:\/\/colmedicosantafe1.org.ar\/wp-content\/uploads\/2020\/04\/Juan-carlos-Beltramino-300x267.jpg",300,267,true],"medium_large":["https:\/\/colmedicosantafe1.org.ar\/wp-content\/uploads\/2020\/04\/Juan-carlos-Beltramino.jpg",751,669,false],"large":["https:\/\/colmedicosantafe1.org.ar\/wp-content\/uploads\/2020\/04\/Juan-carlos-Beltramino.jpg",751,669,false],"1536x1536":["https:\/\/colmedicosantafe1.org.ar\/wp-content\/uploads\/2020\/04\/Juan-carlos-Beltramino.jpg",751,669,false],"2048x2048":["https:\/\/colmedicosantafe1.org.ar\/wp-content\/uploads\/2020\/04\/Juan-carlos-Beltramino.jpg",751,669,false]},"uagb_author_info":{"display_name":"admin","author_link":"https:\/\/colmedicosantafe1.org.ar\/?author=1"},"uagb_comment_info":0,"uagb_excerpt":"Se encuentra abierta la inscripci\u00f3n al &#8220;&#8221;Curso: Medicina cl\u00ednica a trav\u00e9s de los casos de un pediatra general: Los casos del Dr. Noslen&#8221;., con la presentaci\u00f3n del m\u00e9dico pediatra Juan Carlos Beltramino. Ser\u00e1 en modalidad a distancia a trav\u00e9s de la plataforma Zoom de nuestra instituci\u00f3n. Comenzar\u00e1 el 24 de abril y continuar\u00e1 los \u00faltimos&hellip;","_links":{"self":[{"href":"https:\/\/colmedicosantafe1.org.ar\/index.php?rest_route=\/wp\/v2\/posts\/3932","targetHints":{"allow":["GET"]}}],"collection":[{"href":"https:\/\/colmedicosantafe1.org.ar\/index.php?rest_route=\/wp\/v2\/posts"}],"about":[{"href":"https:\/\/colmedicosantafe1.org.ar\/index.php?rest_route=\/wp\/v2\/types\/post"}],"author":[{"embeddable":true,"href":"https:\/\/colmedicosantafe1.org.ar\/index.php?rest_route=\/wp\/v2\/users\/1"}],"replies":[{"embeddable":true,"href":"https:\/\/colmedicosantafe1.org.ar\/index.php?rest_route=%2Fwp%2Fv2%2Fcomments&post=3932"}],"version-history":[{"count":0,"href":"https:\/\/colmedicosantafe1.org.ar\/index.php?rest_route=\/wp\/v2\/posts\/3932\/revisions"}],"wp:featuredmedia":[{"embeddable":true,"href":"https:\/\/colmedicosantafe1.org.ar\/index.php?rest_route=\/wp\/v2\/media\/3408"}],"wp:attachment":[{"href":"https:\/\/colmedicosantafe1.org.ar\/index.php?rest_route=%2Fwp%2Fv2%2Fmedia&parent=3932"}],"wp:term":[{"taxonomy":"category","embeddable":true,"href":"https:\/\/colmedicosantafe1.org.ar\/index.php?rest_route=%2Fwp%2Fv2%2Fcategories&post=3932"},{"taxonomy":"post_tag","embeddable":true,"href":"https:\/\/colmedicosantafe1.org.ar\/index.php?rest_route=%2Fwp%2Fv2%2Ftags&post=3932"}],"curies":[{"name":"wp","href":"https:\/\/api.w.org\/{rel}","templated":true}]}}